{"id":23356,"date":"2024-06-05T16:27:30","date_gmt":"2024-06-05T14:27:30","guid":{"rendered":"https:\/\/agora.xtec.cat\/ceip-lesferreries-palafolls\/?p=23356"},"modified":"2025-02-19T13:08:29","modified_gmt":"2025-02-19T12:08:29","slug":"els-tresors-de-palafolls","status":"publish","type":"post","link":"https:\/\/agora.xtec.cat\/ceip-lesferreries-palafolls\/general\/els-tresors-de-palafolls\/","title":{"rendered":"Els tresors de Palafolls"},"content":{"rendered":"<p>Hola, fam\u00edlies!<\/p>\n<p>Ahir es va fer l&#8217;acte que posava fi al projecte intercicle (I5A &#8211; 2n) anomenat <strong>Els tresors de Palafolls<\/strong>, dut a terme al llarg del 2n i 3r trimestre d&#8217;aquest curs 2023-2024.<\/p>\n<p>Ben segur que v\u00e0reu quedar meravellats de tota la bonica feina que han fet els vostres infants. Nosaltres, les seves tutores, nom\u00e9s tenim paraules d&#8217;admiraci\u00f3 i agra\u00efment cap a ells.<\/p>\n<p>En aquest article volem compartir amb vosaltres imatges i v\u00eddeos que ens recorden tots aquests mesos de treball i aprenentatge conjunt.<\/p>\n<p>Ara \u00e9s el moment que els vostres petits tresors de casa us expliquin cadascuna de les fotografies i v\u00eddeos que us presentem amb la mateixa il\u00b7lusi\u00f3 que ho han viscut.<\/p>\n<p>Una forta abra\u00e7ada,<\/p>\n<p>Sandra, M\u00edriam i Raquel<\/p>\n<p><a href=\"https:\/\/photos.app.goo.gl\/mYtz1BsZgPqW1Pjp6\">Imatges del treball fet al projecte<\/a><\/p>\n<p><a href=\"https:\/\/drive.google.com\/file\/d\/1w26fcQriQ-yQ88n5ys48vwFvRpYY7OrK\/view?usp=drive_link\">V\u00eddeo resum del projecte<\/a><\/p>\n<p><a href=\"https:\/\/drive.google.com\/file\/d\/1zafivTL3h6I17Y_pooGrA6zrause2KoO\/view?usp=drive_link\">V\u00eddeo &#8220;Selfie&#8221; dels monuments<\/a><\/p>\n<p><a href=\"https:\/\/drive.google.com\/file\/d\/1YHNHERXSdwu_nqewlR5_8B4SpRsDsFSW\/view?usp=drive_link\">Rap &#8220;musical&#8221;<\/a><\/p>\n<p><a href=\"https:\/\/drive.google.com\/file\/d\/1eNpv1MSCMwLQT49mVZc1B0KnuQX3IVIt\/view?usp=drive_link\">Rap &#8220;Els tresors de Palafolls&#8221;<\/a><\/p>\n","protected":false},"excerpt":{"rendered":"<p>Hola, fam\u00edlies! Ahir es va fer l&#8217;acte que posava fi al projecte intercicle (I5A &#8211; 2n) anomenat Els tresors de Palafolls, dut a terme al llarg del 2n i 3r trimestre d&#8217;aquest curs 2023-2024. Ben segur que v\u00e0reu quedar meravellats de tota la bonica feina que han fet els vostres infants. Nosaltres, les seves tutores, [&hellip;]<\/p>\n","protected":false},"author":83,"featured_media":23358,"comment_status":"open","ping_status":"closed","sticky":false,"template":"","format":"standard","meta":{"_bbp_topic_count":0,"_bbp_reply_count":0,"_bbp_total_topic_count":0,"_bbp_total_reply_count":0,"_bbp_voice_count":0,"_bbp_anonymous_reply_count":0,"_bbp_topic_count_hidden":0,"_bbp_reply_count_hidden":0,"_bbp_forum_subforum_count":0,"site-sidebar-layout":"default","site-content-layout":"","ast-site-content-layout":"","site-content-style":"default","site-sidebar-style":"default","ast-global-header-display":"","ast-banner-title-visibility":"","ast-main-header-display":"","ast-hfb-above-header-display":"","ast-hfb-below-header-display":"","ast-hfb-mobile-header-display":"","site-post-title":"","ast-breadcrumbs-content":"","ast-featured-img":"","footer-sml-layout":"","theme-transparent-header-meta":"","adv-header-id-meta":"","stick-header-meta":"","header-above-stick-meta":"","header-main-stick-meta":"","header-below-stick-meta":"","astra-migrate-meta-layouts":"default","ast-page-background-enabled":"default","ast-page-background-meta":{"desktop":{"background-color":"var(--ast-global-color-4)","background-image":"","background-repeat":"repeat","background-position":"center center","background-size":"auto","background-attachment":"scroll","background-type":"","background-media":"","overlay-type":"","overlay-color":"","overlay-opacity":"","overlay-gradient":""},"tablet":{"background-color":"","background-image":"","background-repeat":"repeat","background-position":"center center","background-size":"auto","background-attachment":"scroll","background-type":"","background-media":"","overlay-type":"","overlay-color":"","overlay-opacity":"","overlay-gradient":""},"mobile":{"background-color":"","background-image":"","background-repeat":"repeat","background-position":"center center","background-size":"auto","background-attachment":"scroll","background-type":"","background-media":"","overlay-type":"","overlay-color":"","overlay-opacity":"","overlay-gradient":""}},"ast-content-background-meta":{"desktop":{"background-color":"var(--ast-global-color-5)","background-image":"","background-repeat":"repeat","background-position":"center center","background-size":"auto","background-attachment":"scroll","background-type":"","background-media":"","overlay-type":"","overlay-color":"","overlay-opacity":"","overlay-gradient":""},"tablet":{"background-color":"var(--ast-global-color-5)","background-image":"","background-repeat":"repeat","background-position":"center center","background-size":"auto","background-attachment":"scroll","background-type":"","background-media":"","overlay-type":"","overlay-color":"","overlay-opacity":"","overlay-gradient":""},"mobile":{"background-color":"var(--ast-global-color-5)","background-image":"","background-repeat":"repeat","background-position":"center center","background-size":"auto","background-attachment":"scroll","background-type":"","background-media":"","overlay-type":"","overlay-color":"","overlay-opacity":"","overlay-gradient":""}},"footnotes":""},"categories":[830,668,669,33,36,1,4,1069],"tags":[],"class_list":["post-23356","post","type-post","status-publish","format-standard","has-post-thumbnail","hentry","category-2021-2030-grup-a","category-2019-2028-grup-a","category-2019-2028-grup-b","category-educacio-infantil","category-galeria","category-general","category-portada","category-projectes-intercicles"],"post_mailing_queue_ids":[],"_links":{"self":[{"href":"https:\/\/agora.xtec.cat\/ceip-lesferreries-palafolls\/wp-json\/wp\/v2\/posts\/23356","targetHints":{"allow":["GET"]}}],"collection":[{"href":"https:\/\/agora.xtec.cat\/ceip-lesferreries-palafolls\/wp-json\/wp\/v2\/posts"}],"about":[{"href":"https:\/\/agora.xtec.cat\/ceip-lesferreries-palafolls\/wp-json\/wp\/v2\/types\/post"}],"author":[{"embeddable":true,"href":"https:\/\/agora.xtec.cat\/ceip-lesferreries-palafolls\/wp-json\/wp\/v2\/users\/83"}],"replies":[{"embeddable":true,"href":"https:\/\/agora.xtec.cat\/ceip-lesferreries-palafolls\/wp-json\/wp\/v2\/comments?post=23356"}],"version-history":[{"count":3,"href":"https:\/\/agora.xtec.cat\/ceip-lesferreries-palafolls\/wp-json\/wp\/v2\/posts\/23356\/revisions"}],"predecessor-version":[{"id":23360,"href":"https:\/\/agora.xtec.cat\/ceip-lesferreries-palafolls\/wp-json\/wp\/v2\/posts\/23356\/revisions\/23360"}],"wp:featuredmedia":[{"embeddable":true,"href":"https:\/\/agora.xtec.cat\/ceip-lesferreries-palafolls\/wp-json\/wp\/v2\/media\/23358"}],"wp:attachment":[{"href":"https:\/\/agora.xtec.cat\/ceip-lesferreries-palafolls\/wp-json\/wp\/v2\/media?parent=23356"}],"wp:term":[{"taxonomy":"category","embeddable":true,"href":"https:\/\/agora.xtec.cat\/ceip-lesferreries-palafolls\/wp-json\/wp\/v2\/categories?post=23356"},{"taxonomy":"post_tag","embeddable":true,"href":"https:\/\/agora.xtec.cat\/ceip-lesferreries-palafolls\/wp-json\/wp\/v2\/tags?post=23356"}],"curies":[{"name":"wp","href":"https:\/\/api.w.org\/{rel}","templated":true}]}}