{"id":23264,"date":"2024-05-06T20:51:11","date_gmt":"2024-05-06T18:51:11","guid":{"rendered":"https:\/\/agora.xtec.cat\/ceip-lesferreries-palafolls\/?p=23264"},"modified":"2024-05-06T21:42:15","modified_gmt":"2024-05-06T19:42:15","slug":"sant-jordi-a-les-escoles-2024","status":"publish","type":"post","link":"https:\/\/agora.xtec.cat\/ceip-lesferreries-palafolls\/general\/sant-jordi-a-les-escoles-2024\/","title":{"rendered":"Sant Jordi a les escoles &#8211; 2024"},"content":{"rendered":"<p>Durant la Setmana de Sant Jordi, a R\u00e0dio Palafolls es van emetre fragments radiof\u00f2nics de l&#8217;alumnat de la nostra escola, de Mas Prats i de l&#8217;Institut.<\/p>\n<p>Aquesta \u00e9s una iniciativa fruit de la col\u00b7laboraci\u00f3 entre R\u00e0dio Palafolls, l&#8217;\u00e0rea de comunicaci\u00f3 de l&#8217;Ajuntament de Palafolls i els centres educatiu del nostre poble.<\/p>\n<p>A continuaci\u00f3 podreu escoltar els nostres nens i nenes que us expliquen els seus projectes intercicles:<\/p>\n<p><strong>I3 &#8211; 4tC: Els 3 porquets:<\/strong><\/p>\n<!--[if lt IE 9]><script>document.createElement('audio');<\/script><![endif]-->\n<audio class=\"wp-audio-shortcode\" id=\"audio-23264-1\" preload=\"none\" style=\"width: 100%;\" controls=\"controls\"><source type=\"audio\/mpeg\" src=\"https:\/\/agora.xtec.cat\/ceip-lesferreries-palafolls\/wp-content\/uploads\/usu670\/2024\/05\/I3-i-4tC-Els-3-porquets.mp3?_=1\" \/><a href=\"https:\/\/agora.xtec.cat\/ceip-lesferreries-palafolls\/wp-content\/uploads\/usu670\/2024\/05\/I3-i-4tC-Els-3-porquets.mp3\">https:\/\/agora.xtec.cat\/ceip-lesferreries-palafolls\/wp-content\/uploads\/usu670\/2024\/05\/I3-i-4tC-Els-3-porquets.mp3<\/a><\/audio>\n<p><strong>I4 &#8211; 6\u00e8B: El m\u00f3n m\u00e0gic de Dal\u00ed:<\/strong><\/p>\n<audio class=\"wp-audio-shortcode\" id=\"audio-23264-2\" preload=\"none\" style=\"width: 100%;\" controls=\"controls\"><source type=\"audio\/mpeg\" src=\"https:\/\/agora.xtec.cat\/ceip-lesferreries-palafolls\/wp-content\/uploads\/usu670\/2024\/05\/I4-i-6eB-El-mon-magic-de-Dali.mp3?_=2\" \/><a href=\"https:\/\/agora.xtec.cat\/ceip-lesferreries-palafolls\/wp-content\/uploads\/usu670\/2024\/05\/I4-i-6eB-El-mon-magic-de-Dali.mp3\">https:\/\/agora.xtec.cat\/ceip-lesferreries-palafolls\/wp-content\/uploads\/usu670\/2024\/05\/I4-i-6eB-El-mon-magic-de-Dali.mp3<\/a><\/audio>\n<p><strong>I5A &#8211; 2n A i B: Els tresors de Palafolls:<\/strong><\/p>\n<audio class=\"wp-audio-shortcode\" id=\"audio-23264-3\" preload=\"none\" style=\"width: 100%;\" controls=\"controls\"><source type=\"audio\/mpeg\" src=\"https:\/\/agora.xtec.cat\/ceip-lesferreries-palafolls\/wp-content\/uploads\/usu670\/2024\/05\/I5A-i-2n-A-i-B-Els-tresors-de-Palafolls.mp3?_=3\" \/><a href=\"https:\/\/agora.xtec.cat\/ceip-lesferreries-palafolls\/wp-content\/uploads\/usu670\/2024\/05\/I5A-i-2n-A-i-B-Els-tresors-de-Palafolls.mp3\">https:\/\/agora.xtec.cat\/ceip-lesferreries-palafolls\/wp-content\/uploads\/usu670\/2024\/05\/I5A-i-2n-A-i-B-Els-tresors-de-Palafolls.mp3<\/a><\/audio>\n<p><strong>I5B &#8211; 3rB: Diversitat funcional:<\/strong><\/p>\n<audio class=\"wp-audio-shortcode\" id=\"audio-23264-4\" preload=\"none\" style=\"width: 100%;\" controls=\"controls\"><source type=\"audio\/mpeg\" src=\"https:\/\/agora.xtec.cat\/ceip-lesferreries-palafolls\/wp-content\/uploads\/usu670\/2024\/05\/I5B-i-3rB-Diversitat-funcional.mp3?_=4\" \/><a href=\"https:\/\/agora.xtec.cat\/ceip-lesferreries-palafolls\/wp-content\/uploads\/usu670\/2024\/05\/I5B-i-3rB-Diversitat-funcional.mp3\">https:\/\/agora.xtec.cat\/ceip-lesferreries-palafolls\/wp-content\/uploads\/usu670\/2024\/05\/I5B-i-3rB-Diversitat-funcional.mp3<\/a><\/audio>\n<p><strong>1rA &#8211; 4tC: Els mitjans de comunicaci\u00f3:<\/strong><\/p>\n<audio class=\"wp-audio-shortcode\" id=\"audio-23264-5\" preload=\"none\" style=\"width: 100%;\" controls=\"controls\"><source type=\"audio\/mpeg\" src=\"https:\/\/agora.xtec.cat\/ceip-lesferreries-palafolls\/wp-content\/uploads\/usu670\/2024\/05\/1rA-i-4tC-Els-mitjans-de-comunicacio.mp3?_=5\" \/><a href=\"https:\/\/agora.xtec.cat\/ceip-lesferreries-palafolls\/wp-content\/uploads\/usu670\/2024\/05\/1rA-i-4tC-Els-mitjans-de-comunicacio.mp3\">https:\/\/agora.xtec.cat\/ceip-lesferreries-palafolls\/wp-content\/uploads\/usu670\/2024\/05\/1rA-i-4tC-Els-mitjans-de-comunicacio.mp3<\/a><\/audio>\n<p><strong>1rB &#8211; 5\u00e8B: Jocs de taula:<\/strong><\/p>\n<audio class=\"wp-audio-shortcode\" id=\"audio-23264-6\" preload=\"none\" style=\"width: 100%;\" controls=\"controls\"><source type=\"audio\/mpeg\" src=\"https:\/\/agora.xtec.cat\/ceip-lesferreries-palafolls\/wp-content\/uploads\/usu670\/2024\/05\/1rB-i-5eB-Jocs-de-taula.mp3?_=6\" \/><a href=\"https:\/\/agora.xtec.cat\/ceip-lesferreries-palafolls\/wp-content\/uploads\/usu670\/2024\/05\/1rB-i-5eB-Jocs-de-taula.mp3\">https:\/\/agora.xtec.cat\/ceip-lesferreries-palafolls\/wp-content\/uploads\/usu670\/2024\/05\/1rB-i-5eB-Jocs-de-taula.mp3<\/a><\/audio>\n<p><strong>3rA &#8211; 6\u00e8A: Amics monstruosos:<\/strong><\/p>\n<audio class=\"wp-audio-shortcode\" id=\"audio-23264-7\" preload=\"none\" style=\"width: 100%;\" controls=\"controls\"><source type=\"audio\/mpeg\" src=\"https:\/\/agora.xtec.cat\/ceip-lesferreries-palafolls\/wp-content\/uploads\/usu670\/2024\/05\/3rA-i-6eA-Amics-Monstruosos.mp3?_=7\" \/><a href=\"https:\/\/agora.xtec.cat\/ceip-lesferreries-palafolls\/wp-content\/uploads\/usu670\/2024\/05\/3rA-i-6eA-Amics-Monstruosos.mp3\">https:\/\/agora.xtec.cat\/ceip-lesferreries-palafolls\/wp-content\/uploads\/usu670\/2024\/05\/3rA-i-6eA-Amics-Monstruosos.mp3<\/a><\/audio>\n<p><strong>4tA i 5\u00e8A: Amics Arbres, Arbres Amics:<\/strong><\/p>\n<audio class=\"wp-audio-shortcode\" id=\"audio-23264-8\" preload=\"none\" style=\"width: 100%;\" controls=\"controls\"><source type=\"audio\/mpeg\" src=\"https:\/\/agora.xtec.cat\/ceip-lesferreries-palafolls\/wp-content\/uploads\/usu670\/2024\/05\/4tA-i-5eA-Arbres-Amics-Amics-Arbres.mp3?_=8\" \/><a href=\"https:\/\/agora.xtec.cat\/ceip-lesferreries-palafolls\/wp-content\/uploads\/usu670\/2024\/05\/4tA-i-5eA-Arbres-Amics-Amics-Arbres.mp3\">https:\/\/agora.xtec.cat\/ceip-lesferreries-palafolls\/wp-content\/uploads\/usu670\/2024\/05\/4tA-i-5eA-Arbres-Amics-Amics-Arbres.mp3<\/a><\/audio>\n<p>&nbsp;<\/p>\n<p>O podeu trobar tots els p\u00f2dcasts a la web de R\u00e0dio Palafolls:\u00a0<a href=\"https:\/\/alacarta.radiopalafolls.cat\/programs\/sant-jordi-a-les-escoles-2024\" target=\"_blank\" rel=\"noopener\">Sant Jordi a les escoles<\/a><\/p>\n","protected":false},"excerpt":{"rendered":"<p>Durant la Setmana de Sant Jordi, a R\u00e0dio Palafolls es van emetre fragments radiof\u00f2nics de l&#8217;alumnat de la nostra escola, de Mas Prats i de l&#8217;Institut. Aquesta \u00e9s una iniciativa fruit de la col\u00b7laboraci\u00f3 entre R\u00e0dio Palafolls, l&#8217;\u00e0rea de comunicaci\u00f3 de l&#8217;Ajuntament de Palafolls i els centres educatiu del nostre poble. A continuaci\u00f3 podreu escoltar [&hellip;]<\/p>\n","protected":false},"author":65,"featured_media":23282,"comment_status":"open","ping_status":"closed","sticky":false,"template":"","format":"standard","meta":{"_bbp_topic_count":0,"_bbp_reply_count":0,"_bbp_total_topic_count":0,"_bbp_total_reply_count":0,"_bbp_voice_count":0,"_bbp_anonymous_reply_count":0,"_bbp_topic_count_hidden":0,"_bbp_reply_count_hidden":0,"_bbp_forum_subforum_count":0,"site-sidebar-layout":"default","site-content-layout":"","ast-site-content-layout":"","site-content-style":"default","site-sidebar-style":"default","ast-global-header-display":"","ast-banner-title-visibility":"","ast-main-header-display":"","ast-hfb-above-header-display":"","ast-hfb-below-header-display":"","ast-hfb-mobile-header-display":"","site-post-title":"","ast-breadcrumbs-content":"","ast-featured-img":"","footer-sml-layout":"","theme-transparent-header-meta":"","adv-header-id-meta":"","stick-header-meta":"","header-above-stick-meta":"","header-main-stick-meta":"","header-below-stick-meta":"","astra-migrate-meta-layouts":"default","ast-page-background-enabled":"default","ast-page-background-meta":{"desktop":{"background-color":"var(--ast-global-color-4)","background-image":"","background-repeat":"repeat","background-position":"center center","background-size":"auto","background-attachment":"scroll","background-type":"","background-media":"","overlay-type":"","overlay-color":"","overlay-opacity":"","overlay-gradient":""},"tablet":{"background-color":"","background-image":"","background-repeat":"repeat","background-position":"center center","background-size":"auto","background-attachment":"scroll","background-type":"","background-media":"","overlay-type":"","overlay-color":"","overlay-opacity":"","overlay-gradient":""},"mobile":{"background-color":"","background-image":"","background-repeat":"repeat","background-position":"center center","background-size":"auto","background-attachment":"scroll","background-type":"","background-media":"","overlay-type":"","overlay-color":"","overlay-opacity":"","overlay-gradient":""}},"ast-content-background-meta":{"desktop":{"background-color":"var(--ast-global-color-5)","background-image":"","background-repeat":"repeat","background-position":"center center","background-size":"auto","background-attachment":"scroll","background-type":"","background-media":"","overlay-type":"","overlay-color":"","overlay-opacity":"","overlay-gradient":""},"tablet":{"background-color":"var(--ast-global-color-5)","background-image":"","background-repeat":"repeat","background-position":"center center","background-size":"auto","background-attachment":"scroll","background-type":"","background-media":"","overlay-type":"","overlay-color":"","overlay-opacity":"","overlay-gradient":""},"mobile":{"background-color":"var(--ast-global-color-5)","background-image":"","background-repeat":"repeat","background-position":"center center","background-size":"auto","background-attachment":"scroll","background-type":"","background-media":"","overlay-type":"","overlay-color":"","overlay-opacity":"","overlay-gradient":""}},"footnotes":""},"categories":[956,830,831,782,783,668,669,571,572,502,503,504,34,1,1021,4],"tags":[1044,447,465],"class_list":["post-23264","post","type-post","status-publish","format-standard","has-post-thumbnail","hentry","category-2022-2031","category-2021-2030-grup-a","category-2021-2030-grup-b","category-gr20a","category-gr20b","category-2019-2028-grup-a","category-2019-2028-grup-b","category-18-27-a","category-16-27-b","category-gr01","category-gr02","category-gr03","category-festes-populars","category-general","category-2023-2032","category-portada","tag-projectes-intercicles","tag-radio","tag-sant-jordi"],"post_mailing_queue_ids":[],"_links":{"self":[{"href":"https:\/\/agora.xtec.cat\/ceip-lesferreries-palafolls\/wp-json\/wp\/v2\/posts\/23264","targetHints":{"allow":["GET"]}}],"collection":[{"href":"https:\/\/agora.xtec.cat\/ceip-lesferreries-palafolls\/wp-json\/wp\/v2\/posts"}],"about":[{"href":"https:\/\/agora.xtec.cat\/ceip-lesferreries-palafolls\/wp-json\/wp\/v2\/types\/post"}],"author":[{"embeddable":true,"href":"https:\/\/agora.xtec.cat\/ceip-lesferreries-palafolls\/wp-json\/wp\/v2\/users\/65"}],"replies":[{"embeddable":true,"href":"https:\/\/agora.xtec.cat\/ceip-lesferreries-palafolls\/wp-json\/wp\/v2\/comments?post=23264"}],"version-history":[{"count":3,"href":"https:\/\/agora.xtec.cat\/ceip-lesferreries-palafolls\/wp-json\/wp\/v2\/posts\/23264\/revisions"}],"predecessor-version":[{"id":23284,"href":"https:\/\/agora.xtec.cat\/ceip-lesferreries-palafolls\/wp-json\/wp\/v2\/posts\/23264\/revisions\/23284"}],"wp:featuredmedia":[{"embeddable":true,"href":"https:\/\/agora.xtec.cat\/ceip-lesferreries-palafolls\/wp-json\/wp\/v2\/media\/23282"}],"wp:attachment":[{"href":"https:\/\/agora.xtec.cat\/ceip-lesferreries-palafolls\/wp-json\/wp\/v2\/media?parent=23264"}],"wp:term":[{"taxonomy":"category","embeddable":true,"href":"https:\/\/agora.xtec.cat\/ceip-lesferreries-palafolls\/wp-json\/wp\/v2\/categories?post=23264"},{"taxonomy":"post_tag","embeddable":true,"href":"https:\/\/agora.xtec.cat\/ceip-lesferreries-palafolls\/wp-json\/wp\/v2\/tags?post=23264"}],"curies":[{"name":"wp","href":"https:\/\/api.w.org\/{rel}","templated":true}]}}