{"id":23211,"date":"2024-04-23T17:42:14","date_gmt":"2024-04-23T15:42:14","guid":{"rendered":"https:\/\/agora.xtec.cat\/ceip-lesferreries-palafolls\/?p=23211"},"modified":"2024-04-23T17:42:14","modified_gmt":"2024-04-23T15:42:14","slug":"sant-jordi-2024","status":"publish","type":"post","link":"https:\/\/agora.xtec.cat\/ceip-lesferreries-palafolls\/general\/sant-jordi-2024\/","title":{"rendered":"Sant Jordi 2024"},"content":{"rendered":"<p>Dilluns 22 d\u2019abril amb l\u2019obertura de l\u2019escola a les fam\u00edlies v\u00e0rem comen\u00e7ar els actes de celebraci\u00f3 del Sant Jordi d\u2019aquest any. Moltes gr\u00e0cies fam\u00edlies, per la vostra assist\u00e8ncia, quin goig que feia l\u2019escola amb vosaltres i el nostre alumnat voltant per l\u2019escola.<\/p>\n<p>La celebraci\u00f3 ha continuat avui dimarts 23 d\u2019abril amb la gimcana de l\u2019alumnat d\u2019infantil de Sant Jordi a c\u00e0rrec del centre l\u00fadic Tastaolletes:\u00a0<a href=\"https:\/\/photos.app.goo.gl\/qdNPBRUcy6B3Lrfz6\" target=\"_blank\" rel=\"noopener\">Gimcana Sant Jordi Ed. Infantil<\/a> mentre l\u2019alumnat d\u2019Educaci\u00f3 Prim\u00e0ria celebraven els Jocs Florals al Teatre de Palafolls:\u00a0<a href=\"https:\/\/photos.app.goo.gl\/v6aUr4vPVwk3DJ7B6\" target=\"_blank\" rel=\"noopener\">Jocs Florals 2024<\/a><\/p>\n<p>Despr\u00e9s del pati, que millor que grans i padrins comparteixin la lectura amb els apadrinaments lectors entre els grups dels projectes intercicles:\u00a0<a href=\"https:\/\/photos.app.goo.gl\/ecPXcP5wZFeXP7Dn8\" target=\"_blank\" rel=\"noopener\">Padrins lectors 24<\/a><\/p>\n<p><span style=\"font-family: inherit; font-size: 1em;\">Com a cloenda de la celebraci\u00f3 de Sant Jordi dem\u00e0 els nens i nenes de 3r faran una gimcana de Sant Jordi a c\u00e0rrec del centre l\u00fadic Tastaolletes, activitat subvencionada per l\u2019AFA de l\u2019escola:\u00a0<a href=\"https:\/\/photos.app.goo.gl\/3NWbEsb92REcYdpW8\" target=\"_blank\" rel=\"noopener\">3r Gimcana Sant Jordi<\/a><\/span><\/p>\n<p><span style=\"font-family: inherit; font-size: 1em;\">Moltes gr\u00e0cies!\u00a0<\/span><\/p>\n","protected":false},"excerpt":{"rendered":"<p>Dilluns 22 d\u2019abril amb l\u2019obertura de l\u2019escola a les fam\u00edlies v\u00e0rem comen\u00e7ar els actes de celebraci\u00f3 del Sant Jordi d\u2019aquest any. Moltes gr\u00e0cies fam\u00edlies, per la vostra assist\u00e8ncia, quin goig que feia l\u2019escola amb vosaltres i el nostre alumnat voltant per l\u2019escola. La celebraci\u00f3 ha continuat avui dimarts 23 d\u2019abril amb la gimcana de l\u2019alumnat [&hellip;]<\/p>\n","protected":false},"author":65,"featured_media":23212,"comment_status":"open","ping_status":"closed","sticky":false,"template":"","format":"standard","meta":{"_bbp_topic_count":0,"_bbp_reply_count":0,"_bbp_total_topic_count":0,"_bbp_total_reply_count":0,"_bbp_voice_count":0,"_bbp_anonymous_reply_count":0,"_bbp_topic_count_hidden":0,"_bbp_reply_count_hidden":0,"_bbp_forum_subforum_count":0,"site-sidebar-layout":"default","site-content-layout":"","ast-site-content-layout":"","site-content-style":"default","site-sidebar-style":"default","ast-global-header-display":"","ast-banner-title-visibility":"","ast-main-header-display":"","ast-hfb-above-header-display":"","ast-hfb-below-header-display":"","ast-hfb-mobile-header-display":"","site-post-title":"","ast-breadcrumbs-content":"","ast-featured-img":"","footer-sml-layout":"","theme-transparent-header-meta":"","adv-header-id-meta":"","stick-header-meta":"","header-above-stick-meta":"","header-main-stick-meta":"","header-below-stick-meta":"","astra-migrate-meta-layouts":"default","ast-page-background-enabled":"default","ast-page-background-meta":{"desktop":{"background-color":"var(--ast-global-color-4)","background-image":"","background-repeat":"repeat","background-position":"center center","background-size":"auto","background-attachment":"scroll","background-type":"","background-media":"","overlay-type":"","overlay-color":"","overlay-opacity":"","overlay-gradient":""},"tablet":{"background-color":"","background-image":"","background-repeat":"repeat","background-position":"center center","background-size":"auto","background-attachment":"scroll","background-type":"","background-media":"","overlay-type":"","overlay-color":"","overlay-opacity":"","overlay-gradient":""},"mobile":{"background-color":"","background-image":"","background-repeat":"repeat","background-position":"center center","background-size":"auto","background-attachment":"scroll","background-type":"","background-media":"","overlay-type":"","overlay-color":"","overlay-opacity":"","overlay-gradient":""}},"ast-content-background-meta":{"desktop":{"background-color":"var(--ast-global-color-5)","background-image":"","background-repeat":"repeat","background-position":"center center","background-size":"auto","background-attachment":"scroll","background-type":"","background-media":"","overlay-type":"","overlay-color":"","overlay-opacity":"","overlay-gradient":""},"tablet":{"background-color":"var(--ast-global-color-5)","background-image":"","background-repeat":"repeat","background-position":"center center","background-size":"auto","background-attachment":"scroll","background-type":"","background-media":"","overlay-type":"","overlay-color":"","overlay-opacity":"","overlay-gradient":""},"mobile":{"background-color":"var(--ast-global-color-5)","background-image":"","background-repeat":"repeat","background-position":"center center","background-size":"auto","background-attachment":"scroll","background-type":"","background-media":"","overlay-type":"","overlay-color":"","overlay-opacity":"","overlay-gradient":""}},"footnotes":""},"categories":[956,830,831,782,783,668,669,571,572,502,503,504,336,34,1,1021,4],"tags":[1043,465],"class_list":["post-23211","post","type-post","status-publish","format-standard","has-post-thumbnail","hentry","category-2022-2031","category-2021-2030-grup-a","category-2021-2030-grup-b","category-gr20a","category-gr20b","category-2019-2028-grup-a","category-2019-2028-grup-b","category-18-27-a","category-16-27-b","category-gr01","category-gr02","category-gr03","category-santjordi","category-festes-populars","category-general","category-2023-2032","category-portada","tag-padrins-lectors","tag-sant-jordi"],"post_mailing_queue_ids":[],"_links":{"self":[{"href":"https:\/\/agora.xtec.cat\/ceip-lesferreries-palafolls\/wp-json\/wp\/v2\/posts\/23211","targetHints":{"allow":["GET"]}}],"collection":[{"href":"https:\/\/agora.xtec.cat\/ceip-lesferreries-palafolls\/wp-json\/wp\/v2\/posts"}],"about":[{"href":"https:\/\/agora.xtec.cat\/ceip-lesferreries-palafolls\/wp-json\/wp\/v2\/types\/post"}],"author":[{"embeddable":true,"href":"https:\/\/agora.xtec.cat\/ceip-lesferreries-palafolls\/wp-json\/wp\/v2\/users\/65"}],"replies":[{"embeddable":true,"href":"https:\/\/agora.xtec.cat\/ceip-lesferreries-palafolls\/wp-json\/wp\/v2\/comments?post=23211"}],"version-history":[{"count":1,"href":"https:\/\/agora.xtec.cat\/ceip-lesferreries-palafolls\/wp-json\/wp\/v2\/posts\/23211\/revisions"}],"predecessor-version":[{"id":23213,"href":"https:\/\/agora.xtec.cat\/ceip-lesferreries-palafolls\/wp-json\/wp\/v2\/posts\/23211\/revisions\/23213"}],"wp:featuredmedia":[{"embeddable":true,"href":"https:\/\/agora.xtec.cat\/ceip-lesferreries-palafolls\/wp-json\/wp\/v2\/media\/23212"}],"wp:attachment":[{"href":"https:\/\/agora.xtec.cat\/ceip-lesferreries-palafolls\/wp-json\/wp\/v2\/media?parent=23211"}],"wp:term":[{"taxonomy":"category","embeddable":true,"href":"https:\/\/agora.xtec.cat\/ceip-lesferreries-palafolls\/wp-json\/wp\/v2\/categories?post=23211"},{"taxonomy":"post_tag","embeddable":true,"href":"https:\/\/agora.xtec.cat\/ceip-lesferreries-palafolls\/wp-json\/wp\/v2\/tags?post=23211"}],"curies":[{"name":"wp","href":"https:\/\/api.w.org\/{rel}","templated":true}]}}