{"id":23070,"date":"2024-03-25T10:21:32","date_gmt":"2024-03-25T09:21:32","guid":{"rendered":"https:\/\/agora.xtec.cat\/ceip-lesferreries-palafolls\/?p=23070"},"modified":"2024-03-25T10:21:36","modified_gmt":"2024-03-25T09:21:36","slug":"la-vella-quaresma-de-2n-2","status":"publish","type":"post","link":"https:\/\/agora.xtec.cat\/ceip-lesferreries-palafolls\/general\/la-vella-quaresma-de-2n-2\/","title":{"rendered":"La Vella Quaresma de 2n!"},"content":{"rendered":"<p>Infants i fam\u00edlies de 2n!<\/p>\n<p>Ja han arribat les merescudes Vacances de Setmana Santa, per\u00f2 abans, hem tingut que anar traient les cames a la nostra Vella Quaresma. Per\u00f2 aquesta no era com totes, la nostra anava carregada de boniques sorpreses!!<\/p>\n<p>La 1a pota la va treure l&#8217;Arcadi i ens va ensenyar les medalles guanyades a totes les maratons que ha fet, \u00e9s tot un gran esportista aquest Arcadi!!<\/p>\n<p>La 2a, la N\u00faria Vidal, que \u00e9s un experta en teatre, ens va obsequiar amb dos contes preciosos a la bibliopati.<\/p>\n<p>La 3a, qui no coneix a la monitora del menjador, la Mari Carmen! quines meravelles que fa cosint! v\u00e0rem quedar al\u00b7lucinats!!<\/p>\n<p>La 4a, la nostra mestra de rob\u00f2tica, l&#8217;Anna que ens va deixar escollir la can\u00e7\u00f3 del timbre de la setmana i com no&#8230;la Clika va ser l&#8217;escollida!<\/p>\n<p>La 5a, ui aquesta, va ser tot un plaer deixar-li treure a l&#8217;escriptora Anna Manso, quin plaer tenir-la entre nosaltres!<\/p>\n<p>I la 6a i 7a, en F\u00e8lix i la Sabina, per tota l&#8217;ajuda que ens estan donant en el projectes dels tresors de Palafolls!!<\/p>\n<p>A totes i tots ells, molt\u00edssimes gr\u00e0cies per haver compartit moments tant bonics amb nosaltres!<\/p>\n<p>No us perdeu el recull de\u00a0 fotos que us hem preparat!!!<\/p>\n<p>Una abra\u00e7ada de xocolata,<\/p>\n<p>M\u00edriam i Raquel<\/p>\n<p><a href=\"https:\/\/photos.app.goo.gl\/QLw4kykCwuncL2bF9\">Vella Quaresma<\/a><\/p>\n","protected":false},"excerpt":{"rendered":"<p>Infants i fam\u00edlies de 2n! Ja han arribat les merescudes Vacances de Setmana Santa, per\u00f2 abans, hem tingut que anar traient les cames a la nostra Vella Quaresma. Per\u00f2 aquesta no era com totes, la nostra anava carregada de boniques sorpreses!! La 1a pota la va treure l&#8217;Arcadi i ens va ensenyar les medalles guanyades [&hellip;]<\/p>\n","protected":false},"author":83,"featured_media":23071,"comment_status":"open","ping_status":"closed","sticky":false,"template":"","format":"standard","meta":{"_bbp_topic_count":0,"_bbp_reply_count":0,"_bbp_total_topic_count":0,"_bbp_total_reply_count":0,"_bbp_voice_count":0,"_bbp_anonymous_reply_count":0,"_bbp_topic_count_hidden":0,"_bbp_reply_count_hidden":0,"_bbp_forum_subforum_count":0,"site-sidebar-layout":"default","site-content-layout":"","ast-site-content-layout":"","site-content-style":"default","site-sidebar-style":"default","ast-global-header-display":"","ast-banner-title-visibility":"","ast-main-header-display":"","ast-hfb-above-header-display":"","ast-hfb-below-header-display":"","ast-hfb-mobile-header-display":"","site-post-title":"","ast-breadcrumbs-content":"","ast-featured-img":"","footer-sml-layout":"","theme-transparent-header-meta":"","adv-header-id-meta":"","stick-header-meta":"","header-above-stick-meta":"","header-main-stick-meta":"","header-below-stick-meta":"","astra-migrate-meta-layouts":"default","ast-page-background-enabled":"default","ast-page-background-meta":{"desktop":{"background-color":"var(--ast-global-color-4)","background-image":"","background-repeat":"repeat","background-position":"center center","background-size":"auto","background-attachment":"scroll","background-type":"","background-media":"","overlay-type":"","overlay-color":"","overlay-opacity":"","overlay-gradient":""},"tablet":{"background-color":"","background-image":"","background-repeat":"repeat","background-position":"center center","background-size":"auto","background-attachment":"scroll","background-type":"","background-media":"","overlay-type":"","overlay-color":"","overlay-opacity":"","overlay-gradient":""},"mobile":{"background-color":"","background-image":"","background-repeat":"repeat","background-position":"center center","background-size":"auto","background-attachment":"scroll","background-type":"","background-media":"","overlay-type":"","overlay-color":"","overlay-opacity":"","overlay-gradient":""}},"ast-content-background-meta":{"desktop":{"background-color":"var(--ast-global-color-5)","background-image":"","background-repeat":"repeat","background-position":"center center","background-size":"auto","background-attachment":"scroll","background-type":"","background-media":"","overlay-type":"","overlay-color":"","overlay-opacity":"","overlay-gradient":""},"tablet":{"background-color":"var(--ast-global-color-5)","background-image":"","background-repeat":"repeat","background-position":"center center","background-size":"auto","background-attachment":"scroll","background-type":"","background-media":"","overlay-type":"","overlay-color":"","overlay-opacity":"","overlay-gradient":""},"mobile":{"background-color":"var(--ast-global-color-5)","background-image":"","background-repeat":"repeat","background-position":"center center","background-size":"auto","background-attachment":"scroll","background-type":"","background-media":"","overlay-type":"","overlay-color":"","overlay-opacity":"","overlay-gradient":""}},"footnotes":""},"categories":[668,669,36,1,4],"tags":[],"class_list":["post-23070","post","type-post","status-publish","format-standard","has-post-thumbnail","hentry","category-2019-2028-grup-a","category-2019-2028-grup-b","category-galeria","category-general","category-portada"],"post_mailing_queue_ids":[],"_links":{"self":[{"href":"https:\/\/agora.xtec.cat\/ceip-lesferreries-palafolls\/wp-json\/wp\/v2\/posts\/23070","targetHints":{"allow":["GET"]}}],"collection":[{"href":"https:\/\/agora.xtec.cat\/ceip-lesferreries-palafolls\/wp-json\/wp\/v2\/posts"}],"about":[{"href":"https:\/\/agora.xtec.cat\/ceip-lesferreries-palafolls\/wp-json\/wp\/v2\/types\/post"}],"author":[{"embeddable":true,"href":"https:\/\/agora.xtec.cat\/ceip-lesferreries-palafolls\/wp-json\/wp\/v2\/users\/83"}],"replies":[{"embeddable":true,"href":"https:\/\/agora.xtec.cat\/ceip-lesferreries-palafolls\/wp-json\/wp\/v2\/comments?post=23070"}],"version-history":[{"count":1,"href":"https:\/\/agora.xtec.cat\/ceip-lesferreries-palafolls\/wp-json\/wp\/v2\/posts\/23070\/revisions"}],"predecessor-version":[{"id":23072,"href":"https:\/\/agora.xtec.cat\/ceip-lesferreries-palafolls\/wp-json\/wp\/v2\/posts\/23070\/revisions\/23072"}],"wp:featuredmedia":[{"embeddable":true,"href":"https:\/\/agora.xtec.cat\/ceip-lesferreries-palafolls\/wp-json\/wp\/v2\/media\/23071"}],"wp:attachment":[{"href":"https:\/\/agora.xtec.cat\/ceip-lesferreries-palafolls\/wp-json\/wp\/v2\/media?parent=23070"}],"wp:term":[{"taxonomy":"category","embeddable":true,"href":"https:\/\/agora.xtec.cat\/ceip-lesferreries-palafolls\/wp-json\/wp\/v2\/categories?post=23070"},{"taxonomy":"post_tag","embeddable":true,"href":"https:\/\/agora.xtec.cat\/ceip-lesferreries-palafolls\/wp-json\/wp\/v2\/tags?post=23070"}],"curies":[{"name":"wp","href":"https:\/\/api.w.org\/{rel}","templated":true}]}}