{"id":23049,"date":"2024-03-18T16:31:32","date_gmt":"2024-03-18T15:31:32","guid":{"rendered":"https:\/\/agora.xtec.cat\/ceip-lesferreries-palafolls\/?p=23049"},"modified":"2024-03-18T16:31:32","modified_gmt":"2024-03-18T15:31:32","slug":"fruita-a-lescola","status":"publish","type":"post","link":"https:\/\/agora.xtec.cat\/ceip-lesferreries-palafolls\/general\/fruita-a-lescola\/","title":{"rendered":"Fruita a l&#8217;escola"},"content":{"rendered":"<header class=\"entry-header\"><span style=\"font-family: inherit; font-size: 1em;\">Aquest curs l\u2019escola torna a participar del programa escolar de fruita promogut pel departament d\u2019Agricultura, Ramaderia, Pesca i Alimentaci\u00f3. <\/span><a style=\"font-family: inherit; font-size: 1em;\" href=\"https:\/\/agricultura.gencat.cat\/web\/.content\/04-alimentacio\/pla-consum-fruita-escoles\/enllacos-documents\/fitxers-binaris\/af-fruites_triptic.pdf\" target=\"_blank\" rel=\"noopener\">Tr\u00edptic programa consum fruita hortalisses escoles uni\u00f3 europea<\/a><\/header>\n<header><\/header>\n<div class=\"entry-content\">\n<p>En relaci\u00f3 amb el Programa Escolar de Fruita del curs escolar 2023\/24, us informem que l\u2019escola rebrem <b>entregues mensuals<\/b>, de mar\u00e7 a juny, amb un total de 3 o 4 peces\/racions de fruites i\/o hortalisses fresques per a cada nen\/a <strong>d\u2019educaci\u00f3 infantil i prim\u00e0ria:\u00a0<\/strong><\/p>\n<ul>\n<li><b>Mar\u00e7 2024.\u00a0<\/b>Taronja, poma, pl\u00e0tan i mandarina<\/li>\n<li><b>Abril 2022.<\/b> Poma, pl\u00e0tan, pera i taronja<\/li>\n<li><b>Maig 2022.<\/b> Pl\u00e0tan, albercoc, tomata, poma<\/li>\n<li><b>Juny 2022.<\/b> Pr\u00e8ssec, nectarina i cirera<\/li>\n<\/ul>\n<p>Trobareu m\u00e9s informaci\u00f3 al respecte a:\u00a0<a href=\"https:\/\/agricultura.gencat.cat\/ca\/ambits\/alimentacio\/promocio-agroalimentaria\/fruita-llet-escoles\/fruita-escoles\/\" target=\"_blank\" rel=\"noopener noreferrer\">https:\/\/agricultura.gencat.cat\/ca\/ambits\/alimentacio\/promocio-agroalimentaria\/fruita-llet-escoles\/fruita-escoles\/<\/a>\u00a0 i concursos, activitats i receptes a:\u00a0<a href=\"https:\/\/fruita.cat\/\" target=\"_blank\" rel=\"noopener noreferrer\">http:\/\/fruita.cat\/<\/a><\/p>\n<\/div>\n","protected":false},"excerpt":{"rendered":"<p>Aquest curs l\u2019escola torna a participar del programa escolar de fruita promogut pel departament d\u2019Agricultura, Ramaderia, Pesca i Alimentaci\u00f3. Tr\u00edptic programa consum fruita hortalisses escoles uni\u00f3 europea En relaci\u00f3 amb el Programa Escolar de Fruita del curs escolar 2023\/24, us informem que l\u2019escola rebrem entregues mensuals, de mar\u00e7 a juny, amb un total de 3 [&hellip;]<\/p>\n","protected":false},"author":65,"featured_media":23051,"comment_status":"open","ping_status":"closed","sticky":false,"template":"","format":"standard","meta":{"_bbp_topic_count":0,"_bbp_reply_count":0,"_bbp_total_topic_count":0,"_bbp_total_reply_count":0,"_bbp_voice_count":0,"_bbp_anonymous_reply_count":0,"_bbp_topic_count_hidden":0,"_bbp_reply_count_hidden":0,"_bbp_forum_subforum_count":0,"site-sidebar-layout":"default","site-content-layout":"","ast-site-content-layout":"","site-content-style":"default","site-sidebar-style":"default","ast-global-header-display":"","ast-banner-title-visibility":"","ast-main-header-display":"","ast-hfb-above-header-display":"","ast-hfb-below-header-display":"","ast-hfb-mobile-header-display":"","site-post-title":"","ast-breadcrumbs-content":"","ast-featured-img":"","footer-sml-layout":"","theme-transparent-header-meta":"","adv-header-id-meta":"","stick-header-meta":"","header-above-stick-meta":"","header-main-stick-meta":"","header-below-stick-meta":"","astra-migrate-meta-layouts":"default","ast-page-background-enabled":"default","ast-page-background-meta":{"desktop":{"background-color":"var(--ast-global-color-4)","background-image":"","background-repeat":"repeat","background-position":"center center","background-size":"auto","background-attachment":"scroll","background-type":"","background-media":"","overlay-type":"","overlay-color":"","overlay-opacity":"","overlay-gradient":""},"tablet":{"background-color":"","background-image":"","background-repeat":"repeat","background-position":"center center","background-size":"auto","background-attachment":"scroll","background-type":"","background-media":"","overlay-type":"","overlay-color":"","overlay-opacity":"","overlay-gradient":""},"mobile":{"background-color":"","background-image":"","background-repeat":"repeat","background-position":"center center","background-size":"auto","background-attachment":"scroll","background-type":"","background-media":"","overlay-type":"","overlay-color":"","overlay-opacity":"","overlay-gradient":""}},"ast-content-background-meta":{"desktop":{"background-color":"var(--ast-global-color-5)","background-image":"","background-repeat":"repeat","background-position":"center center","background-size":"auto","background-attachment":"scroll","background-type":"","background-media":"","overlay-type":"","overlay-color":"","overlay-opacity":"","overlay-gradient":""},"tablet":{"background-color":"var(--ast-global-color-5)","background-image":"","background-repeat":"repeat","background-position":"center center","background-size":"auto","background-attachment":"scroll","background-type":"","background-media":"","overlay-type":"","overlay-color":"","overlay-opacity":"","overlay-gradient":""},"mobile":{"background-color":"var(--ast-global-color-5)","background-image":"","background-repeat":"repeat","background-position":"center center","background-size":"auto","background-attachment":"scroll","background-type":"","background-media":"","overlay-type":"","overlay-color":"","overlay-opacity":"","overlay-gradient":""}},"footnotes":""},"categories":[1,4],"tags":[795,706],"class_list":["post-23049","post","type-post","status-publish","format-standard","has-post-thumbnail","hentry","category-general","category-portada","tag-fruita","tag-fruita-a-lescola"],"post_mailing_queue_ids":[],"_links":{"self":[{"href":"https:\/\/agora.xtec.cat\/ceip-lesferreries-palafolls\/wp-json\/wp\/v2\/posts\/23049","targetHints":{"allow":["GET"]}}],"collection":[{"href":"https:\/\/agora.xtec.cat\/ceip-lesferreries-palafolls\/wp-json\/wp\/v2\/posts"}],"about":[{"href":"https:\/\/agora.xtec.cat\/ceip-lesferreries-palafolls\/wp-json\/wp\/v2\/types\/post"}],"author":[{"embeddable":true,"href":"https:\/\/agora.xtec.cat\/ceip-lesferreries-palafolls\/wp-json\/wp\/v2\/users\/65"}],"replies":[{"embeddable":true,"href":"https:\/\/agora.xtec.cat\/ceip-lesferreries-palafolls\/wp-json\/wp\/v2\/comments?post=23049"}],"version-history":[{"count":1,"href":"https:\/\/agora.xtec.cat\/ceip-lesferreries-palafolls\/wp-json\/wp\/v2\/posts\/23049\/revisions"}],"predecessor-version":[{"id":23052,"href":"https:\/\/agora.xtec.cat\/ceip-lesferreries-palafolls\/wp-json\/wp\/v2\/posts\/23049\/revisions\/23052"}],"wp:featuredmedia":[{"embeddable":true,"href":"https:\/\/agora.xtec.cat\/ceip-lesferreries-palafolls\/wp-json\/wp\/v2\/media\/23051"}],"wp:attachment":[{"href":"https:\/\/agora.xtec.cat\/ceip-lesferreries-palafolls\/wp-json\/wp\/v2\/media?parent=23049"}],"wp:term":[{"taxonomy":"category","embeddable":true,"href":"https:\/\/agora.xtec.cat\/ceip-lesferreries-palafolls\/wp-json\/wp\/v2\/categories?post=23049"},{"taxonomy":"post_tag","embeddable":true,"href":"https:\/\/agora.xtec.cat\/ceip-lesferreries-palafolls\/wp-json\/wp\/v2\/tags?post=23049"}],"curies":[{"name":"wp","href":"https:\/\/api.w.org\/{rel}","templated":true}]}}