{"id":23029,"date":"2024-04-25T09:22:45","date_gmt":"2024-04-25T07:22:45","guid":{"rendered":"https:\/\/agora.xtec.cat\/ceip-lesferreries-palafolls\/?p=23029"},"modified":"2024-07-15T09:48:22","modified_gmt":"2024-07-15T07:48:22","slug":"preinscripcio-24-25","status":"publish","type":"post","link":"https:\/\/agora.xtec.cat\/ceip-lesferreries-palafolls\/general\/preinscripcio-24-25\/","title":{"rendered":"PREINSCRIPCI\u00d3 24-25"},"content":{"rendered":"<div class=\"col icon-col\">\n<div>\n<div class=\"col icon-col\">\n<div>\n<div class=\"col icon-col\">\n<div>\n<div>\n<div class=\"col icon-col\">\n<div>\n<div class=\"col icon-col\">\n<div><img loading=\"lazy\" decoding=\"async\" class=\"\" src=\"https:\/\/preinscripcio.gencat.cat\/web\/.content\/icones\/matricula-off.png_2044584825.png\" alt=\"\" width=\"28\" height=\"28\" \/><strong><span style=\"font-family: inherit; font-size: 1em;\">Del 18 al 26 de juny de 2024: matriculaci\u00f3<\/span><\/strong><\/div>\n<div><\/div>\n<div><img loading=\"lazy\" decoding=\"async\" class=\"\" src=\"https:\/\/preinscripcio.gencat.cat\/web\/.content\/icones\/consulta-revisa1-off.png_2044584825.png\" alt=\"\" width=\"27\" height=\"27\" \/> <strong><span style=\"font-family: inherit; font-size: 1em;\">10 de juny de 2024: llista d&#8217;alumnes admesos i llista d&#8217;espera<\/span><\/strong><\/div>\n<div style=\"text-align: center;\"><iframe loading=\"lazy\" src=\"https:\/\/drive.google.com\/file\/d\/1-7_P7-IakDzem6Xl7zIMRjQjExqa5m1j\/preview\" width=\"640\" height=\"480\"><\/iframe><\/div>\n<div><img loading=\"lazy\" decoding=\"async\" class=\"\" src=\"https:\/\/preinscripcio.gencat.cat\/web\/.content\/icones\/persona-off.png_2044584825.png\" alt=\"\" width=\"24\" height=\"24\" \/> <strong><span style=\"font-family: inherit; font-size: 1em;\">7 de juny de 2024: oferta final de places escolars<\/span><\/strong><\/div>\n<div style=\"text-align: center;\"><iframe loading=\"lazy\" src=\"https:\/\/drive.google.com\/file\/d\/1KzVEYgU1V09rR6x9iVJFVJChGNmGxUuB\/preview\" width=\"640\" height=\"480\"><\/iframe><\/div>\n<div class=\"icon\"><img loading=\"lazy\" decoding=\"async\" class=\"\" src=\"https:\/\/preinscripcio.gencat.cat\/web\/.content\/icones\/consulta-revisa2-off.png_2044584825.png\" alt=\"\" width=\"29\" height=\"29\" \/> <span style=\"font-family: inherit; font-size: 1em;\"><strong>2 de maig de 2024: llista ordenada<\/strong><\/span><\/div>\n<div>\n<p style=\"text-align: center;\"><iframe loading=\"lazy\" src=\"https:\/\/drive.google.com\/file\/d\/1DwSxHYJjuIcskl8a69O28YPHK18d5COv\/preview\" width=\"640\" height=\"800\"><span data-mce-type=\"bookmark\" style=\"display: inline-block; width: 0px; overflow: hidden; line-height: 0;\" class=\"mce_SELRES_start\">\ufeff<\/span><span data-mce-type=\"bookmark\" style=\"display: inline-block; width: 0px; overflow: hidden; line-height: 0;\" class=\"mce_SELRES_start\">\ufeff<\/span><\/iframe><\/p>\n<\/div>\n<div><\/div>\n<\/div>\n<\/div>\n<div class=\"icon\"><img loading=\"lazy\" decoding=\"async\" class=\"\" src=\"https:\/\/preinscripcio.gencat.cat\/web\/.content\/icones\/campaneta-on.png_2044584825.png\" alt=\"\" width=\"30\" height=\"30\" \/> <span style=\"font-family: inherit; font-size: 1em;\"><strong>30 d&#8217;abril de 2024 a les 11 hores:<\/strong> sorteig per resoldre les sol\u00b7licituds de preinscripci\u00f3 empatades en punts: <strong>81801<\/strong><\/span><\/div>\n<div><\/div>\n<\/div>\n<\/div>\n<div><img loading=\"lazy\" decoding=\"async\" class=\"\" style=\"font-family: inherit; font-size: 1em;\" src=\"https:\/\/preinscripcio.gencat.cat\/web\/.content\/icones\/consulta-revisa1-off.png_2044584825.png\" alt=\"\" width=\"30\" height=\"30\" \/> <strong style=\"font-family: inherit; font-size: 1em;\"><span style=\"font-family: inherit; font-size: 1em;\">25 d&#8217;abril de 2024: llista de sol\u00b7licituds amb la puntuaci\u00f3 un cop resoltes les reclamacions<\/span><\/strong><\/div>\n<div><\/div>\n<div style=\"text-align: center;\"><iframe loading=\"lazy\" src=\"https:\/\/drive.google.com\/file\/d\/13_KIjkSlYrdy5CFoDyh6nmnG6uAWYbqa\/preview\" width=\"640\" height=\"480\"><\/iframe><\/div>\n<\/div>\n<div><\/div>\n<div>\n<div style=\"text-align: left;\"><img loading=\"lazy\" decoding=\"async\" class=\"\" style=\"font-family: inherit; font-size: 1em;\" src=\"https:\/\/preinscripcio.gencat.cat\/web\/.content\/icones\/llapis-on.png_2044584825.png\" alt=\"\" width=\"21\" height=\"21\" \/> <strong style=\"font-family: inherit; font-size: 1em;\"><span style=\"font-family: inherit; font-size: 1em;\">Del 17 al 22 d&#8217;abril de 2024: presentaci\u00f3 de reclamacions<\/span><\/strong><\/div>\n<div>\n<div class=\"list-item-wrapper\">\n<div class=\"col content-col\">\n<div class=\"bloc-mobil\">\n<div class=\"descripcio link-dotted\">\n<p>Durant aquest per\u00edode, si detectes alguna errada o anomalia en el barem assignat, pots presentar una reclamaci\u00f3 (utilitzant l&#8217;eina electr\u00f2nica per adjuntar reclamacions).<\/p>\n<\/div>\n<\/div>\n<\/div>\n<\/div>\n<\/div>\n<\/div>\n<div class=\"icon\"><img loading=\"lazy\" decoding=\"async\" class=\"\" src=\"https:\/\/preinscripcio.gencat.cat\/web\/.content\/icones\/consulta-revisa1-off.png_2044584825.png\" alt=\"\" width=\"23\" height=\"23\" \/> <strong><span style=\"font-family: inherit; font-size: 1em;\">17 d&#8217;abril de 2024: llista de sol\u00b7licituds amb la puntuaci\u00f3 provisional<\/span><\/strong><\/div>\n<div><\/div>\n<div style=\"text-align: center;\"><iframe loading=\"lazy\" src=\"https:\/\/drive.google.com\/file\/d\/1Hl_k3ukh0XZJh3QFOIYPrn5wAXEI_Od1\/preview\" width=\"640\" height=\"480\"><\/iframe><\/div>\n<div><\/div>\n<div>\n<div class=\"list-item-wrapper\">\n<div class=\"col content-col\">\n<div class=\"bloc-mobil\">\n<div class=\"descripcio link-dotted\">\n<p>&nbsp;<\/p>\n<\/div>\n<\/div>\n<\/div>\n<\/div>\n<div class=\"list-item-wrapper\">\n<div class=\"col content-col\">\n<div class=\"bloc-mobil\">\n<div class=\"descripcio link-dotted\">\n<div class=\"col content-col\">\n<div class=\"bloc-mobil\">\n<div class=\"descripcio link-dotted\">\n<p>&nbsp;<\/p>\n<\/div>\n<\/div>\n<\/div>\n<\/div>\n<\/div>\n<\/div>\n<\/div>\n<div class=\"list-item-wrapper\">\n<div class=\"col content-col\">\n<div class=\"bloc-mobil\">\n<div class=\"descripcio link-dotted\">\n<hr \/>\n<\/div>\n<\/div>\n<\/div>\n<\/div>\n<\/div>\n<\/div>\n<\/div>\n<div class=\"icon\"><\/div>\n<\/div>\n<div class=\"col content-col\">\n<div class=\"bloc-mobil\">\n<div class=\"descripcio link-dotted\">\n<p><img loading=\"lazy\" decoding=\"async\" class=\"\" src=\"https:\/\/preinscripcio.gencat.cat\/web\/.content\/icones\/cerca-on.png_2044584825.png\" alt=\"\" width=\"29\" height=\"29\" \/> <strong><span style=\"font-family: inherit; font-size: 1em;\">5 de mar\u00e7 de 2024: oferta inicial de places escolars:<\/span><\/strong><\/p>\n<\/div>\n<\/div>\n<\/div>\n<\/div>\n<div><\/div>\n<\/div>\n<p style=\"text-align: center;\"><iframe loading=\"lazy\" src=\"https:\/\/drive.google.com\/file\/d\/14Fhzl2DJUWN2w-oDKhrao0MZVh_aTA7j\/preview\" width=\"640\" height=\"480\"><\/iframe><\/p>\n<div class=\"col icon-col\">\n<div class=\"icon\"><img loading=\"lazy\" decoding=\"async\" class=\"\" src=\"https:\/\/preinscripcio.gencat.cat\/web\/.content\/icones\/sollicitud-off.png_2044584825.png\" alt=\"\" width=\"26\" height=\"26\" \/> <strong><span style=\"font-family: inherit; font-size: 1em;\">Del 6 al 20 de mar\u00e7 de 2024 (a partir de les 9 hores): presentaci\u00f3 de sol\u00b7licituds en l\u00ednia, o vine a l&#8217;escola i t&#8217;ajudem:\u00a0<\/span><\/strong><\/div>\n<div><\/div>\n<div><a href=\"https:\/\/educacio.gencat.cat\/ca\/tramits\/tramits-temes\/20483-obligatoris?moda=1\" target=\"_blank\" rel=\"noopener\">* Inscripci\u00f3 telem\u00e0tica Educaci\u00f3 Infantil<\/a>\u00a0 \u00a0 \u00a0<a href=\"https:\/\/educacio.gencat.cat\/ca\/tramits\/tramits-temes\/20483-obligatoris?moda=2\" target=\"_blank\" rel=\"noopener\">* Inscripci\u00f3 telem\u00e0tica Educaci\u00f3 Prim\u00e0ria<\/a><\/div>\n<\/div>\n<div><\/div>\n<div><strong>Codi de centre:<\/strong> 08022598<\/div>\n<div><\/div>\n<div><img loading=\"lazy\" decoding=\"async\" class=\"\" src=\"https:\/\/preinscripcio.gencat.cat\/web\/.content\/icones\/presentar-doc-on.png_2044584825.png\" alt=\"\" width=\"28\" height=\"28\" \/> <strong><span style=\"font-family: inherit; font-size: 1em;\">Fins al 22 de mar\u00e7 de 2024: presentaci\u00f3 de documentaci\u00f3<\/span><\/strong><\/div>\n<div><\/div>\n<div>\n<div class=\"list-item-wrapper\">\n<div class=\"col content-col\">\n<div class=\"bloc-mobil\"><\/div>\n<\/div>\n<\/div>\n<div class=\"list-item-wrapper\">\n<div class=\"col icon-col\">\n<div class=\"icon\"><img loading=\"lazy\" decoding=\"async\" class=\"\" src=\"https:\/\/preinscripcio.gencat.cat\/web\/.content\/icones\/martell-off.png_2044584825.png\" alt=\"\" width=\"27\" height=\"27\" \/> \u00a0<strong><span style=\"font-family: inherit; font-size: 1em;\">Del 29 al 31 de maig de 2024: ampliaci\u00f3 de peticions de preinscripci\u00f3 per a alumnes sense pla\u00e7a assignada a cap centre<\/span><\/strong><\/div>\n<\/div>\n<div class=\"col content-col\">\n<div class=\"bloc-mobil\">\n<div class=\"descripcio link-dotted\">\n<p>Si no s&#8217;accedeix a cap pla\u00e7a en els centres demanats i es tracta de sol\u00b7licituds en les quals s&#8217;ha marcat expressament que es vol una assignaci\u00f3 d&#8217;ofici, durant aquest per\u00edode es poden ampliar les peticions originals i demanar places en centres que en tinguin de disponibles.\u00a0Despr\u00e9s d&#8217;aquesta ampliaci\u00f3 de la sol\u00b7licitud, s&#8217;acaba el proc\u00e9s d&#8217;assignaci\u00f3 tenint en compte aquestes peticions ampliades.<\/p>\n<\/div>\n<\/div>\n<\/div>\n<\/div>\n<div class=\"list-item-wrapper\">\n<div class=\"col icon-col\">\n<div class=\"icon\"><\/div>\n<\/div>\n<\/div>\n<\/div>\n","protected":false},"excerpt":{"rendered":"<p>Del 18 al 26 de juny de 2024: matriculaci\u00f3 10 de juny de 2024: llista d&#8217;alumnes admesos i llista d&#8217;espera 7 de juny de 2024: oferta final de places escolars 2 de maig de 2024: llista ordenada \ufeff\ufeff 30 d&#8217;abril de 2024 a les 11 hores: sorteig per resoldre les sol\u00b7licituds de preinscripci\u00f3 empatades en [&hellip;]<\/p>\n","protected":false},"author":65,"featured_media":23032,"comment_status":"open","ping_status":"closed","sticky":false,"template":"","format":"standard","meta":{"_bbp_topic_count":0,"_bbp_reply_count":0,"_bbp_total_topic_count":0,"_bbp_total_reply_count":0,"_bbp_voice_count":0,"_bbp_anonymous_reply_count":0,"_bbp_topic_count_hidden":0,"_bbp_reply_count_hidden":0,"_bbp_forum_subforum_count":0,"site-sidebar-layout":"default","site-content-layout":"","ast-site-content-layout":"","site-content-style":"default","site-sidebar-style":"default","ast-global-header-display":"","ast-banner-title-visibility":"","ast-main-header-display":"","ast-hfb-above-header-display":"","ast-hfb-below-header-display":"","ast-hfb-mobile-header-display":"","site-post-title":"","ast-breadcrumbs-content":"","ast-featured-img":"","footer-sml-layout":"","theme-transparent-header-meta":"","adv-header-id-meta":"","stick-header-meta":"","header-above-stick-meta":"","header-main-stick-meta":"","header-below-stick-meta":"","astra-migrate-meta-layouts":"default","ast-page-background-enabled":"default","ast-page-background-meta":{"desktop":{"background-color":"var(--ast-global-color-4)","background-image":"","background-repeat":"repeat","background-position":"center center","background-size":"auto","background-attachment":"scroll","background-type":"","background-media":"","overlay-type":"","overlay-color":"","overlay-opacity":"","overlay-gradient":""},"tablet":{"background-color":"","background-image":"","background-repeat":"repeat","background-position":"center center","background-size":"auto","background-attachment":"scroll","background-type":"","background-media":"","overlay-type":"","overlay-color":"","overlay-opacity":"","overlay-gradient":""},"mobile":{"background-color":"","background-image":"","background-repeat":"repeat","background-position":"center center","background-size":"auto","background-attachment":"scroll","background-type":"","background-media":"","overlay-type":"","overlay-color":"","overlay-opacity":"","overlay-gradient":""}},"ast-content-background-meta":{"desktop":{"background-color":"var(--ast-global-color-5)","background-image":"","background-repeat":"repeat","background-position":"center center","background-size":"auto","background-attachment":"scroll","background-type":"","background-media":"","overlay-type":"","overlay-color":"","overlay-opacity":"","overlay-gradient":""},"tablet":{"background-color":"var(--ast-global-color-5)","background-image":"","background-repeat":"repeat","background-position":"center center","background-size":"auto","background-attachment":"scroll","background-type":"","background-media":"","overlay-type":"","overlay-color":"","overlay-opacity":"","overlay-gradient":""},"mobile":{"background-color":"var(--ast-global-color-5)","background-image":"","background-repeat":"repeat","background-position":"center center","background-size":"auto","background-attachment":"scroll","background-type":"","background-media":"","overlay-type":"","overlay-color":"","overlay-opacity":"","overlay-gradient":""}},"footnotes":""},"categories":[1,4],"tags":[615],"class_list":["post-23029","post","type-post","status-publish","format-standard","has-post-thumbnail","hentry","category-general","category-portada","tag-preinscripcio"],"post_mailing_queue_ids":[],"_links":{"self":[{"href":"https:\/\/agora.xtec.cat\/ceip-lesferreries-palafolls\/wp-json\/wp\/v2\/posts\/23029","targetHints":{"allow":["GET"]}}],"collection":[{"href":"https:\/\/agora.xtec.cat\/ceip-lesferreries-palafolls\/wp-json\/wp\/v2\/posts"}],"about":[{"href":"https:\/\/agora.xtec.cat\/ceip-lesferreries-palafolls\/wp-json\/wp\/v2\/types\/post"}],"author":[{"embeddable":true,"href":"https:\/\/agora.xtec.cat\/ceip-lesferreries-palafolls\/wp-json\/wp\/v2\/users\/65"}],"replies":[{"embeddable":true,"href":"https:\/\/agora.xtec.cat\/ceip-lesferreries-palafolls\/wp-json\/wp\/v2\/comments?post=23029"}],"version-history":[{"count":6,"href":"https:\/\/agora.xtec.cat\/ceip-lesferreries-palafolls\/wp-json\/wp\/v2\/posts\/23029\/revisions"}],"predecessor-version":[{"id":23364,"href":"https:\/\/agora.xtec.cat\/ceip-lesferreries-palafolls\/wp-json\/wp\/v2\/posts\/23029\/revisions\/23364"}],"wp:featuredmedia":[{"embeddable":true,"href":"https:\/\/agora.xtec.cat\/ceip-lesferreries-palafolls\/wp-json\/wp\/v2\/media\/23032"}],"wp:attachment":[{"href":"https:\/\/agora.xtec.cat\/ceip-lesferreries-palafolls\/wp-json\/wp\/v2\/media?parent=23029"}],"wp:term":[{"taxonomy":"category","embeddable":true,"href":"https:\/\/agora.xtec.cat\/ceip-lesferreries-palafolls\/wp-json\/wp\/v2\/categories?post=23029"},{"taxonomy":"post_tag","embeddable":true,"href":"https:\/\/agora.xtec.cat\/ceip-lesferreries-palafolls\/wp-json\/wp\/v2\/tags?post=23029"}],"curies":[{"name":"wp","href":"https:\/\/api.w.org\/{rel}","templated":true}]}}