{"id":22979,"date":"2024-02-16T11:04:14","date_gmt":"2024-02-16T10:04:14","guid":{"rendered":"https:\/\/agora.xtec.cat\/ceip-lesferreries-palafolls\/?p=22979"},"modified":"2024-02-16T11:04:14","modified_gmt":"2024-02-16T10:04:14","slug":"carnestoltes-2024","status":"publish","type":"post","link":"https:\/\/agora.xtec.cat\/ceip-lesferreries-palafolls\/general\/carnestoltes-2024\/","title":{"rendered":"Carnestoltes 2024"},"content":{"rendered":"<p>Durant la setmana del carnestoltes, els passadissos de l&#8217;Escola Les Ferreries s&#8217;han omplert de color, rialles i creativitat, amb activitats tem\u00e0tiques que han fet de cada dia una experi\u00e8ncia \u00fanica.<\/p>\n<p>La diversi\u00f3 va comen\u00e7ar el divendres 2 de febrer, quan va arribar el Rei Carnestoltes en un acte conjunt de les dues escoles de Palafolls organitzat per les AFA dels dos centres i l&#8217;Ajuntament de Palafolls on l&#8217;alumnat va poder gaudir d&#8217;un esmorzar de pa amb xocolata, de m\u00fasica i del preg\u00f3 dels reis i la reina Carnestoltes amb les consignes per cada dia de la setmana:<\/p>\n<ul>\n<li>Dilluns, l&#8217;ambient es va tornar m\u00e9s relaxat quan tots van venir a l&#8217;escola en pijama.<\/li>\n<li>Dimarts l&#8217;originalitat va ser la protagonista quan els alumnes van arribar representant un ofici.<\/li>\n<li>Dimecres l&#8217;alumnat va arribar amb la cara pintada de colors vius i dissenys creatius.<\/li>\n<li>Dijous va ser el dia dels pentinats originals, els quals v\u00e0rem poder lluir per tot Palafolls en celebrar el dijous llarder a la tarda anant a berenar per diferents indrets del nostre poble.<\/li>\n<\/ul>\n<p>Finalment, el divendres va marcar el fi de la celebraci\u00f3 amb la gran Rua de Carnestoltes al llarg de tota la Rambla Les Ferreries,\u00a0gr\u00e0cies a l&#8217;inestimable ajut dels pares i mares que van muntar la Rua amb cotxes farcits de decoraci\u00f3 i m\u00fasica. La jornada va culminar amb una divertid\u00edssima festa on la m\u00fasica i el ball van unir a alumnes i docents en el pati de l&#8217;escola.<\/p>\n<p>Moltes gr\u00e0cies a tots i totes per la vostra implicaci\u00f3 i col\u00b7laboraci\u00f3!<\/p>\n<p>A continuaci\u00f3 teniu els enlla\u00e7os als \u00e0lbums de les moltes activitats que s&#8217;han fet per Carnaval.<\/p>\n<table style=\"border-collapse: collapse; width: 48.6585%; height: 138px;\">\n<tbody>\n<tr style=\"height: 32px;\">\n<td style=\"width: 36.6276%; text-align: center; height: 32px;\" colspan=\"4\"><strong><a href=\"https:\/\/photos.app.goo.gl\/D7yWKSbyzvTWFS3d6\" target=\"_blank\" rel=\"noopener\">PREG\u00d3 REI CARNESTOLTES<\/a><\/strong><\/td>\n<\/tr>\n<tr style=\"height: 32px;\">\n<td style=\"width: 14.3155%; height: 32px; text-align: center;\"><strong>EDUCACI\u00d3 INFANTIL<\/strong><\/td>\n<td style=\"width: 12.3865%; height: 32px; text-align: center;\"><strong>CICLE INICIAL<\/strong><\/td>\n<td style=\"width: 1.11235%; height: 32px; text-align: center;\"><strong>CICLE MITJ\u00c0<\/strong><\/td>\n<td style=\"width: 8.81322%; height: 32px; text-align: center;\"><strong>CICLE SUPERIOR<\/strong><\/td>\n<\/tr>\n<tr style=\"height: 32px;\">\n<td style=\"width: 14.3155%; height: 32px; text-align: center;\"><a href=\"https:\/\/photos.app.goo.gl\/oi5C1YbpbxBsPQFS7\" target=\"_blank\" rel=\"noopener\">CONSIGNES<\/a><\/td>\n<td style=\"width: 12.3865%; height: 32px; text-align: center;\"><a href=\"https:\/\/photos.app.goo.gl\/VQzEYpxTBmqCRWrf9\" target=\"_blank\" rel=\"noopener\">CONSIGNES<\/a><\/td>\n<td style=\"width: 1.11235%; height: 32px; text-align: center;\"><a href=\"https:\/\/photos.app.goo.gl\/JvpgBmbNioEgyQHM7\" target=\"_blank\" rel=\"noopener\">CONSIGNES<\/a><\/td>\n<td style=\"width: 8.81322%; height: 32px; text-align: center;\"><a href=\"https:\/\/photos.app.goo.gl\/Jsf9oiUpSyF4e8rv5\" target=\"_blank\" rel=\"noopener\">CONSIGNES<\/a><\/td>\n<\/tr>\n<tr style=\"height: 32px;\">\n<td style=\"width: 14.3155%; height: 32px; text-align: center;\"><a href=\"https:\/\/photos.app.goo.gl\/MzaC8Rsyf6YNZQ9N8\" target=\"_blank\" rel=\"noopener\">DIJOUS LLARDER I3 I I4<\/a><\/p>\n<p><a href=\"https:\/\/photos.app.goo.gl\/hoc7PHthc6eqApTA7\" target=\"_blank\" rel=\"noopener\">DIJOUS LLARDER I5<\/a><\/td>\n<td style=\"width: 12.3865%; height: 32px; text-align: center;\"><a href=\"https:\/\/photos.app.goo.gl\/L1ae2C7Yt3krGo6h7\" target=\"_blank\" rel=\"noopener\">DIJOUS LLARDER 1R<\/a><\/p>\n<p><a href=\"https:\/\/photos.app.goo.gl\/sAk2EzaDvSALWVrJ6\" target=\"_blank\" rel=\"noopener\">DIJOUS LLARDER 2N<\/a><\/td>\n<td style=\"width: 1.11235%; height: 32px; text-align: center;\"><a href=\"https:\/\/photos.app.goo.gl\/e1Hydyab9JDLiAMz7\" target=\"_blank\" rel=\"noopener\">DIJOUS LLARDER<\/a><\/td>\n<td style=\"width: 8.81322%; height: 32px; text-align: center;\"><a href=\"https:\/\/photos.app.goo.gl\/5byZyP7zv9tP9K558\" target=\"_blank\" rel=\"noopener\">DIJOUS LLARDER<\/a><\/td>\n<\/tr>\n<tr style=\"height: 10px;\">\n<td style=\"width: 14.3155%; text-align: center; height: 10px;\"><a href=\"https:\/\/photos.app.goo.gl\/8myhFc5UXhQbkwqv7\" target=\"_blank\" rel=\"noopener\">RUA<\/a><\/td>\n<td style=\"width: 12.3865%; text-align: center; height: 10px;\"><a href=\"https:\/\/photos.app.goo.gl\/NZGLSzjKiT7sLbyg6\" target=\"_blank\" rel=\"noopener\">RUA<\/a><\/td>\n<td style=\"width: 1.11235%; text-align: center; height: 10px;\"><a href=\"https:\/\/photos.app.goo.gl\/wM3JxtVu6uKkdv578\" target=\"_blank\" rel=\"noopener\">RUA<\/a><\/td>\n<td style=\"width: 8.81322%; text-align: center; height: 10px;\"><a href=\"https:\/\/photos.app.goo.gl\/9CPDnm6WdsxYy17T9\" target=\"_blank\" rel=\"noopener\">RUA<\/a><\/td>\n<\/tr>\n<\/tbody>\n<\/table>\n<p>&nbsp;<\/p>\n","protected":false},"excerpt":{"rendered":"<p>Durant la setmana del carnestoltes, els passadissos de l&#8217;Escola Les Ferreries s&#8217;han omplert de color, rialles i creativitat, amb activitats tem\u00e0tiques que han fet de cada dia una experi\u00e8ncia \u00fanica. La diversi\u00f3 va comen\u00e7ar el divendres 2 de febrer, quan va arribar el Rei Carnestoltes en un acte conjunt de les dues escoles de Palafolls [&hellip;]<\/p>\n","protected":false},"author":65,"featured_media":22980,"comment_status":"open","ping_status":"closed","sticky":false,"template":"","format":"standard","meta":{"_bbp_topic_count":0,"_bbp_reply_count":0,"_bbp_total_topic_count":0,"_bbp_total_reply_count":0,"_bbp_voice_count":0,"_bbp_anonymous_reply_count":0,"_bbp_topic_count_hidden":0,"_bbp_reply_count_hidden":0,"_bbp_forum_subforum_count":0,"site-sidebar-layout":"default","site-content-layout":"","ast-site-content-layout":"","site-content-style":"default","site-sidebar-style":"default","ast-global-header-display":"","ast-banner-title-visibility":"","ast-main-header-display":"","ast-hfb-above-header-display":"","ast-hfb-below-header-display":"","ast-hfb-mobile-header-display":"","site-post-title":"","ast-breadcrumbs-content":"","ast-featured-img":"","footer-sml-layout":"","theme-transparent-header-meta":"","adv-header-id-meta":"","stick-header-meta":"","header-above-stick-meta":"","header-main-stick-meta":"","header-below-stick-meta":"","astra-migrate-meta-layouts":"default","ast-page-background-enabled":"default","ast-page-background-meta":{"desktop":{"background-color":"var(--ast-global-color-4)","background-image":"","background-repeat":"repeat","background-position":"center center","background-size":"auto","background-attachment":"scroll","background-type":"","background-media":"","overlay-type":"","overlay-color":"","overlay-opacity":"","overlay-gradient":""},"tablet":{"background-color":"","background-image":"","background-repeat":"repeat","background-position":"center center","background-size":"auto","background-attachment":"scroll","background-type":"","background-media":"","overlay-type":"","overlay-color":"","overlay-opacity":"","overlay-gradient":""},"mobile":{"background-color":"","background-image":"","background-repeat":"repeat","background-position":"center center","background-size":"auto","background-attachment":"scroll","background-type":"","background-media":"","overlay-type":"","overlay-color":"","overlay-opacity":"","overlay-gradient":""}},"ast-content-background-meta":{"desktop":{"background-color":"var(--ast-global-color-5)","background-image":"","background-repeat":"repeat","background-position":"center center","background-size":"auto","background-attachment":"scroll","background-type":"","background-media":"","overlay-type":"","overlay-color":"","overlay-opacity":"","overlay-gradient":""},"tablet":{"background-color":"var(--ast-global-color-5)","background-image":"","background-repeat":"repeat","background-position":"center center","background-size":"auto","background-attachment":"scroll","background-type":"","background-media":"","overlay-type":"","overlay-color":"","overlay-opacity":"","overlay-gradient":""},"mobile":{"background-color":"var(--ast-global-color-5)","background-image":"","background-repeat":"repeat","background-position":"center center","background-size":"auto","background-attachment":"scroll","background-type":"","background-media":"","overlay-type":"","overlay-color":"","overlay-opacity":"","overlay-gradient":""}},"footnotes":""},"categories":[956,830,831,782,783,668,669,571,572,502,503,504,34,1,1021,4],"tags":[],"class_list":["post-22979","post","type-post","status-publish","format-standard","has-post-thumbnail","hentry","category-2022-2031","category-2021-2030-grup-a","category-2021-2030-grup-b","category-gr20a","category-gr20b","category-2019-2028-grup-a","category-2019-2028-grup-b","category-18-27-a","category-16-27-b","category-gr01","category-gr02","category-gr03","category-festes-populars","category-general","category-2023-2032","category-portada"],"post_mailing_queue_ids":[],"_links":{"self":[{"href":"https:\/\/agora.xtec.cat\/ceip-lesferreries-palafolls\/wp-json\/wp\/v2\/posts\/22979","targetHints":{"allow":["GET"]}}],"collection":[{"href":"https:\/\/agora.xtec.cat\/ceip-lesferreries-palafolls\/wp-json\/wp\/v2\/posts"}],"about":[{"href":"https:\/\/agora.xtec.cat\/ceip-lesferreries-palafolls\/wp-json\/wp\/v2\/types\/post"}],"author":[{"embeddable":true,"href":"https:\/\/agora.xtec.cat\/ceip-lesferreries-palafolls\/wp-json\/wp\/v2\/users\/65"}],"replies":[{"embeddable":true,"href":"https:\/\/agora.xtec.cat\/ceip-lesferreries-palafolls\/wp-json\/wp\/v2\/comments?post=22979"}],"version-history":[{"count":1,"href":"https:\/\/agora.xtec.cat\/ceip-lesferreries-palafolls\/wp-json\/wp\/v2\/posts\/22979\/revisions"}],"predecessor-version":[{"id":22981,"href":"https:\/\/agora.xtec.cat\/ceip-lesferreries-palafolls\/wp-json\/wp\/v2\/posts\/22979\/revisions\/22981"}],"wp:featuredmedia":[{"embeddable":true,"href":"https:\/\/agora.xtec.cat\/ceip-lesferreries-palafolls\/wp-json\/wp\/v2\/media\/22980"}],"wp:attachment":[{"href":"https:\/\/agora.xtec.cat\/ceip-lesferreries-palafolls\/wp-json\/wp\/v2\/media?parent=22979"}],"wp:term":[{"taxonomy":"category","embeddable":true,"href":"https:\/\/agora.xtec.cat\/ceip-lesferreries-palafolls\/wp-json\/wp\/v2\/categories?post=22979"},{"taxonomy":"post_tag","embeddable":true,"href":"https:\/\/agora.xtec.cat\/ceip-lesferreries-palafolls\/wp-json\/wp\/v2\/tags?post=22979"}],"curies":[{"name":"wp","href":"https:\/\/api.w.org\/{rel}","templated":true}]}}