{"id":22971,"date":"2024-01-30T18:58:52","date_gmt":"2024-01-30T17:58:52","guid":{"rendered":"https:\/\/agora.xtec.cat\/ceip-lesferreries-palafolls\/?p=22971"},"modified":"2024-01-30T18:58:52","modified_gmt":"2024-01-30T17:58:52","slug":"denip-2024","status":"publish","type":"post","link":"https:\/\/agora.xtec.cat\/ceip-lesferreries-palafolls\/general\/denip-2024\/","title":{"rendered":"DENIP 2024"},"content":{"rendered":"<p class=\"p1\"><span class=\"s1\">\ud83d\udd4a\ufe0f Aquest mat\u00ed hem celebrat el Dia Escolar de la No-viol\u00e8ncia i la Pau (DENIP) amb una jornada plena de solidaritat i harmonia. Cada grup classe ha compartit inspiradores frases, seguides d&#8217;un emotiu cant &#8220;El m\u00f3n seria m\u00e9s feli\u00e7&#8221;. Hem culminat la celebraci\u00f3 amb la creaci\u00f3 d&#8217;un cor unificador entre tot l&#8217;alumnat i mestres, recordant-nos que junts constru\u00efm un entorn escolar ple d&#8217;amistat i respecte. \ud83d\udc99\ud83c\udf0d <\/span><\/p>\n<p class=\"p1\"><span class=\"s1\">\ud83c\udf08 A m\u00e9s a m\u00e9s, cada grup cooperatiu de totes les classes han contribu\u00eft amb el seu granet de sorra escrivint un desig de pau en una etiqueta, que ara oneja a l&#8217;Arbre dels Desitjos a l&#8217;entrada de l&#8217;escola. Aix\u00ed sembrem la nostra escola amb somnis de pau i enteniment, creant un lloc on els desitjos es converteixen en realitat. \ud83e\udd1d\ud83d\udcdc<\/span><\/p>\n<p>En el seg\u00fcent enlla\u00e7 trobareu el recull de fotos de la celebraci\u00f3: <a href=\"https:\/\/photos.app.goo.gl\/wqpNaH6gubWU8Lsu7\" target=\"_blank\" rel=\"noopener\">DENIP 2024<\/a><\/p>\n","protected":false},"excerpt":{"rendered":"<p>\ud83d\udd4a\ufe0f Aquest mat\u00ed hem celebrat el Dia Escolar de la No-viol\u00e8ncia i la Pau (DENIP) amb una jornada plena de solidaritat i harmonia. Cada grup classe ha compartit inspiradores frases, seguides d&#8217;un emotiu cant &#8220;El m\u00f3n seria m\u00e9s feli\u00e7&#8221;. Hem culminat la celebraci\u00f3 amb la creaci\u00f3 d&#8217;un cor unificador entre tot l&#8217;alumnat i mestres, recordant-nos [&hellip;]<\/p>\n","protected":false},"author":65,"featured_media":22973,"comment_status":"open","ping_status":"closed","sticky":false,"template":"","format":"standard","meta":{"_bbp_topic_count":0,"_bbp_reply_count":0,"_bbp_total_topic_count":0,"_bbp_total_reply_count":0,"_bbp_voice_count":0,"_bbp_anonymous_reply_count":0,"_bbp_topic_count_hidden":0,"_bbp_reply_count_hidden":0,"_bbp_forum_subforum_count":0,"site-sidebar-layout":"default","site-content-layout":"","ast-site-content-layout":"","site-content-style":"default","site-sidebar-style":"default","ast-global-header-display":"","ast-banner-title-visibility":"","ast-main-header-display":"","ast-hfb-above-header-display":"","ast-hfb-below-header-display":"","ast-hfb-mobile-header-display":"","site-post-title":"","ast-breadcrumbs-content":"","ast-featured-img":"","footer-sml-layout":"","theme-transparent-header-meta":"","adv-header-id-meta":"","stick-header-meta":"","header-above-stick-meta":"","header-main-stick-meta":"","header-below-stick-meta":"","astra-migrate-meta-layouts":"default","ast-page-background-enabled":"default","ast-page-background-meta":{"desktop":{"background-color":"var(--ast-global-color-4)","background-image":"","background-repeat":"repeat","background-position":"center center","background-size":"auto","background-attachment":"scroll","background-type":"","background-media":"","overlay-type":"","overlay-color":"","overlay-opacity":"","overlay-gradient":""},"tablet":{"background-color":"","background-image":"","background-repeat":"repeat","background-position":"center center","background-size":"auto","background-attachment":"scroll","background-type":"","background-media":"","overlay-type":"","overlay-color":"","overlay-opacity":"","overlay-gradient":""},"mobile":{"background-color":"","background-image":"","background-repeat":"repeat","background-position":"center center","background-size":"auto","background-attachment":"scroll","background-type":"","background-media":"","overlay-type":"","overlay-color":"","overlay-opacity":"","overlay-gradient":""}},"ast-content-background-meta":{"desktop":{"background-color":"var(--ast-global-color-5)","background-image":"","background-repeat":"repeat","background-position":"center center","background-size":"auto","background-attachment":"scroll","background-type":"","background-media":"","overlay-type":"","overlay-color":"","overlay-opacity":"","overlay-gradient":""},"tablet":{"background-color":"var(--ast-global-color-5)","background-image":"","background-repeat":"repeat","background-position":"center center","background-size":"auto","background-attachment":"scroll","background-type":"","background-media":"","overlay-type":"","overlay-color":"","overlay-opacity":"","overlay-gradient":""},"mobile":{"background-color":"var(--ast-global-color-5)","background-image":"","background-repeat":"repeat","background-position":"center center","background-size":"auto","background-attachment":"scroll","background-type":"","background-media":"","overlay-type":"","overlay-color":"","overlay-opacity":"","overlay-gradient":""}},"footnotes":""},"categories":[956,830,831,782,783,668,669,571,572,502,503,504,22,1,1021,4],"tags":[594,929,118],"class_list":["post-22971","post","type-post","status-publish","format-standard","has-post-thumbnail","hentry","category-2022-2031","category-2021-2030-grup-a","category-2021-2030-grup-b","category-gr20a","category-gr20b","category-2019-2028-grup-a","category-2019-2028-grup-b","category-18-27-a","category-16-27-b","category-gr01","category-gr02","category-gr03","category-activitats","category-general","category-2023-2032","category-portada","tag-denip","tag-dia-escolar-de-la-no-violencia-i-la-pau","tag-pau"],"post_mailing_queue_ids":[],"_links":{"self":[{"href":"https:\/\/agora.xtec.cat\/ceip-lesferreries-palafolls\/wp-json\/wp\/v2\/posts\/22971","targetHints":{"allow":["GET"]}}],"collection":[{"href":"https:\/\/agora.xtec.cat\/ceip-lesferreries-palafolls\/wp-json\/wp\/v2\/posts"}],"about":[{"href":"https:\/\/agora.xtec.cat\/ceip-lesferreries-palafolls\/wp-json\/wp\/v2\/types\/post"}],"author":[{"embeddable":true,"href":"https:\/\/agora.xtec.cat\/ceip-lesferreries-palafolls\/wp-json\/wp\/v2\/users\/65"}],"replies":[{"embeddable":true,"href":"https:\/\/agora.xtec.cat\/ceip-lesferreries-palafolls\/wp-json\/wp\/v2\/comments?post=22971"}],"version-history":[{"count":1,"href":"https:\/\/agora.xtec.cat\/ceip-lesferreries-palafolls\/wp-json\/wp\/v2\/posts\/22971\/revisions"}],"predecessor-version":[{"id":22972,"href":"https:\/\/agora.xtec.cat\/ceip-lesferreries-palafolls\/wp-json\/wp\/v2\/posts\/22971\/revisions\/22972"}],"wp:featuredmedia":[{"embeddable":true,"href":"https:\/\/agora.xtec.cat\/ceip-lesferreries-palafolls\/wp-json\/wp\/v2\/media\/22973"}],"wp:attachment":[{"href":"https:\/\/agora.xtec.cat\/ceip-lesferreries-palafolls\/wp-json\/wp\/v2\/media?parent=22971"}],"wp:term":[{"taxonomy":"category","embeddable":true,"href":"https:\/\/agora.xtec.cat\/ceip-lesferreries-palafolls\/wp-json\/wp\/v2\/categories?post=22971"},{"taxonomy":"post_tag","embeddable":true,"href":"https:\/\/agora.xtec.cat\/ceip-lesferreries-palafolls\/wp-json\/wp\/v2\/tags?post=22971"}],"curies":[{"name":"wp","href":"https:\/\/api.w.org\/{rel}","templated":true}]}}