{"id":22909,"date":"2023-12-20T19:46:15","date_gmt":"2023-12-20T18:46:15","guid":{"rendered":"https:\/\/agora.xtec.cat\/ceip-lesferreries-palafolls\/?p=22909"},"modified":"2023-12-20T20:04:22","modified_gmt":"2023-12-20T19:04:22","slug":"activitats-primer-trimestre-i5","status":"publish","type":"post","link":"https:\/\/agora.xtec.cat\/ceip-lesferreries-palafolls\/general\/activitats-primer-trimestre-i5\/","title":{"rendered":"Activitats primer trimestre I5"},"content":{"rendered":"<p>Hola, fam\u00edlies!<br \/>\nHem arribat al final del trimestre i ja tenim aqu\u00ed les vacances de Nadal. Ha estat un trimestre fant\u00e0stic, hem treballat de valent i, al mateix temps, hem gaudit molt\u00edssim!<br \/>\nCom sempre, volem compartir amb vosaltres un recull de fotografies de les activitats que hem dut a terme durant aquests mesos.<br \/>\nSi podeu, busqueu un moment per mirar-les amb els vostres fills i filles i que us expliquin una miqueta tot all\u00f2 que han fet a l&#8217;escola.<br \/>\nBones vacances, petons i fins aviat!<\/p>\n<p><a href=\"https:\/\/photos.app.goo.gl\/HfSuzA9jdTbEVdNW6\">EXPERT I EXPERTA DE LA SETMANA<\/a><br \/>\n<a href=\"https:\/\/photos.app.goo.gl\/4kaLV7VuM2fbK6TE7\">PROJECTE SOBRE L&#8217;ESPAI<\/a><br \/>\n<a href=\"https:\/\/photos.app.goo.gl\/qnxD1kDj6KsA6v428\">PL\u00c0STICA I EXPERIMENTACI\u00d3<\/a><br \/>\n<a href=\"https:\/\/photos.app.goo.gl\/Zd6qJu75EGsgMQer5\">ACTIVITATS DE CONSCI\u00c8NCIA FONOL\u00d2GICA<\/a><br \/>\n<a href=\"https:\/\/photos.app.goo.gl\/Eqi6vmHjU75FsYZK7\">ESPAIS D&#8217;APRENENTATGE<\/a><br \/>\n<a href=\"https:\/\/photos.app.goo.gl\/vxMKodAdJZMfgDu5A\">M\u00daSICA<\/a><br \/>\n<a href=\"https:\/\/photos.app.goo.gl\/3CpgFkB3QHQFZ3d67\">ALTRES ACTIVITATS<\/a><\/p>\n","protected":false},"excerpt":{"rendered":"<p>Hola, fam\u00edlies! Hem arribat al final del trimestre i ja tenim aqu\u00ed les vacances de Nadal. Ha estat un trimestre fant\u00e0stic, hem treballat de valent i, al mateix temps, hem gaudit molt\u00edssim! Com sempre, volem compartir amb vosaltres un recull de fotografies de les activitats que hem dut a terme durant aquests mesos. Si podeu, [&hellip;]<\/p>\n","protected":false},"author":103,"featured_media":22913,"comment_status":"open","ping_status":"closed","sticky":false,"template":"","format":"standard","meta":{"_bbp_topic_count":0,"_bbp_reply_count":0,"_bbp_total_topic_count":0,"_bbp_total_reply_count":0,"_bbp_voice_count":0,"_bbp_anonymous_reply_count":0,"_bbp_topic_count_hidden":0,"_bbp_reply_count_hidden":0,"_bbp_forum_subforum_count":0,"site-sidebar-layout":"default","site-content-layout":"","ast-site-content-layout":"","site-content-style":"default","site-sidebar-style":"default","ast-global-header-display":"","ast-banner-title-visibility":"","ast-main-header-display":"","ast-hfb-above-header-display":"","ast-hfb-below-header-display":"","ast-hfb-mobile-header-display":"","site-post-title":"","ast-breadcrumbs-content":"","ast-featured-img":"","footer-sml-layout":"","theme-transparent-header-meta":"","adv-header-id-meta":"","stick-header-meta":"","header-above-stick-meta":"","header-main-stick-meta":"","header-below-stick-meta":"","astra-migrate-meta-layouts":"default","ast-page-background-enabled":"default","ast-page-background-meta":{"desktop":{"background-color":"var(--ast-global-color-4)","background-image":"","background-repeat":"repeat","background-position":"center center","background-size":"auto","background-attachment":"scroll","background-type":"","background-media":"","overlay-type":"","overlay-color":"","overlay-opacity":"","overlay-gradient":""},"tablet":{"background-color":"","background-image":"","background-repeat":"repeat","background-position":"center center","background-size":"auto","background-attachment":"scroll","background-type":"","background-media":"","overlay-type":"","overlay-color":"","overlay-opacity":"","overlay-gradient":""},"mobile":{"background-color":"","background-image":"","background-repeat":"repeat","background-position":"center center","background-size":"auto","background-attachment":"scroll","background-type":"","background-media":"","overlay-type":"","overlay-color":"","overlay-opacity":"","overlay-gradient":""}},"ast-content-background-meta":{"desktop":{"background-color":"var(--ast-global-color-5)","background-image":"","background-repeat":"repeat","background-position":"center center","background-size":"auto","background-attachment":"scroll","background-type":"","background-media":"","overlay-type":"","overlay-color":"","overlay-opacity":"","overlay-gradient":""},"tablet":{"background-color":"var(--ast-global-color-5)","background-image":"","background-repeat":"repeat","background-position":"center center","background-size":"auto","background-attachment":"scroll","background-type":"","background-media":"","overlay-type":"","overlay-color":"","overlay-opacity":"","overlay-gradient":""},"mobile":{"background-color":"var(--ast-global-color-5)","background-image":"","background-repeat":"repeat","background-position":"center center","background-size":"auto","background-attachment":"scroll","background-type":"","background-media":"","overlay-type":"","overlay-color":"","overlay-opacity":"","overlay-gradient":""}},"footnotes":""},"categories":[830,831,33,36,1,4],"tags":[],"class_list":["post-22909","post","type-post","status-publish","format-standard","has-post-thumbnail","hentry","category-2021-2030-grup-a","category-2021-2030-grup-b","category-educacio-infantil","category-galeria","category-general","category-portada"],"post_mailing_queue_ids":[],"_links":{"self":[{"href":"https:\/\/agora.xtec.cat\/ceip-lesferreries-palafolls\/wp-json\/wp\/v2\/posts\/22909","targetHints":{"allow":["GET"]}}],"collection":[{"href":"https:\/\/agora.xtec.cat\/ceip-lesferreries-palafolls\/wp-json\/wp\/v2\/posts"}],"about":[{"href":"https:\/\/agora.xtec.cat\/ceip-lesferreries-palafolls\/wp-json\/wp\/v2\/types\/post"}],"author":[{"embeddable":true,"href":"https:\/\/agora.xtec.cat\/ceip-lesferreries-palafolls\/wp-json\/wp\/v2\/users\/103"}],"replies":[{"embeddable":true,"href":"https:\/\/agora.xtec.cat\/ceip-lesferreries-palafolls\/wp-json\/wp\/v2\/comments?post=22909"}],"version-history":[{"count":4,"href":"https:\/\/agora.xtec.cat\/ceip-lesferreries-palafolls\/wp-json\/wp\/v2\/posts\/22909\/revisions"}],"predecessor-version":[{"id":22915,"href":"https:\/\/agora.xtec.cat\/ceip-lesferreries-palafolls\/wp-json\/wp\/v2\/posts\/22909\/revisions\/22915"}],"wp:featuredmedia":[{"embeddable":true,"href":"https:\/\/agora.xtec.cat\/ceip-lesferreries-palafolls\/wp-json\/wp\/v2\/media\/22913"}],"wp:attachment":[{"href":"https:\/\/agora.xtec.cat\/ceip-lesferreries-palafolls\/wp-json\/wp\/v2\/media?parent=22909"}],"wp:term":[{"taxonomy":"category","embeddable":true,"href":"https:\/\/agora.xtec.cat\/ceip-lesferreries-palafolls\/wp-json\/wp\/v2\/categories?post=22909"},{"taxonomy":"post_tag","embeddable":true,"href":"https:\/\/agora.xtec.cat\/ceip-lesferreries-palafolls\/wp-json\/wp\/v2\/tags?post=22909"}],"curies":[{"name":"wp","href":"https:\/\/api.w.org\/{rel}","templated":true}]}}