{"id":22883,"date":"2023-12-15T18:18:46","date_gmt":"2023-12-15T17:18:46","guid":{"rendered":"https:\/\/agora.xtec.cat\/ceip-lesferreries-palafolls\/?p=22883"},"modified":"2025-10-21T10:24:57","modified_gmt":"2025-10-21T08:24:57","slug":"4t-llegendes-de-girona-curs-23-24","status":"publish","type":"post","link":"https:\/\/agora.xtec.cat\/ceip-lesferreries-palafolls\/general\/4t-llegendes-de-girona-curs-23-24\/","title":{"rendered":"4t Llegendes de Girona curs 23\/24"},"content":{"rendered":"<p>Bon dia fam\u00edlies!<\/p>\n<p>L&#8217;alumnat de 4t hem treballat qu\u00e8 \u00e9s una llegenda i ens hem centrat amb les llegendes de Girona. Per grups han treballat una de les llegendes i han preparat representacions, presentacions i\/o murals per explicar-ho a la resta de la classe.<\/p>\n<p>Ha sigut una experi\u00e8ncia molt divertida, treballant en grup, ajudant-nos els uns als altres i buscant la millora manera de passar a l\u2019acci\u00f3!<\/p>\n<p>Voleu descobrir les llegendes de Girona?<\/p>\n<p>Doncs endavant!<\/p>\n<p>Per tancar aquest tema avui 15 de desembre, l&#8217;alumnat de 4t, hem anat a Girona a passar el dia, hem pogut gaudir d\u2019un itinerari pels espais que representen algunes de les llegendes de Girona.<\/p>\n<p>Ens han acompanyat tres guies tur\u00edstics\u00a0 i ens han explicat algunes cosetes que encara no sab\u00edem!<\/p>\n<p>Per \u00faltim hem fet una ruta pel casc antic de Girona visitant els diferents empla\u00e7aments.<\/p>\n<p>Hem gaudit d\u2019un dia fant\u00e0stic!<\/p>\n<p>Ha sigut\u00a0 una sortida molt interessant i plena de m\u00e0gia!<\/p>\n<p>Voleu mirar les fotografies?<\/p>\n<p>Aqu\u00ed les teniu!<\/p>\n<p><a href=\"https:\/\/photos.app.goo.gl\/bxEFiFW88yx3TmST8\" target=\"_blank\" rel=\"noopener\">Fotos llegendes<\/a><\/p>\n<p>S\u00edlvia, Ram\u00f3n i Meritxell.<\/p>\n","protected":false},"excerpt":{"rendered":"<p>Bon dia fam\u00edlies! L&#8217;alumnat de 4t hem treballat qu\u00e8 \u00e9s una llegenda i ens hem centrat amb les llegendes de Girona. Per grups han treballat una de les llegendes i han preparat representacions, presentacions i\/o murals per explicar-ho a la resta de la classe. Ha sigut una experi\u00e8ncia molt divertida, treballant en grup, ajudant-nos els [&hellip;]<\/p>\n","protected":false},"author":70,"featured_media":22884,"comment_status":"open","ping_status":"closed","sticky":false,"template":"","format":"standard","meta":{"_bbp_topic_count":0,"_bbp_reply_count":0,"_bbp_total_topic_count":0,"_bbp_total_reply_count":0,"_bbp_voice_count":0,"_bbp_anonymous_reply_count":0,"_bbp_topic_count_hidden":0,"_bbp_reply_count_hidden":0,"_bbp_forum_subforum_count":0,"site-sidebar-layout":"default","site-content-layout":"","ast-site-content-layout":"","site-content-style":"default","site-sidebar-style":"default","ast-global-header-display":"","ast-banner-title-visibility":"","ast-main-header-display":"","ast-hfb-above-header-display":"","ast-hfb-below-header-display":"","ast-hfb-mobile-header-display":"","site-post-title":"","ast-breadcrumbs-content":"","ast-featured-img":"","footer-sml-layout":"","theme-transparent-header-meta":"","adv-header-id-meta":"","stick-header-meta":"","header-above-stick-meta":"","header-main-stick-meta":"","header-below-stick-meta":"","astra-migrate-meta-layouts":"default","ast-page-background-enabled":"default","ast-page-background-meta":{"desktop":{"background-color":"var(--ast-global-color-4)","background-image":"","background-repeat":"repeat","background-position":"center center","background-size":"auto","background-attachment":"scroll","background-type":"","background-media":"","overlay-type":"","overlay-color":"","overlay-opacity":"","overlay-gradient":""},"tablet":{"background-color":"","background-image":"","background-repeat":"repeat","background-position":"center center","background-size":"auto","background-attachment":"scroll","background-type":"","background-media":"","overlay-type":"","overlay-color":"","overlay-opacity":"","overlay-gradient":""},"mobile":{"background-color":"","background-image":"","background-repeat":"repeat","background-position":"center center","background-size":"auto","background-attachment":"scroll","background-type":"","background-media":"","overlay-type":"","overlay-color":"","overlay-opacity":"","overlay-gradient":""}},"ast-content-background-meta":{"desktop":{"background-color":"var(--ast-global-color-5)","background-image":"","background-repeat":"repeat","background-position":"center center","background-size":"auto","background-attachment":"scroll","background-type":"","background-media":"","overlay-type":"","overlay-color":"","overlay-opacity":"","overlay-gradient":""},"tablet":{"background-color":"var(--ast-global-color-5)","background-image":"","background-repeat":"repeat","background-position":"center center","background-size":"auto","background-attachment":"scroll","background-type":"","background-media":"","overlay-type":"","overlay-color":"","overlay-opacity":"","overlay-gradient":""},"mobile":{"background-color":"var(--ast-global-color-5)","background-image":"","background-repeat":"repeat","background-position":"center center","background-size":"auto","background-attachment":"scroll","background-type":"","background-media":"","overlay-type":"","overlay-color":"","overlay-opacity":"","overlay-gradient":""}},"footnotes":""},"categories":[502,503,504,1086,1,4],"tags":[],"class_list":["post-22883","post","type-post","status-publish","format-standard","has-post-thumbnail","hentry","category-gr01","category-gr02","category-gr03","category-cicle-mitja","category-general","category-portada"],"post_mailing_queue_ids":[],"_links":{"self":[{"href":"https:\/\/agora.xtec.cat\/ceip-lesferreries-palafolls\/wp-json\/wp\/v2\/posts\/22883","targetHints":{"allow":["GET"]}}],"collection":[{"href":"https:\/\/agora.xtec.cat\/ceip-lesferreries-palafolls\/wp-json\/wp\/v2\/posts"}],"about":[{"href":"https:\/\/agora.xtec.cat\/ceip-lesferreries-palafolls\/wp-json\/wp\/v2\/types\/post"}],"author":[{"embeddable":true,"href":"https:\/\/agora.xtec.cat\/ceip-lesferreries-palafolls\/wp-json\/wp\/v2\/users\/70"}],"replies":[{"embeddable":true,"href":"https:\/\/agora.xtec.cat\/ceip-lesferreries-palafolls\/wp-json\/wp\/v2\/comments?post=22883"}],"version-history":[{"count":3,"href":"https:\/\/agora.xtec.cat\/ceip-lesferreries-palafolls\/wp-json\/wp\/v2\/posts\/22883\/revisions"}],"predecessor-version":[{"id":22938,"href":"https:\/\/agora.xtec.cat\/ceip-lesferreries-palafolls\/wp-json\/wp\/v2\/posts\/22883\/revisions\/22938"}],"wp:featuredmedia":[{"embeddable":true,"href":"https:\/\/agora.xtec.cat\/ceip-lesferreries-palafolls\/wp-json\/wp\/v2\/media\/22884"}],"wp:attachment":[{"href":"https:\/\/agora.xtec.cat\/ceip-lesferreries-palafolls\/wp-json\/wp\/v2\/media?parent=22883"}],"wp:term":[{"taxonomy":"category","embeddable":true,"href":"https:\/\/agora.xtec.cat\/ceip-lesferreries-palafolls\/wp-json\/wp\/v2\/categories?post=22883"},{"taxonomy":"post_tag","embeddable":true,"href":"https:\/\/agora.xtec.cat\/ceip-lesferreries-palafolls\/wp-json\/wp\/v2\/tags?post=22883"}],"curies":[{"name":"wp","href":"https:\/\/api.w.org\/{rel}","templated":true}]}}