{"id":22752,"date":"2023-10-05T13:50:45","date_gmt":"2023-10-05T11:50:45","guid":{"rendered":"https:\/\/agora.xtec.cat\/ceip-lesferreries-palafolls\/?p=22752"},"modified":"2025-06-11T10:42:20","modified_gmt":"2025-06-11T08:42:20","slug":"taller-danimals-vertebrats-a-4t","status":"publish","type":"post","link":"https:\/\/agora.xtec.cat\/ceip-lesferreries-palafolls\/general\/taller-danimals-vertebrats-a-4t\/","title":{"rendered":"Taller d&#8217;animals vertebrats a 4t"},"content":{"rendered":"<p>Hola fam\u00edlies!<\/p>\n<p>Aquest dimecres hem rebut la visita d\u2019en Jordi i la Carla de Bioescola que han vingut a fer-nos un taller acompanyats d&#8217;un mam\u00edfer, un ocell, un amfibi i tres r\u00e8ptils. Eren uns animals molt simp\u00e0tics: un conill (Fantasma), una tortuga (Rosal\u00eda), un drag\u00f3 (Yellow), una granota (Princesa), un ocell (Blanca) i una serp (Flama)!<\/p>\n<p>Hem pogut recordar i aprendre molts dels continguts que hem anat treballant durant aquestes setmanes a Coneixement de medi natural\u00a0 sobre els animals i ens hem adonat que som uns experts i unes expertes en els animals vertebrats.<\/p>\n<p>Ens ha agradat molt con\u00e8ixer aquests animals de tant a prop! Els hem pogut tocar i veure en primera persona com s\u00f3n! Ha estat espectacular!<\/p>\n<p>Aqu\u00ed teniu les nostres fotografies del taller!<\/p>\n<p><a href=\"https:\/\/photos.app.goo.gl\/n2oLKFsm7Gv3Lxrs9\">Fotos 4t A<\/a><\/p>\n<p><a href=\"https:\/\/photos.app.goo.gl\/twcVVY3T8FDE8cUQ9\">Fotos 4t C<\/a><\/p>\n<p>S\u00edlvia, Ram\u00f3n i Meritxell<\/p>\n<p>Moltes gr\u00e0cies\u00a0 <a href=\"https:\/\/agora.xtec.cat\/ceip-lesferreries-palafolls\/wp-content\/uploads\/usu670\/2023\/10\/logo-bioescola.jpg\"><img loading=\"lazy\" decoding=\"async\" class=\"alignnone wp-image-22753\" src=\"https:\/\/agora.xtec.cat\/ceip-lesferreries-palafolls\/wp-content\/uploads\/usu670\/2023\/10\/logo-bioescola.jpg\" alt=\"\" width=\"112\" height=\"31\" srcset=\"https:\/\/agora.xtec.cat\/ceip-lesferreries-palafolls\/wp-content\/uploads\/usu670\/2023\/10\/logo-bioescola.jpg 600w, https:\/\/agora.xtec.cat\/ceip-lesferreries-palafolls\/wp-content\/uploads\/usu670\/2023\/10\/logo-bioescola-300x83.jpg 300w\" sizes=\"auto, (max-width: 112px) 100vw, 112px\" \/><\/a><\/p>\n","protected":false},"excerpt":{"rendered":"<p>Hola fam\u00edlies! Aquest dimecres hem rebut la visita d\u2019en Jordi i la Carla de Bioescola que han vingut a fer-nos un taller acompanyats d&#8217;un mam\u00edfer, un ocell, un amfibi i tres r\u00e8ptils. Eren uns animals molt simp\u00e0tics: un conill (Fantasma), una tortuga (Rosal\u00eda), un drag\u00f3 (Yellow), una granota (Princesa), un ocell (Blanca) i una serp [&hellip;]<\/p>\n","protected":false},"author":70,"featured_media":5331,"comment_status":"open","ping_status":"closed","sticky":false,"template":"","format":"standard","meta":{"_bbp_topic_count":0,"_bbp_reply_count":0,"_bbp_total_topic_count":0,"_bbp_total_reply_count":0,"_bbp_voice_count":0,"_bbp_anonymous_reply_count":0,"_bbp_topic_count_hidden":0,"_bbp_reply_count_hidden":0,"_bbp_forum_subforum_count":0,"site-sidebar-layout":"default","site-content-layout":"","ast-site-content-layout":"","site-content-style":"default","site-sidebar-style":"default","ast-global-header-display":"","ast-banner-title-visibility":"","ast-main-header-display":"","ast-hfb-above-header-display":"","ast-hfb-below-header-display":"","ast-hfb-mobile-header-display":"","site-post-title":"","ast-breadcrumbs-content":"","ast-featured-img":"","footer-sml-layout":"","theme-transparent-header-meta":"","adv-header-id-meta":"","stick-header-meta":"","header-above-stick-meta":"","header-main-stick-meta":"","header-below-stick-meta":"","astra-migrate-meta-layouts":"default","ast-page-background-enabled":"default","ast-page-background-meta":{"desktop":{"background-color":"var(--ast-global-color-4)","background-image":"","background-repeat":"repeat","background-position":"center center","background-size":"auto","background-attachment":"scroll","background-type":"","background-media":"","overlay-type":"","overlay-color":"","overlay-opacity":"","overlay-gradient":""},"tablet":{"background-color":"","background-image":"","background-repeat":"repeat","background-position":"center center","background-size":"auto","background-attachment":"scroll","background-type":"","background-media":"","overlay-type":"","overlay-color":"","overlay-opacity":"","overlay-gradient":""},"mobile":{"background-color":"","background-image":"","background-repeat":"repeat","background-position":"center center","background-size":"auto","background-attachment":"scroll","background-type":"","background-media":"","overlay-type":"","overlay-color":"","overlay-opacity":"","overlay-gradient":""}},"ast-content-background-meta":{"desktop":{"background-color":"var(--ast-global-color-5)","background-image":"","background-repeat":"repeat","background-position":"center center","background-size":"auto","background-attachment":"scroll","background-type":"","background-media":"","overlay-type":"","overlay-color":"","overlay-opacity":"","overlay-gradient":""},"tablet":{"background-color":"var(--ast-global-color-5)","background-image":"","background-repeat":"repeat","background-position":"center center","background-size":"auto","background-attachment":"scroll","background-type":"","background-media":"","overlay-type":"","overlay-color":"","overlay-opacity":"","overlay-gradient":""},"mobile":{"background-color":"var(--ast-global-color-5)","background-image":"","background-repeat":"repeat","background-position":"center center","background-size":"auto","background-attachment":"scroll","background-type":"","background-media":"","overlay-type":"","overlay-color":"","overlay-opacity":"","overlay-gradient":""}},"footnotes":""},"categories":[502,503,504,372,36,1,4],"tags":[535,168,573,182],"class_list":["post-22752","post","type-post","status-publish","format-standard","has-post-thumbnail","hentry","category-gr01","category-gr02","category-gr03","category-coneixement-del-medi-5e","category-galeria","category-general","category-portada","tag-4t-primaria","tag-activitats","tag-animals","tag-taller"],"post_mailing_queue_ids":[],"_links":{"self":[{"href":"https:\/\/agora.xtec.cat\/ceip-lesferreries-palafolls\/wp-json\/wp\/v2\/posts\/22752","targetHints":{"allow":["GET"]}}],"collection":[{"href":"https:\/\/agora.xtec.cat\/ceip-lesferreries-palafolls\/wp-json\/wp\/v2\/posts"}],"about":[{"href":"https:\/\/agora.xtec.cat\/ceip-lesferreries-palafolls\/wp-json\/wp\/v2\/types\/post"}],"author":[{"embeddable":true,"href":"https:\/\/agora.xtec.cat\/ceip-lesferreries-palafolls\/wp-json\/wp\/v2\/users\/70"}],"replies":[{"embeddable":true,"href":"https:\/\/agora.xtec.cat\/ceip-lesferreries-palafolls\/wp-json\/wp\/v2\/comments?post=22752"}],"version-history":[{"count":3,"href":"https:\/\/agora.xtec.cat\/ceip-lesferreries-palafolls\/wp-json\/wp\/v2\/posts\/22752\/revisions"}],"predecessor-version":[{"id":24039,"href":"https:\/\/agora.xtec.cat\/ceip-lesferreries-palafolls\/wp-json\/wp\/v2\/posts\/22752\/revisions\/24039"}],"wp:featuredmedia":[{"embeddable":true,"href":"https:\/\/agora.xtec.cat\/ceip-lesferreries-palafolls\/wp-json\/wp\/v2\/media\/5331"}],"wp:attachment":[{"href":"https:\/\/agora.xtec.cat\/ceip-lesferreries-palafolls\/wp-json\/wp\/v2\/media?parent=22752"}],"wp:term":[{"taxonomy":"category","embeddable":true,"href":"https:\/\/agora.xtec.cat\/ceip-lesferreries-palafolls\/wp-json\/wp\/v2\/categories?post=22752"},{"taxonomy":"post_tag","embeddable":true,"href":"https:\/\/agora.xtec.cat\/ceip-lesferreries-palafolls\/wp-json\/wp\/v2\/tags?post=22752"}],"curies":[{"name":"wp","href":"https:\/\/api.w.org\/{rel}","templated":true}]}}