{"id":22531,"date":"2023-06-26T11:00:02","date_gmt":"2023-06-26T09:00:02","guid":{"rendered":"https:\/\/agora.xtec.cat\/ceip-lesferreries-palafolls\/?p=22531"},"modified":"2023-06-26T11:00:02","modified_gmt":"2023-06-26T09:00:02","slug":"fi-de-curs-i-comiat-6e","status":"publish","type":"post","link":"https:\/\/agora.xtec.cat\/ceip-lesferreries-palafolls\/general\/fi-de-curs-i-comiat-6e\/","title":{"rendered":"Fi de curs i comiat 6\u00e8"},"content":{"rendered":"<p>El dijous 22 de juny, ens v\u00e0rem poder acomiadar del curs 22-23 i de l\u2019alumnat de 6\u00e8 que el curs vinent comen\u00e7ar\u00e0 una nova etapa amb el pas a la secund\u00e0ria.<\/p>\n<p>V\u00e0rem iniciar el mat\u00ed al teatre de Palafolls per realitzar la graduaci\u00f3 dels i les alumnes de 6\u00e8 de prim\u00e0ria amb els nens i nenes de tota la prim\u00e0ria, un acte molt emotiu on l&#8217;alumnat de 6\u00e8 com a cloenda de l&#8217;acte van fer un ball sorpresa, mentrestant l\u2019alumnat d\u2019infantil varen fer un pica-pica de fi de curs.<\/p>\n<p>Un cop acabat el comiat de 6\u00e8, v\u00e0rem tornar a l\u2019escola i cada grup tamb\u00e9 va fer el seu pica-pica musicalitzat per Dj Bassi i un saxofonista, activitat organitzada per l&#8217;AMPA de l&#8217;escola.<\/p>\n<p>Molta sort, nens i nenes de 6\u00e8 en aquesta nova etapa!!!<\/p>\n<p>Que tingueu tots i totes un bon estiu i ens retrobem al setembre!!<\/p>\n<p>A continuaci\u00f3, podeu veure les fotos de l\u2019\u00faltim dia:<\/p>\n<p><a href=\"https:\/\/photos.app.goo.gl\/vUrV9hWQXV5uDrTNA\" target=\"_blank\" rel=\"noopener\">Comiat Teatre 6\u00e8<\/a><\/p>\n<p><a href=\"https:\/\/photos.app.goo.gl\/W6EUh7Mn24BpH7Q78\" target=\"_blank\" rel=\"noopener\">Pica pica comiat<\/a><\/p>\n","protected":false},"excerpt":{"rendered":"<p>El dijous 22 de juny, ens v\u00e0rem poder acomiadar del curs 22-23 i de l\u2019alumnat de 6\u00e8 que el curs vinent comen\u00e7ar\u00e0 una nova etapa amb el pas a la secund\u00e0ria. V\u00e0rem iniciar el mat\u00ed al teatre de Palafolls per realitzar la graduaci\u00f3 dels i les alumnes de 6\u00e8 de prim\u00e0ria amb els nens i [&hellip;]<\/p>\n","protected":false},"author":65,"featured_media":22532,"comment_status":"open","ping_status":"closed","sticky":false,"template":"","format":"standard","meta":{"_bbp_topic_count":0,"_bbp_reply_count":0,"_bbp_total_topic_count":0,"_bbp_total_reply_count":0,"_bbp_voice_count":0,"_bbp_anonymous_reply_count":0,"_bbp_topic_count_hidden":0,"_bbp_reply_count_hidden":0,"_bbp_forum_subforum_count":0,"site-sidebar-layout":"default","site-content-layout":"","ast-site-content-layout":"","site-content-style":"default","site-sidebar-style":"default","ast-global-header-display":"","ast-banner-title-visibility":"","ast-main-header-display":"","ast-hfb-above-header-display":"","ast-hfb-below-header-display":"","ast-hfb-mobile-header-display":"","site-post-title":"","ast-breadcrumbs-content":"","ast-featured-img":"","footer-sml-layout":"","theme-transparent-header-meta":"","adv-header-id-meta":"","stick-header-meta":"","header-above-stick-meta":"","header-main-stick-meta":"","header-below-stick-meta":"","astra-migrate-meta-layouts":"default","ast-page-background-enabled":"default","ast-page-background-meta":{"desktop":{"background-color":"var(--ast-global-color-4)","background-image":"","background-repeat":"repeat","background-position":"center center","background-size":"auto","background-attachment":"scroll","background-type":"","background-media":"","overlay-type":"","overlay-color":"","overlay-opacity":"","overlay-gradient":""},"tablet":{"background-color":"","background-image":"","background-repeat":"repeat","background-position":"center center","background-size":"auto","background-attachment":"scroll","background-type":"","background-media":"","overlay-type":"","overlay-color":"","overlay-opacity":"","overlay-gradient":""},"mobile":{"background-color":"","background-image":"","background-repeat":"repeat","background-position":"center center","background-size":"auto","background-attachment":"scroll","background-type":"","background-media":"","overlay-type":"","overlay-color":"","overlay-opacity":"","overlay-gradient":""}},"ast-content-background-meta":{"desktop":{"background-color":"var(--ast-global-color-5)","background-image":"","background-repeat":"repeat","background-position":"center center","background-size":"auto","background-attachment":"scroll","background-type":"","background-media":"","overlay-type":"","overlay-color":"","overlay-opacity":"","overlay-gradient":""},"tablet":{"background-color":"var(--ast-global-color-5)","background-image":"","background-repeat":"repeat","background-position":"center center","background-size":"auto","background-attachment":"scroll","background-type":"","background-media":"","overlay-type":"","overlay-color":"","overlay-opacity":"","overlay-gradient":""},"mobile":{"background-color":"var(--ast-global-color-5)","background-image":"","background-repeat":"repeat","background-position":"center center","background-size":"auto","background-attachment":"scroll","background-type":"","background-media":"","overlay-type":"","overlay-color":"","overlay-opacity":"","overlay-gradient":""}},"footnotes":""},"categories":[1,4],"tags":[185,281],"class_list":["post-22531","post","type-post","status-publish","format-standard","has-post-thumbnail","hentry","category-general","category-portada","tag-comiat","tag-fi-de-curs"],"post_mailing_queue_ids":[],"_links":{"self":[{"href":"https:\/\/agora.xtec.cat\/ceip-lesferreries-palafolls\/wp-json\/wp\/v2\/posts\/22531","targetHints":{"allow":["GET"]}}],"collection":[{"href":"https:\/\/agora.xtec.cat\/ceip-lesferreries-palafolls\/wp-json\/wp\/v2\/posts"}],"about":[{"href":"https:\/\/agora.xtec.cat\/ceip-lesferreries-palafolls\/wp-json\/wp\/v2\/types\/post"}],"author":[{"embeddable":true,"href":"https:\/\/agora.xtec.cat\/ceip-lesferreries-palafolls\/wp-json\/wp\/v2\/users\/65"}],"replies":[{"embeddable":true,"href":"https:\/\/agora.xtec.cat\/ceip-lesferreries-palafolls\/wp-json\/wp\/v2\/comments?post=22531"}],"version-history":[{"count":1,"href":"https:\/\/agora.xtec.cat\/ceip-lesferreries-palafolls\/wp-json\/wp\/v2\/posts\/22531\/revisions"}],"predecessor-version":[{"id":22533,"href":"https:\/\/agora.xtec.cat\/ceip-lesferreries-palafolls\/wp-json\/wp\/v2\/posts\/22531\/revisions\/22533"}],"wp:featuredmedia":[{"embeddable":true,"href":"https:\/\/agora.xtec.cat\/ceip-lesferreries-palafolls\/wp-json\/wp\/v2\/media\/22532"}],"wp:attachment":[{"href":"https:\/\/agora.xtec.cat\/ceip-lesferreries-palafolls\/wp-json\/wp\/v2\/media?parent=22531"}],"wp:term":[{"taxonomy":"category","embeddable":true,"href":"https:\/\/agora.xtec.cat\/ceip-lesferreries-palafolls\/wp-json\/wp\/v2\/categories?post=22531"},{"taxonomy":"post_tag","embeddable":true,"href":"https:\/\/agora.xtec.cat\/ceip-lesferreries-palafolls\/wp-json\/wp\/v2\/tags?post=22531"}],"curies":[{"name":"wp","href":"https:\/\/api.w.org\/{rel}","templated":true}]}}