{"id":22517,"date":"2025-06-23T09:00:55","date_gmt":"2025-06-23T07:00:55","guid":{"rendered":"https:\/\/agora.xtec.cat\/ceip-lesferreries-palafolls\/?p=22517"},"modified":"2025-09-16T22:22:52","modified_gmt":"2025-09-16T20:22:52","slug":"extraescolars-curs-2025-2026","status":"publish","type":"post","link":"https:\/\/agora.xtec.cat\/ceip-lesferreries-palafolls\/afa\/extraescolars-curs-2025-2026\/","title":{"rendered":"Extraescolars curs 2025 &#8211; 2026"},"content":{"rendered":"<header class=\"entry-header\">\n<h1><span style=\"font-weight: 400\">Benvolgudes fam\u00edlies,<\/span><\/h1>\n<p><span style=\"font-weight: 400\">Dins del projecte d\u2019Extraescolars Comunit\u00e0ries us fem arribar l\u2019<\/span><b>OFERTA CONJUNTA de l\u2019AFA de Les Ferreries i l\u2019AFA de Mas Prats per al curs 2025 \u2013 2026, <\/b><span style=\"font-weight: 400\">ampliant les activitats oferides el curs anterior. <\/span><a href=\"https:\/\/drive.google.com\/file\/d\/1wOpPYR2BaaYgmMFZE_4MhhOT6pzOGfib\/view?usp=sharing\" target=\"_blank\" rel=\"noopener\"><span style=\"font-weight: 400\">Podeu consultar aqu\u00ed la planificaci\u00f3 setmanal.<\/span><\/a> <i><span style=\"font-weight: 400\">(informaci\u00f3 actualitzada setembre 2025)<\/span><\/i><\/p>\n<p>&nbsp;<\/p>\n<p><b>1r Periode d\u2019inscripci\u00f3 del 25 de juny al 15 de juliol de 2025<\/b><\/p>\n<p><span style=\"background-color: #ffff00\"><b>2n Periode d\u2019inscripci\u00f3 del 5 al 16 de setembre de 2025<\/b><\/span><\/p>\n<p><b>L\u2019inici de les extraescolars ser\u00e0 el dia 1 d\u2019octubre de 2025 i finalitzaran el 31 de maig de 2026.<\/b><\/p>\n<p><span style=\"font-weight: 400\">\u00a0<\/span><\/p>\n<p><span style=\"font-weight: 400\">L\u2019entitat o l\u2019empresa que les porti a terme ser\u00e0 la responsable de la gesti\u00f3 de les quotes, les inscripcions i l\u2019organitzaci\u00f3 dels grups segons les r\u00e0tios indicades per a cada activitat donat que <\/span><b>els m\u00ednims i m\u00e0xims de cada grup el fixar\u00e0 cada empresa<\/b><span style=\"font-weight: 400\"> (consulteu la informaci\u00f3 de cada activitat).<\/span><\/p>\n<p><span style=\"font-weight: 400\">Si el nombre de sol\u00b7licituds excedeix el nombre de participants permesos s\u2019accedir\u00e0 per rigor\u00f3s ordre de preinscripci\u00f3 i es podr\u00e0 valorar, segons disponibilitat de l\u2019empresa i\/o dels espais, l\u2019obertura d\u2019un segon grup. <\/span><b>Les inscripcions es mantindran obertes al llarg del curs i les noves incorporacions podran iniciar l\u2019activitat la setmana seg\u00fcent d\u2019haver formalitzat la inscripci\u00f3<\/b> <i><span style=\"font-weight: 400\">(en cas que l\u2019alta s\u2019hagi tramitat abans del dijous de cada setmana).<\/span><\/i><\/p>\n<p><span style=\"font-weight: 400\">Al igual que es va fer als cursos 2021-2022, 2022-2023, 2023-2024 i 2024-2025, cada activitat es realitzar\u00e0 a un dels centres escolars o als dos. <\/span><b>El trasllat dels alumnes restar\u00e0 cobert per l\u2019organitzaci\u00f3 i\/o per les empreses i entitats, <\/b><span style=\"font-weight: 400\">d\u2019acord amb les autoritzacions que us facilitaran les empreses i que haureu de retornar degudament complimentades. <\/span><b>La recollida dels alumnes per part de les fam\u00edlies ser\u00e0 al centre on s\u2019imparteixi l\u2019activitat, no a l\u2019escola d\u2019origen de l\u2019alumne.<\/b><\/p>\n<p><b>Continuant amb la idea d\u2019impulsar <\/b><span style=\"font-weight: 400\">el teixit associatiu i comercial del municipi i rodalies, comptem amb les seg\u00fcent <\/span><b>activitats que realitzaran diferents empreses i entitats palafollenques i de les poblacions properes.<\/b><span style=\"font-weight: 400\"> Desitgem que trobeu en aquesta oferta aquelles activitats que puguin agradar als vostres fills i filles.<\/span><\/p>\n<p><span style=\"font-weight: 400\">Podeu accedir a tota la informaci\u00f3 clicant els seg\u00fcents enlla\u00e7os, en cas de dubte consulteu amb les empreses.<\/span><\/p>\n<\/header>\n<p>&nbsp;<\/p>\n<p>&nbsp;<\/p>\n<p><span style=\"background-color: #cc99ff\"><strong>CLUB B\u00c0SQUET PALAFOLLS\u00a0<\/strong><\/span><\/p>\n<p><a href=\"https:\/\/drive.google.com\/file\/d\/1-qJ3w0I-6-f86iz29lXG04A5mas29m69\/view?usp=sharing\" target=\"_blank\" rel=\"noopener\">Informaci\u00f3 i inscripci\u00f3<\/a><\/p>\n<p><a href=\"https:\/\/drive.google.com\/file\/d\/19uhhETrZdahIf3iIAEi8W1dM_Nbk0Jto\/view?usp=sharing\" target=\"_blank\" rel=\"noopener\">Autoritzacions<\/a><\/p>\n<p>&nbsp;<\/p>\n<hr \/>\n<p><span style=\"background-color: #ccffcc\"><strong style=\"font-size: 16px;background-color: #ccffcc\">CLUB DEPORTIVO PALAFOLLS\u00a0<\/strong><\/span><\/p>\n<div class=\"entry-content\">\n<p><a href=\"https:\/\/drive.google.com\/file\/d\/1FBKEwKWn4WfdR8NW9TOrmmxBF1q7RllR\/view?usp=drive_link\" target=\"_blank\" rel=\"noopener\">Informaci\u00f3<\/a><\/p>\n<p><a href=\"https:\/\/drive.google.com\/file\/d\/1mQROnK86eiZ2tMUD9uCmyqOh2qiIa8S2\/view?usp=drive_link\" target=\"_blank\" rel=\"noopener\">Inscripcions<\/a><\/p>\n<p><a href=\"https:\/\/drive.google.com\/file\/d\/19uhhETrZdahIf3iIAEi8W1dM_Nbk0Jto\/view?usp=sharing\" target=\"_blank\" rel=\"noopener\">Autoritzacions<\/a><\/p>\n<p>&nbsp;<\/p>\n<hr \/>\n<p><span style=\"background-color: #ffcc99\"><strong>CLUB PAT\u00cd PALAFOLLS<\/strong><\/span><\/p>\n<p><a href=\"https:\/\/drive.google.com\/file\/d\/1jxcvkE2I71F4RVQ1YL5rbNEfTLcNAsxJ\/view?usp=drive_link\" target=\"_blank\" rel=\"noopener\">Informaci\u00f3 i inscripcions<\/a><\/p>\n<p><a href=\"https:\/\/drive.google.com\/file\/d\/19uhhETrZdahIf3iIAEi8W1dM_Nbk0Jto\/view?usp=sharing\" target=\"_blank\" rel=\"noopener\">Autoritzacions<\/a><\/p>\n<p>&nbsp;<\/p>\n<\/div>\n<hr \/>\n<div class=\"entry-content\">\n<p><span style=\"background-color: #ffff99\"><strong>ESCOLA D\u2019ESCACS COSTA BRAVA<\/strong><\/span><\/p>\n<p><a href=\"https:\/\/drive.google.com\/file\/d\/1d8ho0qGqUsKYhzxtHPGISNBdaQm005hX\/view?usp=drive_link\" target=\"_blank\" rel=\"noopener\">Informaci\u00f3<\/a><\/p>\n<p><a href=\"https:\/\/drive.google.com\/file\/d\/1DX_QLq2dPZyFfHwAYol_xp_egqlWLTPq\/view?usp=drive_link\" target=\"_blank\" rel=\"noopener\">Inscripcions<\/a><\/p>\n<p><a href=\"https:\/\/drive.google.com\/file\/d\/19uhhETrZdahIf3iIAEi8W1dM_Nbk0Jto\/view?usp=sharing\" target=\"_blank\" rel=\"noopener\">Autoritzacions<\/a><\/p>\n<p>&nbsp;<\/p>\n<\/div>\n<hr \/>\n<div class=\"entry-content\">\n<p><span style=\"background-color: #99ccff\"><strong>JOAN COLLS<\/strong><\/span><\/p>\n<p><a href=\"https:\/\/drive.google.com\/file\/d\/1GZFvEmTFFeOsOpUa2RTOl33opiSKcwtg\/view?usp=drive_link\" target=\"_blank\" rel=\"noopener\">Informaci\u00f3 i inscripcions<\/a><\/p>\n<p><a href=\"https:\/\/drive.google.com\/file\/d\/19uhhETrZdahIf3iIAEi8W1dM_Nbk0Jto\/view?usp=sharing\" target=\"_blank\" rel=\"noopener\">Autoritzacions<\/a><\/p>\n<p>&nbsp;<\/p>\n<hr \/>\n<p><span style=\"background-color: #cc99ff\"><strong>NOVA ERUDITIO<\/strong><\/span><\/p>\n<p><a href=\"https:\/\/drive.google.com\/file\/d\/18WCLZl8BBLrWXMs_2QKqLMCLCr63eU9u\/view?usp=drive_link\" target=\"_blank\" rel=\"noopener\">Informaci\u00f3 i inscripcions Rob\u00f2tica<\/a><\/p>\n<p><a href=\"https:\/\/drive.google.com\/file\/d\/1MXulL2t00JvZunItBDH-_T6lb1RvbKvF\/view?usp=drive_link\" target=\"_blank\" rel=\"noopener\">Informaci\u00f3 i inscripcions Fast Typing<\/a><\/p>\n<p><a href=\"https:\/\/drive.google.com\/file\/d\/19uhhETrZdahIf3iIAEi8W1dM_Nbk0Jto\/view?usp=sharing\" target=\"_blank\" rel=\"noopener\">Autoritzacions<\/a><\/p>\n<p>&nbsp;<\/p>\n<\/div>\n<hr \/>\n<p><span style=\"background-color: #ccffcc\"><strong>SKATIA<\/strong><\/span><\/p>\n<p><a href=\"https:\/\/drive.google.com\/file\/d\/1L7G7YKrEL2KRvSBndwBR04d32bZsbxiL\/view?usp=drive_link\" target=\"_blank\" rel=\"noopener\">Informaci\u00f3 i Inscripci\u00f3<\/a><\/p>\n<p><a href=\"https:\/\/drive.google.com\/file\/d\/19uhhETrZdahIf3iIAEi8W1dM_Nbk0Jto\/view?usp=sharing\" target=\"_blank\" rel=\"noopener\">Autoritzacions<\/a><\/p>\n<p>&nbsp;<\/p>\n<hr \/>\n<div class=\"entry-content\">\n<p><span style=\"background-color: #ffcc99\"><strong>TAEKWONDO<\/strong><\/span><\/p>\n<p><a href=\"https:\/\/drive.google.com\/file\/d\/1trd6_Zm36ElPXlcGujNKdGkY6dMsfmgt\/view?usp=drive_link\" target=\"_blank\" rel=\"noopener\">Informaci\u00f3 i Inscripcions<\/a><\/p>\n<p><a href=\"https:\/\/drive.google.com\/file\/d\/19uhhETrZdahIf3iIAEi8W1dM_Nbk0Jto\/view?usp=sharing\" target=\"_blank\" rel=\"noopener\">Autoritzacions<\/a><\/p>\n<p>&nbsp;<\/p>\n<hr \/>\n<p><span style=\"background-color: #ffff99\"><strong>TEATRE<\/strong><\/span><\/p>\n<p><a href=\"https:\/\/drive.google.com\/file\/d\/1NaXnlTMPRWLJ0NP8gELAKVk1XY8rg44E\/view?usp=drive_link\" target=\"_blank\" rel=\"noopener\">Informaci\u00f3<\/a><\/p>\n<p><a href=\"https:\/\/drive.google.com\/file\/d\/1zqwE1bObkHPOdMP0k13WUNOXPaBL3QLw\/view?usp=drive_link\" target=\"_blank\" rel=\"noopener\">Inscripcions<\/a><\/p>\n<p><a href=\"https:\/\/drive.google.com\/file\/d\/19uhhETrZdahIf3iIAEi8W1dM_Nbk0Jto\/view?usp=sharing\" target=\"_blank\" rel=\"noopener\">Autoritzacions<\/a><\/p>\n<p>&nbsp;<\/p>\n<hr \/>\n<p><span style=\"background-color: #99ccff\"><strong>TERESA RAMOS (Pintura)<\/strong><\/span><\/p>\n<p><a href=\"https:\/\/drive.google.com\/file\/d\/1jGyU8zizxj5trxeT_52maIM-b_LcLQin\/view?usp=drive_link\" target=\"_blank\" rel=\"noopener\">Informaci\u00f3<\/a><\/p>\n<p><a href=\"https:\/\/drive.google.com\/file\/d\/1hvJj4er4Xypm8ncvVgwAVaTksXA90Z3A\/view?usp=drive_link\" target=\"_blank\" rel=\"noopener\">Inscripcions<\/a><\/p>\n<p><a href=\"https:\/\/drive.google.com\/file\/d\/19uhhETrZdahIf3iIAEi8W1dM_Nbk0Jto\/view?usp=sharing\" target=\"_blank\" rel=\"noopener\">Autoritzacions<\/a><\/p>\n<p>&nbsp;<\/p>\n<hr \/>\n<p><span style=\"background-color: #cc99ff\"><strong>TWIRLING PALAFOLLS<\/strong><\/span><\/p>\n<p><a href=\"https:\/\/drive.google.com\/file\/d\/1sjWlxmYKUbutOJuSvo1In82gjErtQtmv\/view?usp=drive_link\" target=\"_blank\" rel=\"noopener\">Informaci\u00f3<\/a><\/p>\n<p><a href=\"https:\/\/forms.gle\/Tr1ecd9rgJ9igWZj8\" target=\"_blank\" rel=\"noopener\">Inscripcions<\/a><\/p>\n<p><a href=\"https:\/\/drive.google.com\/file\/d\/19uhhETrZdahIf3iIAEi8W1dM_Nbk0Jto\/view?usp=sharing\" target=\"_blank\" rel=\"noopener\">Autoritzacions<\/a><\/p>\n<p>&nbsp;<\/p>\n<hr \/>\n<p><span style=\"background-color: #ccffcc\"><strong>WHAT FUN &amp; APREN<\/strong><\/span><\/p>\n<p><a href=\"https:\/\/drive.google.com\/file\/d\/1g8fJ8f44fTcSFhlLxuSUJwzjb9iT_3zk\/view?usp=drive_link\" target=\"_blank\" rel=\"noopener\">Informaci\u00f3 i Inscripcions<\/a><\/p>\n<p><a href=\"https:\/\/drive.google.com\/file\/d\/19uhhETrZdahIf3iIAEi8W1dM_Nbk0Jto\/view?usp=sharing\" target=\"_blank\" rel=\"noopener\">Autoritzacions<\/a><\/p>\n<\/div>\n<p>&nbsp;<\/p>\n<p>&nbsp;<\/p>\n","protected":false},"excerpt":{"rendered":"<p>Benvolgudes fam\u00edlies, Dins del projecte d\u2019Extraescolars Comunit\u00e0ries us fem arribar l\u2019OFERTA CONJUNTA de l\u2019AFA de Les Ferreries i l\u2019AFA de Mas Prats per al curs 2025 \u2013 2026, ampliant les activitats oferides el curs anterior. Podeu consultar aqu\u00ed la planificaci\u00f3 setmanal. (informaci\u00f3 actualitzada setembre 2025) &nbsp; 1r Periode d\u2019inscripci\u00f3 del 25 de juny al 15 [&hellip;]<\/p>\n","protected":false},"author":109,"featured_media":24180,"comment_status":"open","ping_status":"closed","sticky":false,"template":"","format":"standard","meta":{"_bbp_topic_count":0,"_bbp_reply_count":0,"_bbp_total_topic_count":0,"_bbp_total_reply_count":0,"_bbp_voice_count":0,"_bbp_anonymous_reply_count":0,"_bbp_topic_count_hidden":0,"_bbp_reply_count_hidden":0,"_bbp_forum_subforum_count":0,"site-sidebar-layout":"default","site-content-layout":"","ast-site-content-layout":"default","site-content-style":"default","site-sidebar-style":"default","ast-global-header-display":"","ast-banner-title-visibility":"","ast-main-header-display":"","ast-hfb-above-header-display":"","ast-hfb-below-header-display":"","ast-hfb-mobile-header-display":"","site-post-title":"","ast-breadcrumbs-content":"","ast-featured-img":"","footer-sml-layout":"","theme-transparent-header-meta":"default","adv-header-id-meta":"","stick-header-meta":"","header-above-stick-meta":"","header-main-stick-meta":"","header-below-stick-meta":"","astra-migrate-meta-layouts":"set","ast-page-background-enabled":"default","ast-page-background-meta":{"desktop":{"background-color":"var(--ast-global-color-4)","background-image":"","background-repeat":"repeat","background-position":"center center","background-size":"auto","background-attachment":"scroll","background-type":"","background-media":"","overlay-type":"","overlay-color":"","overlay-opacity":"","overlay-gradient":""},"tablet":{"background-color":"","background-image":"","background-repeat":"repeat","background-position":"center center","background-size":"auto","background-attachment":"scroll","background-type":"","background-media":"","overlay-type":"","overlay-color":"","overlay-opacity":"","overlay-gradient":""},"mobile":{"background-color":"","background-image":"","background-repeat":"repeat","background-position":"center center","background-size":"auto","background-attachment":"scroll","background-type":"","background-media":"","overlay-type":"","overlay-color":"","overlay-opacity":"","overlay-gradient":""}},"ast-content-background-meta":{"desktop":{"background-color":"var(--ast-global-color-5)","background-image":"","background-repeat":"repeat","background-position":"center center","background-size":"auto","background-attachment":"scroll","background-type":"","background-media":"","overlay-type":"","overlay-color":"","overlay-opacity":"","overlay-gradient":""},"tablet":{"background-color":"var(--ast-global-color-5)","background-image":"","background-repeat":"repeat","background-position":"center center","background-size":"auto","background-attachment":"scroll","background-type":"","background-media":"","overlay-type":"","overlay-color":"","overlay-opacity":"","overlay-gradient":""},"mobile":{"background-color":"var(--ast-global-color-5)","background-image":"","background-repeat":"repeat","background-position":"center center","background-size":"auto","background-attachment":"scroll","background-type":"","background-media":"","overlay-type":"","overlay-color":"","overlay-opacity":"","overlay-gradient":""}},"footnotes":""},"categories":[7],"tags":[1054],"class_list":["post-22517","post","type-post","status-publish","format-standard","has-post-thumbnail","hentry","category-afa","tag-extraescolars"],"post_mailing_queue_ids":[],"_links":{"self":[{"href":"https:\/\/agora.xtec.cat\/ceip-lesferreries-palafolls\/wp-json\/wp\/v2\/posts\/22517","targetHints":{"allow":["GET"]}}],"collection":[{"href":"https:\/\/agora.xtec.cat\/ceip-lesferreries-palafolls\/wp-json\/wp\/v2\/posts"}],"about":[{"href":"https:\/\/agora.xtec.cat\/ceip-lesferreries-palafolls\/wp-json\/wp\/v2\/types\/post"}],"author":[{"embeddable":true,"href":"https:\/\/agora.xtec.cat\/ceip-lesferreries-palafolls\/wp-json\/wp\/v2\/users\/109"}],"replies":[{"embeddable":true,"href":"https:\/\/agora.xtec.cat\/ceip-lesferreries-palafolls\/wp-json\/wp\/v2\/comments?post=22517"}],"version-history":[{"count":5,"href":"https:\/\/agora.xtec.cat\/ceip-lesferreries-palafolls\/wp-json\/wp\/v2\/posts\/22517\/revisions"}],"predecessor-version":[{"id":24287,"href":"https:\/\/agora.xtec.cat\/ceip-lesferreries-palafolls\/wp-json\/wp\/v2\/posts\/22517\/revisions\/24287"}],"wp:featuredmedia":[{"embeddable":true,"href":"https:\/\/agora.xtec.cat\/ceip-lesferreries-palafolls\/wp-json\/wp\/v2\/media\/24180"}],"wp:attachment":[{"href":"https:\/\/agora.xtec.cat\/ceip-lesferreries-palafolls\/wp-json\/wp\/v2\/media?parent=22517"}],"wp:term":[{"taxonomy":"category","embeddable":true,"href":"https:\/\/agora.xtec.cat\/ceip-lesferreries-palafolls\/wp-json\/wp\/v2\/categories?post=22517"},{"taxonomy":"post_tag","embeddable":true,"href":"https:\/\/agora.xtec.cat\/ceip-lesferreries-palafolls\/wp-json\/wp\/v2\/tags?post=22517"}],"curies":[{"name":"wp","href":"https:\/\/api.w.org\/{rel}","templated":true}]}}