{"id":22477,"date":"2024-06-28T10:30:13","date_gmt":"2024-06-28T08:30:13","guid":{"rendered":"https:\/\/agora.xtec.cat\/ceip-lesferreries-palafolls\/?p=22477"},"modified":"2024-06-28T10:30:13","modified_gmt":"2024-06-28T08:30:13","slug":"activitats-musicals-a-primaria","status":"publish","type":"post","link":"https:\/\/agora.xtec.cat\/ceip-lesferreries-palafolls\/general\/activitats-musicals-a-primaria\/","title":{"rendered":"Activitats musicals a prim\u00e0ria"},"content":{"rendered":"<p><span style=\"background-color: #ffffff\">Hola fam\u00edlies, <\/span><\/p>\n<p><span style=\"background-color: #ffffff\">Us vull compartir algunes de les activitats que aquest tercer trimestre hem realitzat a les classes de m\u00fasica amb els alumnes de prim\u00e0ria. Si cliqueu en l&#8217;enlla\u00e7 podreu veure-les.<\/span><\/p>\n<p><a href=\"https:\/\/photos.app.goo.gl\/vqfQL1UQS6QCEiBe9\" target=\"_blank\" rel=\"noopener\">6\u00e8 Videoclips <\/a><\/p>\n<p><a href=\"https:\/\/photos.app.goo.gl\/Ma5Ai56t79DSxTmC9\" target=\"_blank\" rel=\"noopener\">4t Instruments de vent<\/a><\/p>\n<p><a href=\"https:\/\/photos.app.goo.gl\/vz6RPTr6xeaDs8j3A\" target=\"_blank\" rel=\"noopener\">3r Shaker o agitador<\/a><\/p>\n<p><a href=\"https:\/\/photos.app.goo.gl\/YrB8beEYko9AzStH9\" target=\"_blank\" rel=\"noopener\">2n Castanyoles<\/a><\/p>\n<p><a href=\"https:\/\/photos.app.goo.gl\/P9124hMNSChaFaUp6\" target=\"_blank\" rel=\"noopener\">1r Floretes<\/a><\/p>\n<p><a href=\"https:\/\/photos.app.goo.gl\/wSBhjZELE8qVaFXK8\" target=\"_blank\" rel=\"noopener\">4t, 5\u00e8, 6\u00e8 Racons musicals<\/a><\/p>\n<p style=\"text-align: justify\">Una abra\u00e7ada i bon estiu a tothom!<\/p>\n<p style=\"text-align: justify\">Mestra de m\u00fasica<\/p>\n<p style=\"text-align: justify\">Esther<\/p>\n","protected":false},"excerpt":{"rendered":"<p>Hola fam\u00edlies, Us vull compartir algunes de les activitats que aquest tercer trimestre hem realitzat a les classes de m\u00fasica amb els alumnes de prim\u00e0ria. Si cliqueu en l&#8217;enlla\u00e7 podreu veure-les. 6\u00e8 Videoclips 4t Instruments de vent 3r Shaker o agitador 2n Castanyoles 1r Floretes 4t, 5\u00e8, 6\u00e8 Racons musicals Una abra\u00e7ada i bon estiu [&hellip;]<\/p>\n","protected":false},"author":49,"featured_media":23477,"comment_status":"open","ping_status":"closed","sticky":false,"template":"","format":"standard","meta":{"_bbp_topic_count":0,"_bbp_reply_count":0,"_bbp_total_topic_count":0,"_bbp_total_reply_count":0,"_bbp_voice_count":0,"_bbp_anonymous_reply_count":0,"_bbp_topic_count_hidden":0,"_bbp_reply_count_hidden":0,"_bbp_forum_subforum_count":0,"site-sidebar-layout":"default","site-content-layout":"","ast-site-content-layout":"","site-content-style":"default","site-sidebar-style":"default","ast-global-header-display":"","ast-banner-title-visibility":"","ast-main-header-display":"","ast-hfb-above-header-display":"","ast-hfb-below-header-display":"","ast-hfb-mobile-header-display":"","site-post-title":"","ast-breadcrumbs-content":"","ast-featured-img":"","footer-sml-layout":"","theme-transparent-header-meta":"","adv-header-id-meta":"","stick-header-meta":"","header-above-stick-meta":"","header-main-stick-meta":"","header-below-stick-meta":"","astra-migrate-meta-layouts":"default","ast-page-background-enabled":"default","ast-page-background-meta":{"desktop":{"background-color":"var(--ast-global-color-4)","background-image":"","background-repeat":"repeat","background-position":"center center","background-size":"auto","background-attachment":"scroll","background-type":"","background-media":"","overlay-type":"","overlay-color":"","overlay-opacity":"","overlay-gradient":""},"tablet":{"background-color":"","background-image":"","background-repeat":"repeat","background-position":"center center","background-size":"auto","background-attachment":"scroll","background-type":"","background-media":"","overlay-type":"","overlay-color":"","overlay-opacity":"","overlay-gradient":""},"mobile":{"background-color":"","background-image":"","background-repeat":"repeat","background-position":"center center","background-size":"auto","background-attachment":"scroll","background-type":"","background-media":"","overlay-type":"","overlay-color":"","overlay-opacity":"","overlay-gradient":""}},"ast-content-background-meta":{"desktop":{"background-color":"var(--ast-global-color-5)","background-image":"","background-repeat":"repeat","background-position":"center center","background-size":"auto","background-attachment":"scroll","background-type":"","background-media":"","overlay-type":"","overlay-color":"","overlay-opacity":"","overlay-gradient":""},"tablet":{"background-color":"var(--ast-global-color-5)","background-image":"","background-repeat":"repeat","background-position":"center center","background-size":"auto","background-attachment":"scroll","background-type":"","background-media":"","overlay-type":"","overlay-color":"","overlay-opacity":"","overlay-gradient":""},"mobile":{"background-color":"var(--ast-global-color-5)","background-image":"","background-repeat":"repeat","background-position":"center center","background-size":"auto","background-attachment":"scroll","background-type":"","background-media":"","overlay-type":"","overlay-color":"","overlay-opacity":"","overlay-gradient":""}},"footnotes":""},"categories":[782,783,668,669,571,572,502,503,504,1,55,4],"tags":[1005,1006,473,111,619],"class_list":["post-22477","post","type-post","status-publish","format-standard","has-post-thumbnail","hentry","category-gr20a","category-gr20b","category-2019-2028-grup-a","category-2019-2028-grup-b","category-18-27-a","category-16-27-b","category-gr01","category-gr02","category-gr03","category-general","category-musica","category-portada","tag-creacio-musicals","tag-floretes","tag-instruments","tag-musica","tag-videoclips"],"post_mailing_queue_ids":[],"_links":{"self":[{"href":"https:\/\/agora.xtec.cat\/ceip-lesferreries-palafolls\/wp-json\/wp\/v2\/posts\/22477","targetHints":{"allow":["GET"]}}],"collection":[{"href":"https:\/\/agora.xtec.cat\/ceip-lesferreries-palafolls\/wp-json\/wp\/v2\/posts"}],"about":[{"href":"https:\/\/agora.xtec.cat\/ceip-lesferreries-palafolls\/wp-json\/wp\/v2\/types\/post"}],"author":[{"embeddable":true,"href":"https:\/\/agora.xtec.cat\/ceip-lesferreries-palafolls\/wp-json\/wp\/v2\/users\/49"}],"replies":[{"embeddable":true,"href":"https:\/\/agora.xtec.cat\/ceip-lesferreries-palafolls\/wp-json\/wp\/v2\/comments?post=22477"}],"version-history":[{"count":6,"href":"https:\/\/agora.xtec.cat\/ceip-lesferreries-palafolls\/wp-json\/wp\/v2\/posts\/22477\/revisions"}],"predecessor-version":[{"id":23476,"href":"https:\/\/agora.xtec.cat\/ceip-lesferreries-palafolls\/wp-json\/wp\/v2\/posts\/22477\/revisions\/23476"}],"wp:featuredmedia":[{"embeddable":true,"href":"https:\/\/agora.xtec.cat\/ceip-lesferreries-palafolls\/wp-json\/wp\/v2\/media\/23477"}],"wp:attachment":[{"href":"https:\/\/agora.xtec.cat\/ceip-lesferreries-palafolls\/wp-json\/wp\/v2\/media?parent=22477"}],"wp:term":[{"taxonomy":"category","embeddable":true,"href":"https:\/\/agora.xtec.cat\/ceip-lesferreries-palafolls\/wp-json\/wp\/v2\/categories?post=22477"},{"taxonomy":"post_tag","embeddable":true,"href":"https:\/\/agora.xtec.cat\/ceip-lesferreries-palafolls\/wp-json\/wp\/v2\/tags?post=22477"}],"curies":[{"name":"wp","href":"https:\/\/api.w.org\/{rel}","templated":true}]}}