{"id":22452,"date":"2023-06-09T13:29:51","date_gmt":"2023-06-09T11:29:51","guid":{"rendered":"https:\/\/agora.xtec.cat\/ceip-lesferreries-palafolls\/?p=22452"},"modified":"2025-06-11T10:26:57","modified_gmt":"2025-06-11T08:26:57","slug":"que-no-pari-la-musica","status":"publish","type":"post","link":"https:\/\/agora.xtec.cat\/ceip-lesferreries-palafolls\/general\/que-no-pari-la-musica\/","title":{"rendered":"Que no pari la m\u00fasica!"},"content":{"rendered":"<p>Fam\u00edlies de 2n!!!<\/p>\n<p>Quin trimestre m\u00e9s mogut que hem tingut amb aquest\u00a0<span class=\"hiddenSpellError\">superprojecte<\/span>\u00a0de nivell!!! Sota el t\u00edtol escollit pels mateixos nens i nenes: Que no pari la m\u00fasica!! Hem fet un munt d&#8217;activitats relacionades amb el m\u00f3n musical.<\/p>\n<p>Tot va comen\u00e7ar amb la cantata de La\u00a0<span class=\"hiddenSpellError\">Clika<\/span>, despr\u00e9s v\u00e0rem visitar el\u00a0<span class=\"hiddenGreenError\">MID<\/span>, per aprendre molts coneixements musicals, tot seguit a la biblioteca ens tenien preparat un trivial musical, les espectaculars audicions dels m\u00fasics que tenim a l&#8217;escola (bateries, trompeta, flauta travessera, viol\u00ed, saxofon, piano, guitarra) ens han perm\u00e8s poder gaudir del so dels seus instruments, la magn\u00edfica actuaci\u00f3 del DJ Basi de la Fuente que ens va fer ballar d&#8217;all\u00f2 m\u00e9s i per acabar, la gimcana musical preparada pel Tastaolletes!!!<\/p>\n<p>I per no parlar de les samarretes tan boniques que hem pogut estrenar i que tindrem de record d&#8217;aquest curs i en especial d&#8217;aquest projecte.<\/p>\n<p>Podeu veure algunes fotos i v\u00eddeos en els seg\u00fcents enlla\u00e7os:<\/p>\n<p><a href=\"https:\/\/photos.app.goo.gl\/kfUsALgeDefbPakw6\">Projecte &#8220;Que no pari la m\u00fasica&#8221;<\/a><\/p>\n<p><a href=\"https:\/\/photos.app.goo.gl\/NSWWPMnAVZiXvLNV9\">Activitat cloenda amb Tastaolletes<\/a><\/p>\n","protected":false},"excerpt":{"rendered":"<p>Fam\u00edlies de 2n!!! Quin trimestre m\u00e9s mogut que hem tingut amb aquest\u00a0superprojecte\u00a0de nivell!!! Sota el t\u00edtol escollit pels mateixos nens i nenes: Que no pari la m\u00fasica!! Hem fet un munt d&#8217;activitats relacionades amb el m\u00f3n musical. Tot va comen\u00e7ar amb la cantata de La\u00a0Clika, despr\u00e9s v\u00e0rem visitar el\u00a0MID, per aprendre molts coneixements musicals, tot [&hellip;]<\/p>\n","protected":false},"author":83,"featured_media":22453,"comment_status":"open","ping_status":"closed","sticky":false,"template":"","format":"standard","meta":{"_bbp_topic_count":0,"_bbp_reply_count":0,"_bbp_total_topic_count":0,"_bbp_total_reply_count":0,"_bbp_voice_count":0,"_bbp_anonymous_reply_count":0,"_bbp_topic_count_hidden":0,"_bbp_reply_count_hidden":0,"_bbp_forum_subforum_count":0,"site-sidebar-layout":"default","site-content-layout":"","ast-site-content-layout":"","site-content-style":"default","site-sidebar-style":"default","ast-global-header-display":"","ast-banner-title-visibility":"","ast-main-header-display":"","ast-hfb-above-header-display":"","ast-hfb-below-header-display":"","ast-hfb-mobile-header-display":"","site-post-title":"","ast-breadcrumbs-content":"","ast-featured-img":"","footer-sml-layout":"","theme-transparent-header-meta":"","adv-header-id-meta":"","stick-header-meta":"","header-above-stick-meta":"","header-main-stick-meta":"","header-below-stick-meta":"","astra-migrate-meta-layouts":"default","ast-page-background-enabled":"default","ast-page-background-meta":{"desktop":{"background-color":"var(--ast-global-color-4)","background-image":"","background-repeat":"repeat","background-position":"center center","background-size":"auto","background-attachment":"scroll","background-type":"","background-media":"","overlay-type":"","overlay-color":"","overlay-opacity":"","overlay-gradient":""},"tablet":{"background-color":"","background-image":"","background-repeat":"repeat","background-position":"center center","background-size":"auto","background-attachment":"scroll","background-type":"","background-media":"","overlay-type":"","overlay-color":"","overlay-opacity":"","overlay-gradient":""},"mobile":{"background-color":"","background-image":"","background-repeat":"repeat","background-position":"center center","background-size":"auto","background-attachment":"scroll","background-type":"","background-media":"","overlay-type":"","overlay-color":"","overlay-opacity":"","overlay-gradient":""}},"ast-content-background-meta":{"desktop":{"background-color":"var(--ast-global-color-5)","background-image":"","background-repeat":"repeat","background-position":"center center","background-size":"auto","background-attachment":"scroll","background-type":"","background-media":"","overlay-type":"","overlay-color":"","overlay-opacity":"","overlay-gradient":""},"tablet":{"background-color":"var(--ast-global-color-5)","background-image":"","background-repeat":"repeat","background-position":"center center","background-size":"auto","background-attachment":"scroll","background-type":"","background-media":"","overlay-type":"","overlay-color":"","overlay-opacity":"","overlay-gradient":""},"mobile":{"background-color":"var(--ast-global-color-5)","background-image":"","background-repeat":"repeat","background-position":"center center","background-size":"auto","background-attachment":"scroll","background-type":"","background-media":"","overlay-type":"","overlay-color":"","overlay-opacity":"","overlay-gradient":""}},"footnotes":""},"categories":[571,572,1,4],"tags":[],"class_list":["post-22452","post","type-post","status-publish","format-standard","has-post-thumbnail","hentry","category-18-27-a","category-16-27-b","category-general","category-portada"],"post_mailing_queue_ids":[],"_links":{"self":[{"href":"https:\/\/agora.xtec.cat\/ceip-lesferreries-palafolls\/wp-json\/wp\/v2\/posts\/22452","targetHints":{"allow":["GET"]}}],"collection":[{"href":"https:\/\/agora.xtec.cat\/ceip-lesferreries-palafolls\/wp-json\/wp\/v2\/posts"}],"about":[{"href":"https:\/\/agora.xtec.cat\/ceip-lesferreries-palafolls\/wp-json\/wp\/v2\/types\/post"}],"author":[{"embeddable":true,"href":"https:\/\/agora.xtec.cat\/ceip-lesferreries-palafolls\/wp-json\/wp\/v2\/users\/83"}],"replies":[{"embeddable":true,"href":"https:\/\/agora.xtec.cat\/ceip-lesferreries-palafolls\/wp-json\/wp\/v2\/comments?post=22452"}],"version-history":[{"count":5,"href":"https:\/\/agora.xtec.cat\/ceip-lesferreries-palafolls\/wp-json\/wp\/v2\/posts\/22452\/revisions"}],"predecessor-version":[{"id":24035,"href":"https:\/\/agora.xtec.cat\/ceip-lesferreries-palafolls\/wp-json\/wp\/v2\/posts\/22452\/revisions\/24035"}],"wp:featuredmedia":[{"embeddable":true,"href":"https:\/\/agora.xtec.cat\/ceip-lesferreries-palafolls\/wp-json\/wp\/v2\/media\/22453"}],"wp:attachment":[{"href":"https:\/\/agora.xtec.cat\/ceip-lesferreries-palafolls\/wp-json\/wp\/v2\/media?parent=22452"}],"wp:term":[{"taxonomy":"category","embeddable":true,"href":"https:\/\/agora.xtec.cat\/ceip-lesferreries-palafolls\/wp-json\/wp\/v2\/categories?post=22452"},{"taxonomy":"post_tag","embeddable":true,"href":"https:\/\/agora.xtec.cat\/ceip-lesferreries-palafolls\/wp-json\/wp\/v2\/tags?post=22452"}],"curies":[{"name":"wp","href":"https:\/\/api.w.org\/{rel}","templated":true}]}}