{"id":22378,"date":"2023-05-17T12:22:52","date_gmt":"2023-05-17T10:22:52","guid":{"rendered":"https:\/\/agora.xtec.cat\/ceip-lesferreries-palafolls\/?p=22378"},"modified":"2023-05-17T12:41:06","modified_gmt":"2023-05-17T10:41:06","slug":"beques-menjador-curs-2023-24","status":"publish","type":"post","link":"https:\/\/agora.xtec.cat\/ceip-lesferreries-palafolls\/general\/beques-menjador-curs-2023-24\/","title":{"rendered":"BEQUES MENJADOR CURS 2023-24"},"content":{"rendered":"<p>\ud83c\udf74 BEQUES MENJADOR \ud83c\udf74<\/p>\n<p>Presentaci\u00f3 de sol\u00b7licituds d&#8217;ajuts de menjador \ud83c\udf74 pel curs 2023\/24 ser\u00e0 del 22 de maig al 4 de juny de 2023, ambd\u00f3s inclosos.<\/p>\n<p>&#8211; La documentaci\u00f3 \ud83d\udcdd obligat\u00f2ria que cal presentar \u00e9s la seg\u00fcent:<\/p>\n<p>Sol\u00b7licitud (Model CCM1) emplenat i signat \u270f pel sol\u00b7licitant<\/p>\n<p>* Fotoc\u00f2pia del DNI\/NIE \ud83e\udeaa o llibre de fam\u00edlia de tots els membres de la unitat familiar (nom\u00e9s en cas que sigui la primera vegada)<\/p>\n<p>* Conveni o sent\u00e8ncia de divorci: quan un dels membres de la unitat familiar ja no convisqui en el domicili per\u00f2 encara hi estigui empadronat.<\/p>\n<p>* Documentaci\u00f3 econ\u00f2mica\/laboral en cas de no fer la Declaraci\u00f3 de la Renda 2022<\/p>\n<p>&#8211; El tr\u00e0mit es podr\u00e0 fer a trav\u00e9s d&#8217;inst\u00e0ncia electr\u00f2nica Tr\u00e0mits i gestions (seu-e.cat) o presencial. En aquest cas, caldr\u00e0 sol\u00b7licitar cita pr\u00e8via a l&#8217;Oficina d&#8217;Atenci\u00f3 Ciutadana de l&#8217;Ajuntament (OAC) Cita pr\u00e8via (palafolls.cat)<\/p>\n<p>Dilluns a les 7 del mat\u00ed hi haur\u00e0 disponible el formulari electr\u00f2nic. La cita pr\u00e8via ja est\u00e0 activa, per tant ja es pot demanar cita.<\/p>\n<p>Important: els ajuts de menjador cal demanar-los al municipi on l&#8217;alumne est\u00e0 empadronat, no al municipi on l&#8217;alumne est\u00e0 escolaritzat<\/p>\n<p>A l&#8217;\u00c0rea de Serveis Socials es disposa de fotoc\u00f2pies de sol\u00b7licituds. \ud83c\udf74<\/p>\n","protected":false},"excerpt":{"rendered":"<p>\ud83c\udf74 BEQUES MENJADOR \ud83c\udf74 Presentaci\u00f3 de sol\u00b7licituds d&#8217;ajuts de menjador \ud83c\udf74 pel curs 2023\/24 ser\u00e0 del 22 de maig al 4 de juny de 2023, ambd\u00f3s inclosos. &#8211; La documentaci\u00f3 \ud83d\udcdd obligat\u00f2ria que cal presentar \u00e9s la seg\u00fcent: Sol\u00b7licitud (Model CCM1) emplenat i signat \u270f pel sol\u00b7licitant * Fotoc\u00f2pia del DNI\/NIE \ud83e\udeaa o llibre de [&hellip;]<\/p>\n","protected":false},"author":65,"featured_media":22380,"comment_status":"open","ping_status":"closed","sticky":false,"template":"","format":"standard","meta":{"_bbp_topic_count":0,"_bbp_reply_count":0,"_bbp_total_topic_count":0,"_bbp_total_reply_count":0,"_bbp_voice_count":0,"_bbp_anonymous_reply_count":0,"_bbp_topic_count_hidden":0,"_bbp_reply_count_hidden":0,"_bbp_forum_subforum_count":0,"site-sidebar-layout":"default","site-content-layout":"","ast-site-content-layout":"","site-content-style":"default","site-sidebar-style":"default","ast-global-header-display":"","ast-banner-title-visibility":"","ast-main-header-display":"","ast-hfb-above-header-display":"","ast-hfb-below-header-display":"","ast-hfb-mobile-header-display":"","site-post-title":"","ast-breadcrumbs-content":"","ast-featured-img":"","footer-sml-layout":"","theme-transparent-header-meta":"","adv-header-id-meta":"","stick-header-meta":"","header-above-stick-meta":"","header-main-stick-meta":"","header-below-stick-meta":"","astra-migrate-meta-layouts":"default","ast-page-background-enabled":"default","ast-page-background-meta":{"desktop":{"background-color":"var(--ast-global-color-4)","background-image":"","background-repeat":"repeat","background-position":"center center","background-size":"auto","background-attachment":"scroll","background-type":"","background-media":"","overlay-type":"","overlay-color":"","overlay-opacity":"","overlay-gradient":""},"tablet":{"background-color":"","background-image":"","background-repeat":"repeat","background-position":"center center","background-size":"auto","background-attachment":"scroll","background-type":"","background-media":"","overlay-type":"","overlay-color":"","overlay-opacity":"","overlay-gradient":""},"mobile":{"background-color":"","background-image":"","background-repeat":"repeat","background-position":"center center","background-size":"auto","background-attachment":"scroll","background-type":"","background-media":"","overlay-type":"","overlay-color":"","overlay-opacity":"","overlay-gradient":""}},"ast-content-background-meta":{"desktop":{"background-color":"var(--ast-global-color-5)","background-image":"","background-repeat":"repeat","background-position":"center center","background-size":"auto","background-attachment":"scroll","background-type":"","background-media":"","overlay-type":"","overlay-color":"","overlay-opacity":"","overlay-gradient":""},"tablet":{"background-color":"var(--ast-global-color-5)","background-image":"","background-repeat":"repeat","background-position":"center center","background-size":"auto","background-attachment":"scroll","background-type":"","background-media":"","overlay-type":"","overlay-color":"","overlay-opacity":"","overlay-gradient":""},"mobile":{"background-color":"var(--ast-global-color-5)","background-image":"","background-repeat":"repeat","background-position":"center center","background-size":"auto","background-attachment":"scroll","background-type":"","background-media":"","overlay-type":"","overlay-color":"","overlay-opacity":"","overlay-gradient":""}},"footnotes":""},"categories":[32,1,489,4],"tags":[],"class_list":["post-22378","post","type-post","status-publish","format-standard","has-post-thumbnail","hentry","category-documents","category-general","category-menjador","category-portada"],"post_mailing_queue_ids":[],"_links":{"self":[{"href":"https:\/\/agora.xtec.cat\/ceip-lesferreries-palafolls\/wp-json\/wp\/v2\/posts\/22378","targetHints":{"allow":["GET"]}}],"collection":[{"href":"https:\/\/agora.xtec.cat\/ceip-lesferreries-palafolls\/wp-json\/wp\/v2\/posts"}],"about":[{"href":"https:\/\/agora.xtec.cat\/ceip-lesferreries-palafolls\/wp-json\/wp\/v2\/types\/post"}],"author":[{"embeddable":true,"href":"https:\/\/agora.xtec.cat\/ceip-lesferreries-palafolls\/wp-json\/wp\/v2\/users\/65"}],"replies":[{"embeddable":true,"href":"https:\/\/agora.xtec.cat\/ceip-lesferreries-palafolls\/wp-json\/wp\/v2\/comments?post=22378"}],"version-history":[{"count":1,"href":"https:\/\/agora.xtec.cat\/ceip-lesferreries-palafolls\/wp-json\/wp\/v2\/posts\/22378\/revisions"}],"predecessor-version":[{"id":22379,"href":"https:\/\/agora.xtec.cat\/ceip-lesferreries-palafolls\/wp-json\/wp\/v2\/posts\/22378\/revisions\/22379"}],"wp:featuredmedia":[{"embeddable":true,"href":"https:\/\/agora.xtec.cat\/ceip-lesferreries-palafolls\/wp-json\/wp\/v2\/media\/22380"}],"wp:attachment":[{"href":"https:\/\/agora.xtec.cat\/ceip-lesferreries-palafolls\/wp-json\/wp\/v2\/media?parent=22378"}],"wp:term":[{"taxonomy":"category","embeddable":true,"href":"https:\/\/agora.xtec.cat\/ceip-lesferreries-palafolls\/wp-json\/wp\/v2\/categories?post=22378"},{"taxonomy":"post_tag","embeddable":true,"href":"https:\/\/agora.xtec.cat\/ceip-lesferreries-palafolls\/wp-json\/wp\/v2\/tags?post=22378"}],"curies":[{"name":"wp","href":"https:\/\/api.w.org\/{rel}","templated":true}]}}