{"id":22311,"date":"2023-05-04T12:57:48","date_gmt":"2023-05-04T10:57:48","guid":{"rendered":"https:\/\/agora.xtec.cat\/ceip-lesferreries-palafolls\/?p=22311"},"modified":"2023-05-05T19:24:35","modified_gmt":"2023-05-05T17:24:35","slug":"2n-la-clika","status":"publish","type":"post","link":"https:\/\/agora.xtec.cat\/ceip-lesferreries-palafolls\/portada\/2n-la-clika\/","title":{"rendered":"2n La Clika"},"content":{"rendered":"<p>\ud83c\udfbc El dimarts 2 de maig de 2023, el Teatre de Palafolls es va celebrar la cantata dels alumnes de segon de prim\u00e0ria del municipi en el marc del projecte educatiu musical La Clika.<\/p>\n<p>\ud83e\udd1d\ud83c\udffb Al llarg del curs escolar, les dues escoles hem compartit, per primera vegada, aquest projecte en un marc d&#8217;acci\u00f3 com\u00fa.<\/p>\n<p>\ud83d\udc99 La Clika \u00e9s un projecte en el qual, a trav\u00e9s de la m\u00fasica, les coreografies i les can\u00e7ons, es fomenten valors\u00a0com l&#8217;autoestima, l&#8217;amistat, la diversitat, l&#8217;ecologia o la igualtat de g\u00e8nere, entre d&#8217;altres<\/p>\n<p>\ud83d\udc69\ud83c\udffb\u200d\ud83c\udfeb La iniciativa implica tamb\u00e9 la realitzaci\u00f3 d&#8217;una per a mestres, en la qual es proporcionen recursos pedag\u00f2gics que estructuren l&#8217;aprenentatge de les can\u00e7ons i les coreografies<\/p>\n<p>\u2705 Per tancar el projecte es va organitzar el concert del dimarts, per tal que tots els alumnes que hi han participat poguessin cantar i ballar, amb una banda de m\u00fasica en directe.<\/p>\n<p><a href=\"https:\/\/photos.app.goo.gl\/P48dxhJUfL9XDYFQ9\" target=\"_blank\" rel=\"noopener\">Fotos Assaig la Clika<\/a><\/p>\n<p><a href=\"https:\/\/photos.app.goo.gl\/UxGGFV5wYkjPGDog9\" target=\"_blank\" rel=\"noopener\">Fotos Concert Clika<\/a><\/p>\n<p><a href=\"https:\/\/drive.google.com\/file\/d\/1K6V5MZCqBfd5rTnHHLOVeOtu7E7gCQGj\/view?usp=sharing\" target=\"_blank\" rel=\"noopener\">V\u00eddeo Concert Clika 3.5.23<\/a> (atenci\u00f3, nom\u00e9s es pot visualitzar amb el compte de fam\u00edlia de l&#8217;escola9<\/p>\n","protected":false},"excerpt":{"rendered":"<p>\ud83c\udfbc El dimarts 2 de maig de 2023, el Teatre de Palafolls es va celebrar la cantata dels alumnes de segon de prim\u00e0ria del municipi en el marc del projecte educatiu musical La Clika. \ud83e\udd1d\ud83c\udffb Al llarg del curs escolar, les dues escoles hem compartit, per primera vegada, aquest projecte en un marc d&#8217;acci\u00f3 com\u00fa. [&hellip;]<\/p>\n","protected":false},"author":65,"featured_media":22312,"comment_status":"open","ping_status":"closed","sticky":false,"template":"","format":"standard","meta":{"_bbp_topic_count":0,"_bbp_reply_count":0,"_bbp_total_topic_count":0,"_bbp_total_reply_count":0,"_bbp_voice_count":0,"_bbp_anonymous_reply_count":0,"_bbp_topic_count_hidden":0,"_bbp_reply_count_hidden":0,"_bbp_forum_subforum_count":0,"site-sidebar-layout":"default","site-content-layout":"","ast-site-content-layout":"","site-content-style":"default","site-sidebar-style":"default","ast-global-header-display":"","ast-banner-title-visibility":"","ast-main-header-display":"","ast-hfb-above-header-display":"","ast-hfb-below-header-display":"","ast-hfb-mobile-header-display":"","site-post-title":"","ast-breadcrumbs-content":"","ast-featured-img":"","footer-sml-layout":"","theme-transparent-header-meta":"","adv-header-id-meta":"","stick-header-meta":"","header-above-stick-meta":"","header-main-stick-meta":"","header-below-stick-meta":"","astra-migrate-meta-layouts":"default","ast-page-background-enabled":"default","ast-page-background-meta":{"desktop":{"background-color":"var(--ast-global-color-4)","background-image":"","background-repeat":"repeat","background-position":"center center","background-size":"auto","background-attachment":"scroll","background-type":"","background-media":"","overlay-type":"","overlay-color":"","overlay-opacity":"","overlay-gradient":""},"tablet":{"background-color":"","background-image":"","background-repeat":"repeat","background-position":"center center","background-size":"auto","background-attachment":"scroll","background-type":"","background-media":"","overlay-type":"","overlay-color":"","overlay-opacity":"","overlay-gradient":""},"mobile":{"background-color":"","background-image":"","background-repeat":"repeat","background-position":"center center","background-size":"auto","background-attachment":"scroll","background-type":"","background-media":"","overlay-type":"","overlay-color":"","overlay-opacity":"","overlay-gradient":""}},"ast-content-background-meta":{"desktop":{"background-color":"var(--ast-global-color-5)","background-image":"","background-repeat":"repeat","background-position":"center center","background-size":"auto","background-attachment":"scroll","background-type":"","background-media":"","overlay-type":"","overlay-color":"","overlay-opacity":"","overlay-gradient":""},"tablet":{"background-color":"var(--ast-global-color-5)","background-image":"","background-repeat":"repeat","background-position":"center center","background-size":"auto","background-attachment":"scroll","background-type":"","background-media":"","overlay-type":"","overlay-color":"","overlay-opacity":"","overlay-gradient":""},"mobile":{"background-color":"var(--ast-global-color-5)","background-image":"","background-repeat":"repeat","background-position":"center center","background-size":"auto","background-attachment":"scroll","background-type":"","background-media":"","overlay-type":"","overlay-color":"","overlay-opacity":"","overlay-gradient":""}},"footnotes":""},"categories":[571,572,55,4,48],"tags":[531,970,820,999,111],"class_list":["post-22311","post","type-post","status-publish","format-standard","has-post-thumbnail","hentry","category-18-27-a","category-16-27-b","category-musica","category-portada","category-projectes","tag-cantata","tag-clika","tag-concert","tag-la-clika","tag-musica"],"post_mailing_queue_ids":[],"_links":{"self":[{"href":"https:\/\/agora.xtec.cat\/ceip-lesferreries-palafolls\/wp-json\/wp\/v2\/posts\/22311","targetHints":{"allow":["GET"]}}],"collection":[{"href":"https:\/\/agora.xtec.cat\/ceip-lesferreries-palafolls\/wp-json\/wp\/v2\/posts"}],"about":[{"href":"https:\/\/agora.xtec.cat\/ceip-lesferreries-palafolls\/wp-json\/wp\/v2\/types\/post"}],"author":[{"embeddable":true,"href":"https:\/\/agora.xtec.cat\/ceip-lesferreries-palafolls\/wp-json\/wp\/v2\/users\/65"}],"replies":[{"embeddable":true,"href":"https:\/\/agora.xtec.cat\/ceip-lesferreries-palafolls\/wp-json\/wp\/v2\/comments?post=22311"}],"version-history":[{"count":1,"href":"https:\/\/agora.xtec.cat\/ceip-lesferreries-palafolls\/wp-json\/wp\/v2\/posts\/22311\/revisions"}],"predecessor-version":[{"id":22313,"href":"https:\/\/agora.xtec.cat\/ceip-lesferreries-palafolls\/wp-json\/wp\/v2\/posts\/22311\/revisions\/22313"}],"wp:featuredmedia":[{"embeddable":true,"href":"https:\/\/agora.xtec.cat\/ceip-lesferreries-palafolls\/wp-json\/wp\/v2\/media\/22312"}],"wp:attachment":[{"href":"https:\/\/agora.xtec.cat\/ceip-lesferreries-palafolls\/wp-json\/wp\/v2\/media?parent=22311"}],"wp:term":[{"taxonomy":"category","embeddable":true,"href":"https:\/\/agora.xtec.cat\/ceip-lesferreries-palafolls\/wp-json\/wp\/v2\/categories?post=22311"},{"taxonomy":"post_tag","embeddable":true,"href":"https:\/\/agora.xtec.cat\/ceip-lesferreries-palafolls\/wp-json\/wp\/v2\/tags?post=22311"}],"curies":[{"name":"wp","href":"https:\/\/api.w.org\/{rel}","templated":true}]}}