{"id":21974,"date":"2023-04-06T11:52:25","date_gmt":"2023-04-06T09:52:25","guid":{"rendered":"https:\/\/agora.xtec.cat\/ceip-lesferreries-palafolls\/?p=21974"},"modified":"2023-04-06T13:05:25","modified_gmt":"2023-04-06T11:05:25","slug":"projecte-intercicle-existeixen-els-essers-mitologics","status":"publish","type":"post","link":"https:\/\/agora.xtec.cat\/ceip-lesferreries-palafolls\/portada\/projecte-intercicle-existeixen-els-essers-mitologics\/","title":{"rendered":"Projecte intercicle: Existeixen els \u00e9ssers mitol\u00f2gics?"},"content":{"rendered":"<p><span style=\"font-weight: 400\">Durant aquest trimestre hem fet el projecte intercicle de 2n A i 6\u00e8 B per respondre a la pregunta: <\/span><\/p>\n<p style=\"text-align: center\"><span style=\"font-weight: 400\"><strong><em>EXISTEIXEN ELS \u00c9SSERS MITOL\u00d2GICS?<\/em><\/strong><\/span><\/p>\n<p><span style=\"font-weight: 400\">Primer de tot vam fer grups cooperatius amb alumnes dels dos cursos, cada grup havia d&#8217;investigar sobre un animal mitol\u00f2gic catal\u00e0. En acabar van explicar, a la resta de companys\/es, qu\u00e8 havien sigut capa\u00e7os de trobar. Tot seguit van distribuir-se en parelles per inventar-se un animal mitol\u00f2gic, dibuixar-lo, pensar un nom i fer una fitxa amb les caracter\u00edstiques d&#8217;aquest i, finalment, donar-li vida. Ha sigut molt divertit i ens ho hem passat genial!!!\u00a0\u00a0<\/span><\/p>\n<p>Despr\u00e9s d&#8217;investigar molt, vam concloure que poder s\u00ed que existeixen&#8230; tot i que la gran majoria no s&#8217;ho acaben de creure.<\/p>\n<p><span style=\"font-weight: 400\">Farem una exposici\u00f3 de tot plegat a les portes obertes de l&#8217;escola el proper 20 d&#8217;abril.\u00a0 <strong>Us hi esperem!\u00a0<\/strong><\/span><\/p>\n<p>Per qu\u00e8 us feu una idea, us deixem un recull de fotografies que hem anat fent:<\/p>\n<p><a href=\"https:\/\/drive.google.com\/drive\/folders\/1179edHVCr8dP-jYa2uqXIHK9hnELqW_i?usp=sharing\">https:\/\/drive.google.com\/drive\/folders\/1179edHVCr8dP-jYa2uqXIHK9hnELqW_i?usp=sharing<\/a><\/p>\n","protected":false},"excerpt":{"rendered":"<p>Durant aquest trimestre hem fet el projecte intercicle de 2n A i 6\u00e8 B per respondre a la pregunta: EXISTEIXEN ELS \u00c9SSERS MITOL\u00d2GICS? Primer de tot vam fer grups cooperatius amb alumnes dels dos cursos, cada grup havia d&#8217;investigar sobre un animal mitol\u00f2gic catal\u00e0. En acabar van explicar, a la resta de companys\/es, qu\u00e8 havien [&hellip;]<\/p>\n","protected":false},"author":102,"featured_media":21975,"comment_status":"open","ping_status":"closed","sticky":false,"template":"","format":"standard","meta":{"_bbp_topic_count":0,"_bbp_reply_count":0,"_bbp_total_topic_count":0,"_bbp_total_reply_count":0,"_bbp_voice_count":0,"_bbp_anonymous_reply_count":0,"_bbp_topic_count_hidden":0,"_bbp_reply_count_hidden":0,"_bbp_forum_subforum_count":0,"site-sidebar-layout":"default","site-content-layout":"","ast-site-content-layout":"","site-content-style":"default","site-sidebar-style":"default","ast-global-header-display":"","ast-banner-title-visibility":"","ast-main-header-display":"","ast-hfb-above-header-display":"","ast-hfb-below-header-display":"","ast-hfb-mobile-header-display":"","site-post-title":"","ast-breadcrumbs-content":"","ast-featured-img":"","footer-sml-layout":"","theme-transparent-header-meta":"","adv-header-id-meta":"","stick-header-meta":"","header-above-stick-meta":"","header-main-stick-meta":"","header-below-stick-meta":"","astra-migrate-meta-layouts":"default","ast-page-background-enabled":"default","ast-page-background-meta":{"desktop":{"background-color":"var(--ast-global-color-4)","background-image":"","background-repeat":"repeat","background-position":"center center","background-size":"auto","background-attachment":"scroll","background-type":"","background-media":"","overlay-type":"","overlay-color":"","overlay-opacity":"","overlay-gradient":""},"tablet":{"background-color":"","background-image":"","background-repeat":"repeat","background-position":"center center","background-size":"auto","background-attachment":"scroll","background-type":"","background-media":"","overlay-type":"","overlay-color":"","overlay-opacity":"","overlay-gradient":""},"mobile":{"background-color":"","background-image":"","background-repeat":"repeat","background-position":"center center","background-size":"auto","background-attachment":"scroll","background-type":"","background-media":"","overlay-type":"","overlay-color":"","overlay-opacity":"","overlay-gradient":""}},"ast-content-background-meta":{"desktop":{"background-color":"var(--ast-global-color-5)","background-image":"","background-repeat":"repeat","background-position":"center center","background-size":"auto","background-attachment":"scroll","background-type":"","background-media":"","overlay-type":"","overlay-color":"","overlay-opacity":"","overlay-gradient":""},"tablet":{"background-color":"var(--ast-global-color-5)","background-image":"","background-repeat":"repeat","background-position":"center center","background-size":"auto","background-attachment":"scroll","background-type":"","background-media":"","overlay-type":"","overlay-color":"","overlay-opacity":"","overlay-gradient":""},"mobile":{"background-color":"var(--ast-global-color-5)","background-image":"","background-repeat":"repeat","background-position":"center center","background-size":"auto","background-attachment":"scroll","background-type":"","background-media":"","overlay-type":"","overlay-color":"","overlay-opacity":"","overlay-gradient":""}},"footnotes":""},"categories":[571,4],"tags":[],"class_list":["post-21974","post","type-post","status-publish","format-standard","has-post-thumbnail","hentry","category-18-27-a","category-portada"],"post_mailing_queue_ids":[],"_links":{"self":[{"href":"https:\/\/agora.xtec.cat\/ceip-lesferreries-palafolls\/wp-json\/wp\/v2\/posts\/21974","targetHints":{"allow":["GET"]}}],"collection":[{"href":"https:\/\/agora.xtec.cat\/ceip-lesferreries-palafolls\/wp-json\/wp\/v2\/posts"}],"about":[{"href":"https:\/\/agora.xtec.cat\/ceip-lesferreries-palafolls\/wp-json\/wp\/v2\/types\/post"}],"author":[{"embeddable":true,"href":"https:\/\/agora.xtec.cat\/ceip-lesferreries-palafolls\/wp-json\/wp\/v2\/users\/102"}],"replies":[{"embeddable":true,"href":"https:\/\/agora.xtec.cat\/ceip-lesferreries-palafolls\/wp-json\/wp\/v2\/comments?post=21974"}],"version-history":[{"count":3,"href":"https:\/\/agora.xtec.cat\/ceip-lesferreries-palafolls\/wp-json\/wp\/v2\/posts\/21974\/revisions"}],"predecessor-version":[{"id":22011,"href":"https:\/\/agora.xtec.cat\/ceip-lesferreries-palafolls\/wp-json\/wp\/v2\/posts\/21974\/revisions\/22011"}],"wp:featuredmedia":[{"embeddable":true,"href":"https:\/\/agora.xtec.cat\/ceip-lesferreries-palafolls\/wp-json\/wp\/v2\/media\/21975"}],"wp:attachment":[{"href":"https:\/\/agora.xtec.cat\/ceip-lesferreries-palafolls\/wp-json\/wp\/v2\/media?parent=21974"}],"wp:term":[{"taxonomy":"category","embeddable":true,"href":"https:\/\/agora.xtec.cat\/ceip-lesferreries-palafolls\/wp-json\/wp\/v2\/categories?post=21974"},{"taxonomy":"post_tag","embeddable":true,"href":"https:\/\/agora.xtec.cat\/ceip-lesferreries-palafolls\/wp-json\/wp\/v2\/tags?post=21974"}],"curies":[{"name":"wp","href":"https:\/\/api.w.org\/{rel}","templated":true}]}}