{"id":21933,"date":"2023-07-08T11:59:12","date_gmt":"2023-07-08T09:59:12","guid":{"rendered":"https:\/\/agora.xtec.cat\/ceip-lesferreries-palafolls\/?p=21933"},"modified":"2023-07-08T11:59:12","modified_gmt":"2023-07-08T09:59:12","slug":"joc-al-pati-a-les-aules-dei5","status":"publish","type":"post","link":"https:\/\/agora.xtec.cat\/ceip-lesferreries-palafolls\/general\/joc-al-pati-a-les-aules-dei5\/","title":{"rendered":"JOC AL PATI A LES AULES D&#8217;EI5"},"content":{"rendered":"<p>Les estones de joc al pati a les aules dels Dofins i les Meduses aporten moments de moviment, de joc, d&#8217;exploraci\u00f3 i de relaci\u00f3. S\u00f3n estones per saltar de roda en roda, correr, fer curses i enfilar-se; per dibuixar al terra amb guixos; per crear i construir amb caixes cases imaginaries, paradetes de fruita, autocars&#8230;; per excavar al sorral a la recerca de tresors o &#8220;dents i \u00f2ssos de dinosaure&#8221;; per fer de cuiners i cuineres inventant nous men\u00fas fets de sorra i pedretes; per jugar a fet i amagar, a la xarranca, a &#8220;1,2,3 picaparet&#8221;; per\u00a0 rec\u00f2rrer el pati a la recerca d&#8217;insectes; per fer castells de sorra&#8230; Tot plegat deixant volar la imaginaci\u00f3 i la creativitat, en connexi\u00f3 amb l&#8217;entorn i cercant cada cop m\u00e9s l&#8217;altre per col\u00b7laborar i compartir jocs i moments.<\/p>\n<p>Aqu\u00ed teniu una mostra d&#8217;aquests moments de joc al llarg del curs:<\/p>\n<p><a href=\"https:\/\/drive.google.com\/drive\/folders\/1n7fLj4OY2lTFPnIAyam35yYpauxvd-l1?usp=sharing\">CLASSE DELS DOFINS<\/a><\/p>\n<p><a href=\"https:\/\/drive.google.com\/drive\/folders\/1-KosG3PRtZo4Y3h3o9TW9PWG-qET9kRP?usp=sharing\">CLASSE DE LES MEDUSES<\/a><\/p>\n","protected":false},"excerpt":{"rendered":"<p>Les estones de joc al pati a les aules dels Dofins i les Meduses aporten moments de moviment, de joc, d&#8217;exploraci\u00f3 i de relaci\u00f3. S\u00f3n estones per saltar de roda en roda, correr, fer curses i enfilar-se; per dibuixar al terra amb guixos; per crear i construir amb caixes cases imaginaries, paradetes de fruita, autocars&#8230;; [&hellip;]<\/p>\n","protected":false},"author":62,"featured_media":21935,"comment_status":"open","ping_status":"closed","sticky":false,"template":"","format":"standard","meta":{"_bbp_topic_count":0,"_bbp_reply_count":0,"_bbp_total_topic_count":0,"_bbp_total_reply_count":0,"_bbp_voice_count":0,"_bbp_anonymous_reply_count":0,"_bbp_topic_count_hidden":0,"_bbp_reply_count_hidden":0,"_bbp_forum_subforum_count":0,"site-sidebar-layout":"default","site-content-layout":"","ast-site-content-layout":"","site-content-style":"default","site-sidebar-style":"default","ast-global-header-display":"","ast-banner-title-visibility":"","ast-main-header-display":"","ast-hfb-above-header-display":"","ast-hfb-below-header-display":"","ast-hfb-mobile-header-display":"","site-post-title":"","ast-breadcrumbs-content":"","ast-featured-img":"","footer-sml-layout":"","theme-transparent-header-meta":"","adv-header-id-meta":"","stick-header-meta":"","header-above-stick-meta":"","header-main-stick-meta":"","header-below-stick-meta":"","astra-migrate-meta-layouts":"default","ast-page-background-enabled":"default","ast-page-background-meta":{"desktop":{"background-color":"var(--ast-global-color-4)","background-image":"","background-repeat":"repeat","background-position":"center center","background-size":"auto","background-attachment":"scroll","background-type":"","background-media":"","overlay-type":"","overlay-color":"","overlay-opacity":"","overlay-gradient":""},"tablet":{"background-color":"","background-image":"","background-repeat":"repeat","background-position":"center center","background-size":"auto","background-attachment":"scroll","background-type":"","background-media":"","overlay-type":"","overlay-color":"","overlay-opacity":"","overlay-gradient":""},"mobile":{"background-color":"","background-image":"","background-repeat":"repeat","background-position":"center center","background-size":"auto","background-attachment":"scroll","background-type":"","background-media":"","overlay-type":"","overlay-color":"","overlay-opacity":"","overlay-gradient":""}},"ast-content-background-meta":{"desktop":{"background-color":"var(--ast-global-color-5)","background-image":"","background-repeat":"repeat","background-position":"center center","background-size":"auto","background-attachment":"scroll","background-type":"","background-media":"","overlay-type":"","overlay-color":"","overlay-opacity":"","overlay-gradient":""},"tablet":{"background-color":"var(--ast-global-color-5)","background-image":"","background-repeat":"repeat","background-position":"center center","background-size":"auto","background-attachment":"scroll","background-type":"","background-media":"","overlay-type":"","overlay-color":"","overlay-opacity":"","overlay-gradient":""},"mobile":{"background-color":"var(--ast-global-color-5)","background-image":"","background-repeat":"repeat","background-position":"center center","background-size":"auto","background-attachment":"scroll","background-type":"","background-media":"","overlay-type":"","overlay-color":"","overlay-opacity":"","overlay-gradient":""}},"footnotes":""},"categories":[782,783,33,36,1,4],"tags":[],"class_list":["post-21933","post","type-post","status-publish","format-standard","has-post-thumbnail","hentry","category-gr20a","category-gr20b","category-educacio-infantil","category-galeria","category-general","category-portada"],"post_mailing_queue_ids":[],"_links":{"self":[{"href":"https:\/\/agora.xtec.cat\/ceip-lesferreries-palafolls\/wp-json\/wp\/v2\/posts\/21933","targetHints":{"allow":["GET"]}}],"collection":[{"href":"https:\/\/agora.xtec.cat\/ceip-lesferreries-palafolls\/wp-json\/wp\/v2\/posts"}],"about":[{"href":"https:\/\/agora.xtec.cat\/ceip-lesferreries-palafolls\/wp-json\/wp\/v2\/types\/post"}],"author":[{"embeddable":true,"href":"https:\/\/agora.xtec.cat\/ceip-lesferreries-palafolls\/wp-json\/wp\/v2\/users\/62"}],"replies":[{"embeddable":true,"href":"https:\/\/agora.xtec.cat\/ceip-lesferreries-palafolls\/wp-json\/wp\/v2\/comments?post=21933"}],"version-history":[{"count":3,"href":"https:\/\/agora.xtec.cat\/ceip-lesferreries-palafolls\/wp-json\/wp\/v2\/posts\/21933\/revisions"}],"predecessor-version":[{"id":22622,"href":"https:\/\/agora.xtec.cat\/ceip-lesferreries-palafolls\/wp-json\/wp\/v2\/posts\/21933\/revisions\/22622"}],"wp:featuredmedia":[{"embeddable":true,"href":"https:\/\/agora.xtec.cat\/ceip-lesferreries-palafolls\/wp-json\/wp\/v2\/media\/21935"}],"wp:attachment":[{"href":"https:\/\/agora.xtec.cat\/ceip-lesferreries-palafolls\/wp-json\/wp\/v2\/media?parent=21933"}],"wp:term":[{"taxonomy":"category","embeddable":true,"href":"https:\/\/agora.xtec.cat\/ceip-lesferreries-palafolls\/wp-json\/wp\/v2\/categories?post=21933"},{"taxonomy":"post_tag","embeddable":true,"href":"https:\/\/agora.xtec.cat\/ceip-lesferreries-palafolls\/wp-json\/wp\/v2\/tags?post=21933"}],"curies":[{"name":"wp","href":"https:\/\/api.w.org\/{rel}","templated":true}]}}