{"id":21914,"date":"2023-04-04T10:40:04","date_gmt":"2023-04-04T08:40:04","guid":{"rendered":"https:\/\/agora.xtec.cat\/ceip-lesferreries-palafolls\/?p=21914"},"modified":"2025-10-21T10:19:16","modified_gmt":"2025-10-21T08:19:16","slug":"la-vella-quaresma-de-2n","status":"publish","type":"post","link":"https:\/\/agora.xtec.cat\/ceip-lesferreries-palafolls\/general\/la-vella-quaresma-de-2n\/","title":{"rendered":"La Vella Quaresma de 2n!"},"content":{"rendered":"<p>Benvolgudes nenes i nens de 2n!<\/p>\n<p>Quina Vella Quaresma m\u00e9s bonica hem tingut aquests any amb nosaltres, anava ben carregada de sorpreses!!!<\/p>\n<p>A la nostra escola tenim uns mestres que ens estimen molt i que a m\u00e9s, ens han volgut obsequiar cada setmana amb una sorpresa que han compartit amb tots vosaltres els seus alumnes.<\/p>\n<p>La 1a pota la va treure l&#8217;Arcadi i ens va ensenyar totes les medalles guanyades a les maratons de Barcelona, \u00e9s tot un bon esportista aquest Arcadi!!!<\/p>\n<p>La 2a, la nostra estimada profe de TAC l&#8217;Anna, que despr\u00e9s de fer-nos un jerogl\u00edfic ens va deixar escollir totes les can\u00e7ons del timbre de la setmana, com v\u00e0rem ballar i cantar aquells dies!!!<\/p>\n<p>La 3a, el nostre profe d&#8217;Educaci\u00f3 f\u00edsica, en Salva, que ens va descobrir la seva gran passi\u00f3, arbritar combats, que guapo que va venir a l&#8217;escola!!!<\/p>\n<p>La 4a, l&#8217;Elena Carles va apar\u00e8ixer ballant amb la Puput de la colla gegantera i ens va deixar provar l&#8217;experi\u00e8ncia de portar un gegant\u00f3!!!<\/p>\n<p>La 5a i la 6a, varen ser molt especials, les dues tutores que tant ens aprecien, ens varen preparar un joc on el resultat final era regalar-nos un conillet de pasqua!!! que no falti la xocolata aquests dies!!!<\/p>\n<p>I la 7a&#8230;aquesta \u00e9s la que heu de treure a casa, perqu\u00e8 ja esteu de vacances de Setmana Santa!!<\/p>\n<p>Aix\u00ed que a gaudir molt del mesrescut descans i ens retrobem molt aviat.<\/p>\n<p>Les tutores de 2n, Olga i Raquel.<\/p>\n<p><a href=\"https:\/\/photos.app.goo.gl\/BpoQ4RERexiqTxYH9\">Imatges de la Vella Quaresma de 2n<\/a><\/p>\n","protected":false},"excerpt":{"rendered":"<p>Benvolgudes nenes i nens de 2n! Quina Vella Quaresma m\u00e9s bonica hem tingut aquests any amb nosaltres, anava ben carregada de sorpreses!!! A la nostra escola tenim uns mestres que ens estimen molt i que a m\u00e9s, ens han volgut obsequiar cada setmana amb una sorpresa que han compartit amb tots vosaltres els seus alumnes. [&hellip;]<\/p>\n","protected":false},"author":83,"featured_media":21915,"comment_status":"open","ping_status":"closed","sticky":false,"template":"","format":"standard","meta":{"_bbp_topic_count":0,"_bbp_reply_count":0,"_bbp_total_topic_count":0,"_bbp_total_reply_count":0,"_bbp_voice_count":0,"_bbp_anonymous_reply_count":0,"_bbp_topic_count_hidden":0,"_bbp_reply_count_hidden":0,"_bbp_forum_subforum_count":0,"site-sidebar-layout":"default","site-content-layout":"","ast-site-content-layout":"","site-content-style":"default","site-sidebar-style":"default","ast-global-header-display":"","ast-banner-title-visibility":"","ast-main-header-display":"","ast-hfb-above-header-display":"","ast-hfb-below-header-display":"","ast-hfb-mobile-header-display":"","site-post-title":"","ast-breadcrumbs-content":"","ast-featured-img":"","footer-sml-layout":"","theme-transparent-header-meta":"","adv-header-id-meta":"","stick-header-meta":"","header-above-stick-meta":"","header-main-stick-meta":"","header-below-stick-meta":"","astra-migrate-meta-layouts":"default","ast-page-background-enabled":"default","ast-page-background-meta":{"desktop":{"background-color":"var(--ast-global-color-4)","background-image":"","background-repeat":"repeat","background-position":"center center","background-size":"auto","background-attachment":"scroll","background-type":"","background-media":"","overlay-type":"","overlay-color":"","overlay-opacity":"","overlay-gradient":""},"tablet":{"background-color":"","background-image":"","background-repeat":"repeat","background-position":"center center","background-size":"auto","background-attachment":"scroll","background-type":"","background-media":"","overlay-type":"","overlay-color":"","overlay-opacity":"","overlay-gradient":""},"mobile":{"background-color":"","background-image":"","background-repeat":"repeat","background-position":"center center","background-size":"auto","background-attachment":"scroll","background-type":"","background-media":"","overlay-type":"","overlay-color":"","overlay-opacity":"","overlay-gradient":""}},"ast-content-background-meta":{"desktop":{"background-color":"var(--ast-global-color-5)","background-image":"","background-repeat":"repeat","background-position":"center center","background-size":"auto","background-attachment":"scroll","background-type":"","background-media":"","overlay-type":"","overlay-color":"","overlay-opacity":"","overlay-gradient":""},"tablet":{"background-color":"var(--ast-global-color-5)","background-image":"","background-repeat":"repeat","background-position":"center center","background-size":"auto","background-attachment":"scroll","background-type":"","background-media":"","overlay-type":"","overlay-color":"","overlay-opacity":"","overlay-gradient":""},"mobile":{"background-color":"var(--ast-global-color-5)","background-image":"","background-repeat":"repeat","background-position":"center center","background-size":"auto","background-attachment":"scroll","background-type":"","background-media":"","overlay-type":"","overlay-color":"","overlay-opacity":"","overlay-gradient":""}},"footnotes":""},"categories":[571,572,1085,1,4],"tags":[],"class_list":["post-21914","post","type-post","status-publish","format-standard","has-post-thumbnail","hentry","category-18-27-a","category-16-27-b","category-cicle-inicial","category-general","category-portada"],"post_mailing_queue_ids":[],"_links":{"self":[{"href":"https:\/\/agora.xtec.cat\/ceip-lesferreries-palafolls\/wp-json\/wp\/v2\/posts\/21914","targetHints":{"allow":["GET"]}}],"collection":[{"href":"https:\/\/agora.xtec.cat\/ceip-lesferreries-palafolls\/wp-json\/wp\/v2\/posts"}],"about":[{"href":"https:\/\/agora.xtec.cat\/ceip-lesferreries-palafolls\/wp-json\/wp\/v2\/types\/post"}],"author":[{"embeddable":true,"href":"https:\/\/agora.xtec.cat\/ceip-lesferreries-palafolls\/wp-json\/wp\/v2\/users\/83"}],"replies":[{"embeddable":true,"href":"https:\/\/agora.xtec.cat\/ceip-lesferreries-palafolls\/wp-json\/wp\/v2\/comments?post=21914"}],"version-history":[{"count":1,"href":"https:\/\/agora.xtec.cat\/ceip-lesferreries-palafolls\/wp-json\/wp\/v2\/posts\/21914\/revisions"}],"predecessor-version":[{"id":21916,"href":"https:\/\/agora.xtec.cat\/ceip-lesferreries-palafolls\/wp-json\/wp\/v2\/posts\/21914\/revisions\/21916"}],"wp:featuredmedia":[{"embeddable":true,"href":"https:\/\/agora.xtec.cat\/ceip-lesferreries-palafolls\/wp-json\/wp\/v2\/media\/21915"}],"wp:attachment":[{"href":"https:\/\/agora.xtec.cat\/ceip-lesferreries-palafolls\/wp-json\/wp\/v2\/media?parent=21914"}],"wp:term":[{"taxonomy":"category","embeddable":true,"href":"https:\/\/agora.xtec.cat\/ceip-lesferreries-palafolls\/wp-json\/wp\/v2\/categories?post=21914"},{"taxonomy":"post_tag","embeddable":true,"href":"https:\/\/agora.xtec.cat\/ceip-lesferreries-palafolls\/wp-json\/wp\/v2\/tags?post=21914"}],"curies":[{"name":"wp","href":"https:\/\/api.w.org\/{rel}","templated":true}]}}