{"id":21748,"date":"2023-03-24T12:44:20","date_gmt":"2023-03-24T11:44:20","guid":{"rendered":"https:\/\/agora.xtec.cat\/ceip-lesferreries-palafolls\/?p=21748"},"modified":"2025-10-21T10:20:19","modified_gmt":"2025-10-21T08:20:19","slug":"la-casa-de-les-abelles-3r","status":"publish","type":"post","link":"https:\/\/agora.xtec.cat\/ceip-lesferreries-palafolls\/general\/la-casa-de-les-abelles-3r\/","title":{"rendered":"La casa de les Abelles 3r"},"content":{"rendered":"<p>El passat dijous 23 de mar\u00e7, els alumnes de 3r vam anar d&#8217;excursi\u00f3 a Sant Pere de Torell\u00f3 a visitar la Casa de les abelles i vam fer un viatge al m\u00f3n de l&#8217;Apicultura.<\/p>\n<p>A m\u00e9s de la producci\u00f3 de mel volem apropar els infants al m\u00f3n de l\u2019apicultura: mostrar la vida de les abelles, la feina de l\u2019apicultor i la varietat de productes naturals que genera aquesta activitat, aix\u00ed com donar a con\u00e8ixer la import\u00e0ncia de les abelles envers la natura (pol\u00b7linitzaci\u00f3).<\/p>\n<p>La visita va comen\u00e7ar amb una explicaci\u00f3, per part d&#8217;en Ram\u00f3n, sobre la vida i la organitzaci\u00f3 de les abelles, el m\u00f3n de l&#8217;apicultura i donar a con\u00e8ixer la import\u00e0ncia de la pol\u00b7linitzaci\u00f3.<\/p>\n<p>Despr\u00e9s, ens vam vestir d\u00b4apicultors i vam visitar l\u00b4arnar, on vam veure les bresques, la cera, la mel i els diferents tipus d&#8217;abelles. Per \u00faltim, amb la visita a l&#8217;obrador, vam con\u00e8ixer el proc\u00e9s de l&#8217;extracci\u00f3, filtratge i l&#8217;envasament de la mel. Tamb\u00e9 ens van donar per tastar la mel on vam descobrir els diferents sabor.<\/p>\n<p>Cal dir que abans\u00a0 vam dissenyar la nostra etiqueta que vam enganxar al nostre pot de mel.<\/p>\n<p>Aix\u00ed tots ens vam poder endur un potet de mel fet i etiquetat per nosaltres.<\/p>\n<p>Us deixem algunes fotografies de la sortida.<\/p>\n<p><a href=\"https:\/\/photos.app.goo.gl\/oYquByjNcdJVNQGo6\">La casa de les abelles<\/a><\/p>\n<p>Les tutores de 3r.<\/p>\n","protected":false},"excerpt":{"rendered":"<p>Hem visitat la casa de les abelles per vivenciar com es fa la mel i la pol.linitzaci\u00f3.<\/p>\n","protected":false},"author":70,"featured_media":19300,"comment_status":"open","ping_status":"closed","sticky":false,"template":"","format":"standard","meta":{"_bbp_topic_count":0,"_bbp_reply_count":0,"_bbp_total_topic_count":0,"_bbp_total_reply_count":0,"_bbp_voice_count":0,"_bbp_anonymous_reply_count":0,"_bbp_topic_count_hidden":0,"_bbp_reply_count_hidden":0,"_bbp_forum_subforum_count":0,"site-sidebar-layout":"default","site-content-layout":"","ast-site-content-layout":"","site-content-style":"default","site-sidebar-style":"default","ast-global-header-display":"","ast-banner-title-visibility":"","ast-main-header-display":"","ast-hfb-above-header-display":"","ast-hfb-below-header-display":"","ast-hfb-mobile-header-display":"","site-post-title":"","ast-breadcrumbs-content":"","ast-featured-img":"","footer-sml-layout":"","theme-transparent-header-meta":"","adv-header-id-meta":"","stick-header-meta":"","header-above-stick-meta":"","header-main-stick-meta":"","header-below-stick-meta":"","astra-migrate-meta-layouts":"default","ast-page-background-enabled":"default","ast-page-background-meta":{"desktop":{"background-color":"var(--ast-global-color-4)","background-image":"","background-repeat":"repeat","background-position":"center center","background-size":"auto","background-attachment":"scroll","background-type":"","background-media":"","overlay-type":"","overlay-color":"","overlay-opacity":"","overlay-gradient":""},"tablet":{"background-color":"","background-image":"","background-repeat":"repeat","background-position":"center center","background-size":"auto","background-attachment":"scroll","background-type":"","background-media":"","overlay-type":"","overlay-color":"","overlay-opacity":"","overlay-gradient":""},"mobile":{"background-color":"","background-image":"","background-repeat":"repeat","background-position":"center center","background-size":"auto","background-attachment":"scroll","background-type":"","background-media":"","overlay-type":"","overlay-color":"","overlay-opacity":"","overlay-gradient":""}},"ast-content-background-meta":{"desktop":{"background-color":"var(--ast-global-color-5)","background-image":"","background-repeat":"repeat","background-position":"center center","background-size":"auto","background-attachment":"scroll","background-type":"","background-media":"","overlay-type":"","overlay-color":"","overlay-opacity":"","overlay-gradient":""},"tablet":{"background-color":"var(--ast-global-color-5)","background-image":"","background-repeat":"repeat","background-position":"center center","background-size":"auto","background-attachment":"scroll","background-type":"","background-media":"","overlay-type":"","overlay-color":"","overlay-opacity":"","overlay-gradient":""},"mobile":{"background-color":"var(--ast-global-color-5)","background-image":"","background-repeat":"repeat","background-position":"center center","background-size":"auto","background-attachment":"scroll","background-type":"","background-media":"","overlay-type":"","overlay-color":"","overlay-opacity":"","overlay-gradient":""}},"footnotes":""},"categories":[502,503,504,1086,36,1,4,44],"tags":[16,194],"class_list":["post-21748","post","type-post","status-publish","format-standard","has-post-thumbnail","hentry","category-gr01","category-gr02","category-gr03","category-cicle-mitja","category-galeria","category-general","category-portada","category-sortides","tag-sortides","tag-tercer"],"post_mailing_queue_ids":[],"_links":{"self":[{"href":"https:\/\/agora.xtec.cat\/ceip-lesferreries-palafolls\/wp-json\/wp\/v2\/posts\/21748","targetHints":{"allow":["GET"]}}],"collection":[{"href":"https:\/\/agora.xtec.cat\/ceip-lesferreries-palafolls\/wp-json\/wp\/v2\/posts"}],"about":[{"href":"https:\/\/agora.xtec.cat\/ceip-lesferreries-palafolls\/wp-json\/wp\/v2\/types\/post"}],"author":[{"embeddable":true,"href":"https:\/\/agora.xtec.cat\/ceip-lesferreries-palafolls\/wp-json\/wp\/v2\/users\/70"}],"replies":[{"embeddable":true,"href":"https:\/\/agora.xtec.cat\/ceip-lesferreries-palafolls\/wp-json\/wp\/v2\/comments?post=21748"}],"version-history":[{"count":2,"href":"https:\/\/agora.xtec.cat\/ceip-lesferreries-palafolls\/wp-json\/wp\/v2\/posts\/21748\/revisions"}],"predecessor-version":[{"id":21751,"href":"https:\/\/agora.xtec.cat\/ceip-lesferreries-palafolls\/wp-json\/wp\/v2\/posts\/21748\/revisions\/21751"}],"wp:featuredmedia":[{"embeddable":true,"href":"https:\/\/agora.xtec.cat\/ceip-lesferreries-palafolls\/wp-json\/wp\/v2\/media\/19300"}],"wp:attachment":[{"href":"https:\/\/agora.xtec.cat\/ceip-lesferreries-palafolls\/wp-json\/wp\/v2\/media?parent=21748"}],"wp:term":[{"taxonomy":"category","embeddable":true,"href":"https:\/\/agora.xtec.cat\/ceip-lesferreries-palafolls\/wp-json\/wp\/v2\/categories?post=21748"},{"taxonomy":"post_tag","embeddable":true,"href":"https:\/\/agora.xtec.cat\/ceip-lesferreries-palafolls\/wp-json\/wp\/v2\/tags?post=21748"}],"curies":[{"name":"wp","href":"https:\/\/api.w.org\/{rel}","templated":true}]}}