{"id":21702,"date":"2023-02-27T14:32:52","date_gmt":"2023-02-27T13:32:52","guid":{"rendered":"https:\/\/agora.xtec.cat\/ceip-lesferreries-palafolls\/?p=21702"},"modified":"2023-02-27T14:40:20","modified_gmt":"2023-02-27T13:40:20","slug":"convocatoria-junta-extraordinaria","status":"publish","type":"post","link":"https:\/\/agora.xtec.cat\/ceip-lesferreries-palafolls\/afa\/convocatoria-junta-extraordinaria\/","title":{"rendered":"Convocat\u00f2ria Junta Extraordin\u00e0ria"},"content":{"rendered":"<p>El passat <strong>28 de novembre de 2022<\/strong> <strong>es va cel\u00b7lebrar la reuni\u00f3 anual<\/strong> amb els socis i s\u00f2cies de l&#8217;AMPA.\u00a0A l&#8217;ordre del dia constava la <strong>proposta de canvi de nom de l&#8217;entitat, d&#8217;AMPA a AFA<\/strong> <span style=\"font-weight: 400\">(Associaci\u00f3 de Fam\u00edlies d\u2019Alumnes),\u00a0<\/span><span style=\"font-weight: 400\">ja que en els darrers anys el perfil de les fam\u00edlies de l\u2019escola ha anat canviant i ja no som nom\u00e9s mares i pares, sin\u00f3 que les estructures familiars actuals s\u00f3n molt diferents a anys enrere i cal adequar-ho als temps actuals, al igual que fa d\u00e8cades existien les APA (Associaci\u00f3 de Pares d\u2019Alumnes) i posteriorment es van anomenar AMPA (Associaci\u00f3 de Mares i Pares d\u2019Alumnes).\u00a0<\/span><\/p>\n<p><strong>La proposta va resultar aprovada<\/strong> per 6 vots a favor, 0 vots en contra i 2 vots en blanc, d&#8217;un total de 8 socis i s\u00f2cies assistents a la reuni\u00f3.<\/p>\n<p><span style=\"font-weight: 400\">Com ja es va informar a la reuni\u00f3, per tal de fer aquest tr\u00e0mit caldr\u00e0 modificar els estatuts de l\u2019entitat i donat que els que tenim s\u00f3n de l\u2019any 2007 aprofitarem per modificar diversos punts per tal que s\u2019adaptin als temps actuals.<\/span><\/p>\n<p>Per aquest motiu convoquem als socis i s\u00f2cies de l&#8217;AMPA a la <strong>reuni\u00f3 extraordin\u00e0ria que tindr\u00e0 lloc el proper DILLUNS 13 DE MAR\u00c7 a les 20:00h<\/strong> en primera convocat\u00f2ria i a les 20:10h en segona convocat\u00f2ria, la reuni\u00f3 es celebrar\u00e0 al menjador de l&#8217;escola.<\/p>\n<p>Tal i com mana la normativa, adjuntem c\u00f2pia de la <a href=\"https:\/\/drive.google.com\/file\/d\/1RNo7OjtY2VczY89hUK6Qy4xHI__Go3tl\/view?usp=share_link\" target=\"_blank\" rel=\"noopener\">convocat\u00f2ria<\/a> amb l&#8217;ordre del dia, c\u00f2pia dels <a href=\"https:\/\/drive.google.com\/file\/d\/1VlWqxNdmVQ_dJtQswrqscFp3nyyiOtPw\/view?usp=share_link\" target=\"_blank\" rel=\"noopener\">estatuts vigents de l&#8217;any 2007<\/a> i c\u00f2pia de l&#8217;<a href=\"https:\/\/drive.google.com\/file\/d\/1K0dTt81EWrNzK8X_xMTOcvJnG90_Z-iL\/view?usp=share_link\" target=\"_blank\" rel=\"noopener\">esborrany dels nous estatuts<\/a>. Els articles a modificar s\u00f3n els n\u00fam. <span style=\"font-weight: 400\">1, 2, 3, 4, 5, 6, 8, 9, 10, 11, 12, 13, 14, 16, 17, 23, 27 i la disposici\u00f3 final (els trobareu marcats en color groc).<\/span><\/p>\n<p>Esperem comptar amb la vostra pres\u00e8ncia.<\/p>\n<p><span style=\"text-decoration: underline\"><strong>AMPA FERRERIES<\/strong><\/span><\/p>\n<p>&nbsp;<\/p>\n","protected":false},"excerpt":{"rendered":"<p>El passat 28 de novembre de 2022 es va cel\u00b7lebrar la reuni\u00f3 anual amb els socis i s\u00f2cies de l&#8217;AMPA.\u00a0A l&#8217;ordre del dia constava la proposta de canvi de nom de l&#8217;entitat, d&#8217;AMPA a AFA (Associaci\u00f3 de Fam\u00edlies d\u2019Alumnes),\u00a0ja que en els darrers anys el perfil de les fam\u00edlies de l\u2019escola ha anat canviant i [&hellip;]<\/p>\n","protected":false},"author":109,"featured_media":21710,"comment_status":"open","ping_status":"closed","sticky":false,"template":"","format":"standard","meta":{"_bbp_topic_count":0,"_bbp_reply_count":0,"_bbp_total_topic_count":0,"_bbp_total_reply_count":0,"_bbp_voice_count":0,"_bbp_anonymous_reply_count":0,"_bbp_topic_count_hidden":0,"_bbp_reply_count_hidden":0,"_bbp_forum_subforum_count":0,"site-sidebar-layout":"default","site-content-layout":"","ast-site-content-layout":"","site-content-style":"default","site-sidebar-style":"default","ast-global-header-display":"","ast-banner-title-visibility":"","ast-main-header-display":"","ast-hfb-above-header-display":"","ast-hfb-below-header-display":"","ast-hfb-mobile-header-display":"","site-post-title":"","ast-breadcrumbs-content":"","ast-featured-img":"","footer-sml-layout":"","theme-transparent-header-meta":"","adv-header-id-meta":"","stick-header-meta":"","header-above-stick-meta":"","header-main-stick-meta":"","header-below-stick-meta":"","astra-migrate-meta-layouts":"default","ast-page-background-enabled":"default","ast-page-background-meta":{"desktop":{"background-color":"var(--ast-global-color-4)","background-image":"","background-repeat":"repeat","background-position":"center center","background-size":"auto","background-attachment":"scroll","background-type":"","background-media":"","overlay-type":"","overlay-color":"","overlay-opacity":"","overlay-gradient":""},"tablet":{"background-color":"","background-image":"","background-repeat":"repeat","background-position":"center center","background-size":"auto","background-attachment":"scroll","background-type":"","background-media":"","overlay-type":"","overlay-color":"","overlay-opacity":"","overlay-gradient":""},"mobile":{"background-color":"","background-image":"","background-repeat":"repeat","background-position":"center center","background-size":"auto","background-attachment":"scroll","background-type":"","background-media":"","overlay-type":"","overlay-color":"","overlay-opacity":"","overlay-gradient":""}},"ast-content-background-meta":{"desktop":{"background-color":"var(--ast-global-color-5)","background-image":"","background-repeat":"repeat","background-position":"center center","background-size":"auto","background-attachment":"scroll","background-type":"","background-media":"","overlay-type":"","overlay-color":"","overlay-opacity":"","overlay-gradient":""},"tablet":{"background-color":"var(--ast-global-color-5)","background-image":"","background-repeat":"repeat","background-position":"center center","background-size":"auto","background-attachment":"scroll","background-type":"","background-media":"","overlay-type":"","overlay-color":"","overlay-opacity":"","overlay-gradient":""},"mobile":{"background-color":"var(--ast-global-color-5)","background-image":"","background-repeat":"repeat","background-position":"center center","background-size":"auto","background-attachment":"scroll","background-type":"","background-media":"","overlay-type":"","overlay-color":"","overlay-opacity":"","overlay-gradient":""}},"footnotes":""},"categories":[7],"tags":[],"class_list":["post-21702","post","type-post","status-publish","format-standard","has-post-thumbnail","hentry","category-afa"],"post_mailing_queue_ids":[],"_links":{"self":[{"href":"https:\/\/agora.xtec.cat\/ceip-lesferreries-palafolls\/wp-json\/wp\/v2\/posts\/21702","targetHints":{"allow":["GET"]}}],"collection":[{"href":"https:\/\/agora.xtec.cat\/ceip-lesferreries-palafolls\/wp-json\/wp\/v2\/posts"}],"about":[{"href":"https:\/\/agora.xtec.cat\/ceip-lesferreries-palafolls\/wp-json\/wp\/v2\/types\/post"}],"author":[{"embeddable":true,"href":"https:\/\/agora.xtec.cat\/ceip-lesferreries-palafolls\/wp-json\/wp\/v2\/users\/109"}],"replies":[{"embeddable":true,"href":"https:\/\/agora.xtec.cat\/ceip-lesferreries-palafolls\/wp-json\/wp\/v2\/comments?post=21702"}],"version-history":[{"count":3,"href":"https:\/\/agora.xtec.cat\/ceip-lesferreries-palafolls\/wp-json\/wp\/v2\/posts\/21702\/revisions"}],"predecessor-version":[{"id":21707,"href":"https:\/\/agora.xtec.cat\/ceip-lesferreries-palafolls\/wp-json\/wp\/v2\/posts\/21702\/revisions\/21707"}],"wp:featuredmedia":[{"embeddable":true,"href":"https:\/\/agora.xtec.cat\/ceip-lesferreries-palafolls\/wp-json\/wp\/v2\/media\/21710"}],"wp:attachment":[{"href":"https:\/\/agora.xtec.cat\/ceip-lesferreries-palafolls\/wp-json\/wp\/v2\/media?parent=21702"}],"wp:term":[{"taxonomy":"category","embeddable":true,"href":"https:\/\/agora.xtec.cat\/ceip-lesferreries-palafolls\/wp-json\/wp\/v2\/categories?post=21702"},{"taxonomy":"post_tag","embeddable":true,"href":"https:\/\/agora.xtec.cat\/ceip-lesferreries-palafolls\/wp-json\/wp\/v2\/tags?post=21702"}],"curies":[{"name":"wp","href":"https:\/\/api.w.org\/{rel}","templated":true}]}}