{"id":21690,"date":"2023-02-23T12:26:57","date_gmt":"2023-02-23T11:26:57","guid":{"rendered":"https:\/\/agora.xtec.cat\/ceip-lesferreries-palafolls\/?p=21690"},"modified":"2023-09-06T10:39:13","modified_gmt":"2023-09-06T08:39:13","slug":"preinscripcio-23-24","status":"publish","type":"post","link":"https:\/\/agora.xtec.cat\/ceip-lesferreries-palafolls\/general\/preinscripcio-23-24\/","title":{"rendered":"PREINSCRIPCI\u00d3 23-24"},"content":{"rendered":"<section class=\"padding-xs padding-sm padding-md colorSectionOdd\">\n<article class=\"container fullcontainer-xs\">\n<div class=\"row\">\n<div id=\"center_2R\">\n<div id=\"llista_2db68caf-5a4a-11eb-bf68-005056924a59_2db68cb0-5a4a-11eb-bf68-005056924a59\" class=\"fpca_llista_enllacIcones formatter_body\">\n<div class=\"wrapper_llista_enllacIcones\">\n<h2 class=\"header2 pd-15 pd-30\">1. Informa&#8217;t i prepara&#8217;t abans que comenci la preinscripci\u00f3<\/h2>\n<ul class=\"list-row border-filet \">\n<li class=\"list-item col-12\">\n<div class=\"list-item-wrapper\">\n<div class=\"col icon-col\">\n<div class=\"icon\"><img decoding=\"async\" src=\"https:\/\/preinscripcio.gencat.cat\/web\/.content\/icones\/calendari-on.png_2044584825.png\" alt=\"\" \/> <a class=\"\" style=\"font-family: inherit; font-size: 1em;\" title=\"Coneix les dates clau del calendari i les accions associades\" href=\"https:\/\/preinscripcio.gencat.cat\/ca\/estudis\/infantil-3-6\/informat\/calendari\/\" target=\"_blank\" rel=\"noopener\">Coneix les dates clau del calendari i les accions associades<\/a><\/div>\n<\/div>\n<\/div>\n<\/li>\n<li class=\"list-item col-12\">\n<div class=\"list-item-wrapper\">\n<div class=\"col icon-col\">\n<div class=\"icon\"><img decoding=\"async\" src=\"https:\/\/preinscripcio.gencat.cat\/web\/.content\/icones\/criteris-on.png_2044584825.png\" alt=\"\" \/> <a class=\"\" style=\"font-family: inherit; font-size: 1em;\" title=\"Ent\u00e9n els criteris de selecci\u00f3, prioritzaci\u00f3 i desempat\" href=\"https:\/\/preinscripcio.gencat.cat\/ca\/estudis\/infantil-3-6\/informat\/criteris-assignacio\/\" target=\"_blank\" rel=\"noopener\">Ent\u00e9n els criteris de selecci\u00f3, prioritzaci\u00f3 i desempat<\/a><\/div>\n<\/div>\n<\/div>\n<\/li>\n<li class=\"list-item col-12\">\n<div class=\"list-item-wrapper\">\n<div class=\"col icon-col\">\n<div class=\"icon\"><img decoding=\"async\" src=\"https:\/\/preinscripcio.gencat.cat\/web\/.content\/icones\/doc-on.png_2044584825.png\" alt=\"\" \/>\u00a0<a class=\"\" style=\"font-family: inherit; font-size: 1em;\" title=\"Prepara la documentaci\u00f3 que, si escau, haur\u00e0s d'adjuntar a la sol\u00b7licitud\" href=\"https:\/\/preinscripcio.gencat.cat\/ca\/estudis\/infantil-3-6\/informat\/prepara-documentacio\/\" target=\"_blank\" rel=\"noopener\">Prepara la documentaci\u00f3 que, si escau, haur\u00e0s d&#8217;adjuntar a la sol\u00b7licitud<\/a><\/div>\n<\/div>\n<\/div>\n<\/li>\n<\/ul>\n<\/div>\n<\/div>\n<\/div>\n<\/div>\n<\/article>\n<\/section>\n<section class=\"padding-xs padding-sm padding-md colorSectionOdd\">\n<article class=\"container fullcontainer-xs\">\n<div class=\"row\">\n<div id=\"center_3R\">\n<div id=\"llista_31d0d047-5a4a-11eb-bf68-005056924a59_31d0d048-5a4a-11eb-bf68-005056924a59\" class=\"fpca_llista_enllacIcones formatter_body\">\n<div class=\"wrapper_llista_enllacIcones\">\n<h2 class=\"header2 pd-15 pd-30\">2. <strong>Del 6 al 20 de mar\u00e7:<\/strong> presenta la sol\u00b7licitud de preinscripci\u00f3 i fes-ne el seguiment<\/h2>\n<ul class=\"list-row border-filet \">\n<li class=\"list-item col-12\">\n<div class=\"list-item-wrapper\">\n<div class=\"col icon-col\">\n<div class=\"icon\"><img decoding=\"async\" src=\"https:\/\/preinscripcio.gencat.cat\/web\/.content\/icones\/sollicitud-off.png_2044584825.png\" alt=\"\" \/> <a class=\"\" style=\"font-family: inherit; font-size: 1em;\" title=\"Fes la sol\u00b7licitud de preinscripci\u00f3 i presenta-la\" href=\"https:\/\/preinscripcio.gencat.cat\/ca\/estudis\/infantil-3-6\/preinscriute\/sollicitud\/\" target=\"_blank\" rel=\"noopener\">Fes la sol\u00b7licitud de preinscripci\u00f3 i presenta-la, <\/a><strong>si voleu des de l&#8217;escola us ajudarem a tramitar la sol\u00b7licitud de preinscripci\u00f3. <\/strong><\/div>\n<\/div>\n<\/div>\n<\/li>\n<li class=\"list-item col-12\">\n<div class=\"list-item-wrapper\">\n<div class=\"col icon-col\">\n<div class=\"icon\"><img decoding=\"async\" src=\"https:\/\/preinscripcio.gencat.cat\/web\/.content\/icones\/consulta-revisa1-off.png_2044584825.png\" alt=\"\" \/>\u00a0<a class=\"\" style=\"font-family: inherit; font-size: 1em;\" title=\"Fes el seguiment de la teva sol\u00b7licitud\" href=\"https:\/\/preinscripcio.gencat.cat\/ca\/estudis\/infantil-3-6\/preinscriute\/seguiment-sollicitud\/\" target=\"_blank\" rel=\"noopener\">Fes el seguiment de la teva sol\u00b7licitud<\/a><\/div>\n<\/div>\n<\/div>\n<\/li>\n<li class=\"list-item col-12\">\n<div class=\"list-item-wrapper\">\n<div class=\"col icon-col\">\n<div class=\"icon\"><img decoding=\"async\" src=\"https:\/\/preinscripcio.gencat.cat\/web\/.content\/icones\/persona-off.png_2044584825.png\" alt=\"\" \/> <a class=\"\" style=\"font-family: inherit; font-size: 1em;\" title=\"Consulta la teva pla\u00e7a\" href=\"https:\/\/preinscripcio.gencat.cat\/ca\/estudis\/infantil-3-6\/preinscriute\/consulta\/\" target=\"_blank\" rel=\"noopener\">Consulta la teva pla\u00e7a<\/a><\/div>\n<\/div>\n<\/div>\n<\/li>\n<\/ul>\n<\/div>\n<\/div>\n<\/div>\n<\/div>\n<\/article>\n<\/section>\n<section class=\"padding-xs padding-sm padding-md colorSectionOdd\">\n<article class=\"container fullcontainer-xs\">\n<div class=\"row\">\n<div id=\"center_4R\">\n<div id=\"llista_31154864-5a4a-11eb-bf68-005056924a59_31154865-5a4a-11eb-bf68-005056924a59\" class=\"fpca_llista_enllacIcones formatter_body\">\n<div class=\"wrapper_llista_enllacIcones\">\n<h2 class=\"header2 pd-15 pd-30\">3. Ja pots formalitzar la matr\u00edcula!<\/h2>\n<ul class=\"list-row border-filet \">\n<li class=\"list-item col-12\">\n<div class=\"list-item-wrapper\">\n<div class=\"col icon-col\">\n<div class=\"icon\"><img decoding=\"async\" src=\"https:\/\/preinscripcio.gencat.cat\/web\/.content\/icones\/matricula-off.png_2044584825.png\" alt=\"\" \/> <a class=\"\" style=\"font-family: inherit; font-size: 1em;\" title=\"Formalitza la matr\u00edcula al centre educatiu assignat\" href=\"https:\/\/preinscripcio.gencat.cat\/ca\/estudis\/infantil-3-6\/matriculat\/formalitzacio\/\" target=\"_blank\" rel=\"noopener\">Formalitza la matr\u00edcula al centre educatiu assignat<\/a><\/div>\n<\/div>\n<\/div>\n<\/li>\n<li class=\"list-item col-12\">\n<div class=\"list-item-wrapper\">\n<div class=\"col icon-col\">\n<div class=\"icon\"><img decoding=\"async\" src=\"https:\/\/preinscripcio.gencat.cat\/web\/.content\/icones\/persona-off.png_2044584825.png\" alt=\"\" \/> <a class=\"\" style=\"font-family: inherit; font-size: 1em;\" title=\"Consulta la llista d'alumnes matriculats\" href=\"https:\/\/preinscripcio.gencat.cat\/ca\/estudis\/infantil-3-6\/matriculat\/consulta\/\" target=\"_blank\" rel=\"noopener\">Consulta la llista d&#8217;alumnes matriculats<\/a><\/div>\n<\/div>\n<\/div>\n<\/li>\n<\/ul>\n<\/div>\n<\/div>\n<\/div>\n<\/div>\n<\/article>\n<\/section>\n<section class=\"padding-xs padding-sm padding-md colorSectionOdd\">\n<article class=\"container fullcontainer-xs\">\n<div class=\"row\">\n<div id=\"center_5R\">\n<div id=\"llista_d2b217e2-65a8-11eb-b49c-005056924a59_d2b217e3-65a8-11eb-b49c-005056924a59\" class=\"fpca_llista_enllacIcones formatter_body\">\n<div class=\"wrapper_llista_enllacIcones\"><\/div>\n<\/div>\n<div id=\"llista_bcec564d-6703-11eb-8ecb-005056924a59_bcec564e-6703-11eb-8ecb-005056924a59\" class=\"fpca_llista_enllacIcones formatter_body\">\n<div class=\"wrapper_llista_enllacIcones\">\n<h2 class=\"header2 pd-15 pd-30\">Prefereixes veure un v\u00eddeo?<\/h2>\n<ul class=\"list-row border-filet \">\n<li class=\"list-item col-12\">\n<div class=\"list-item-wrapper\">\n<div class=\"col icon-col\">\n<div class=\"icon\"><img decoding=\"async\" src=\"https:\/\/preinscripcio.gencat.cat\/web\/.content\/icones\/video.png_2044584825.png\" alt=\"\" \/> <a class=\"\" style=\"font-family: inherit; font-size: 1em;\" title=\"Mira els v\u00eddeos que trobar\u00e0s a les P\u00edndoles multim\u00e8dia del Centre d'ajuda, t'ajudaran en aquest proc\u00e9s.\" href=\"https:\/\/preinscripcio.gencat.cat\/ca\/estudis\/infantil-3-6\/ajuda\/pindoles-multimedia\/\" target=\"_blank\" rel=\"noopener\">Mira els v\u00eddeos que trobar\u00e0s a les P\u00edndoles multim\u00e8dia del Centre d&#8217;ajuda, t&#8217;ajudaran en aquest proc\u00e9s.<\/a><\/div>\n<\/div>\n<\/div>\n<\/li>\n<\/ul>\n<\/div>\n<\/div>\n<div id=\"llista_c16f5f3d-6709-11eb-8ecb-005056924a59_c16f5f3e-6709-11eb-8ecb-005056924a59\" class=\"fpca_llista_enllacIcones formatter_body\">\n<div class=\"wrapper_llista_enllacIcones\">\n<h2 class=\"header2 pd-15 pd-30\">Si encara tens dubtes&#8230;<\/h2>\n<ul class=\"list-row border-filet \">\n<li class=\"list-item col-12\">\n<div class=\"list-item-wrapper\">\n<div class=\"col icon-col\">\n<div class=\"icon\"><img decoding=\"async\" src=\"https:\/\/preinscripcio.gencat.cat\/web\/.content\/icones\/pf.png_2044584825.png\" alt=\"\" \/> <a class=\"\" style=\"font-family: inherit; font-size: 1em;\" title=\"Consulta les preguntes m\u00e9s freq\u00fcents agrupades per temes.\" href=\"https:\/\/preinscripcio.gencat.cat\/ca\/estudis\/infantil-3-6\/ajuda\/dubtes-temes\/\" target=\"_blank\" rel=\"noopener\">Consulta les preguntes m\u00e9s freq\u00fcents agrupades per temes.<\/a><\/div>\n<\/div>\n<\/div>\n<\/li>\n<\/ul>\n<\/div>\n<\/div>\n<\/div>\n<\/div>\n<\/article>\n<\/section>\n","protected":false},"excerpt":{"rendered":"<p>1. Informa&#8217;t i prepara&#8217;t abans que comenci la preinscripci\u00f3 Coneix les dates clau del calendari i les accions associades Ent\u00e9n els criteris de selecci\u00f3, prioritzaci\u00f3 i desempat \u00a0Prepara la documentaci\u00f3 que, si escau, haur\u00e0s d&#8217;adjuntar a la sol\u00b7licitud 2. Del 6 al 20 de mar\u00e7: presenta la sol\u00b7licitud de preinscripci\u00f3 i fes-ne el seguiment Fes [&hellip;]<\/p>\n","protected":false},"author":65,"featured_media":21692,"comment_status":"open","ping_status":"closed","sticky":false,"template":"","format":"standard","meta":{"_bbp_topic_count":0,"_bbp_reply_count":0,"_bbp_total_topic_count":0,"_bbp_total_reply_count":0,"_bbp_voice_count":0,"_bbp_anonymous_reply_count":0,"_bbp_topic_count_hidden":0,"_bbp_reply_count_hidden":0,"_bbp_forum_subforum_count":0,"site-sidebar-layout":"default","site-content-layout":"","ast-site-content-layout":"","site-content-style":"default","site-sidebar-style":"default","ast-global-header-display":"","ast-banner-title-visibility":"","ast-main-header-display":"","ast-hfb-above-header-display":"","ast-hfb-below-header-display":"","ast-hfb-mobile-header-display":"","site-post-title":"","ast-breadcrumbs-content":"","ast-featured-img":"","footer-sml-layout":"","theme-transparent-header-meta":"","adv-header-id-meta":"","stick-header-meta":"","header-above-stick-meta":"","header-main-stick-meta":"","header-below-stick-meta":"","astra-migrate-meta-layouts":"default","ast-page-background-enabled":"default","ast-page-background-meta":{"desktop":{"background-color":"var(--ast-global-color-4)","background-image":"","background-repeat":"repeat","background-position":"center center","background-size":"auto","background-attachment":"scroll","background-type":"","background-media":"","overlay-type":"","overlay-color":"","overlay-opacity":"","overlay-gradient":""},"tablet":{"background-color":"","background-image":"","background-repeat":"repeat","background-position":"center center","background-size":"auto","background-attachment":"scroll","background-type":"","background-media":"","overlay-type":"","overlay-color":"","overlay-opacity":"","overlay-gradient":""},"mobile":{"background-color":"","background-image":"","background-repeat":"repeat","background-position":"center center","background-size":"auto","background-attachment":"scroll","background-type":"","background-media":"","overlay-type":"","overlay-color":"","overlay-opacity":"","overlay-gradient":""}},"ast-content-background-meta":{"desktop":{"background-color":"var(--ast-global-color-5)","background-image":"","background-repeat":"repeat","background-position":"center center","background-size":"auto","background-attachment":"scroll","background-type":"","background-media":"","overlay-type":"","overlay-color":"","overlay-opacity":"","overlay-gradient":""},"tablet":{"background-color":"var(--ast-global-color-5)","background-image":"","background-repeat":"repeat","background-position":"center center","background-size":"auto","background-attachment":"scroll","background-type":"","background-media":"","overlay-type":"","overlay-color":"","overlay-opacity":"","overlay-gradient":""},"mobile":{"background-color":"var(--ast-global-color-5)","background-image":"","background-repeat":"repeat","background-position":"center center","background-size":"auto","background-attachment":"scroll","background-type":"","background-media":"","overlay-type":"","overlay-color":"","overlay-opacity":"","overlay-gradient":""}},"footnotes":""},"categories":[1,4],"tags":[615],"class_list":["post-21690","post","type-post","status-publish","format-standard","has-post-thumbnail","hentry","category-general","category-portada","tag-preinscripcio"],"post_mailing_queue_ids":[],"_links":{"self":[{"href":"https:\/\/agora.xtec.cat\/ceip-lesferreries-palafolls\/wp-json\/wp\/v2\/posts\/21690","targetHints":{"allow":["GET"]}}],"collection":[{"href":"https:\/\/agora.xtec.cat\/ceip-lesferreries-palafolls\/wp-json\/wp\/v2\/posts"}],"about":[{"href":"https:\/\/agora.xtec.cat\/ceip-lesferreries-palafolls\/wp-json\/wp\/v2\/types\/post"}],"author":[{"embeddable":true,"href":"https:\/\/agora.xtec.cat\/ceip-lesferreries-palafolls\/wp-json\/wp\/v2\/users\/65"}],"replies":[{"embeddable":true,"href":"https:\/\/agora.xtec.cat\/ceip-lesferreries-palafolls\/wp-json\/wp\/v2\/comments?post=21690"}],"version-history":[{"count":3,"href":"https:\/\/agora.xtec.cat\/ceip-lesferreries-palafolls\/wp-json\/wp\/v2\/posts\/21690\/revisions"}],"predecessor-version":[{"id":21695,"href":"https:\/\/agora.xtec.cat\/ceip-lesferreries-palafolls\/wp-json\/wp\/v2\/posts\/21690\/revisions\/21695"}],"wp:featuredmedia":[{"embeddable":true,"href":"https:\/\/agora.xtec.cat\/ceip-lesferreries-palafolls\/wp-json\/wp\/v2\/media\/21692"}],"wp:attachment":[{"href":"https:\/\/agora.xtec.cat\/ceip-lesferreries-palafolls\/wp-json\/wp\/v2\/media?parent=21690"}],"wp:term":[{"taxonomy":"category","embeddable":true,"href":"https:\/\/agora.xtec.cat\/ceip-lesferreries-palafolls\/wp-json\/wp\/v2\/categories?post=21690"},{"taxonomy":"post_tag","embeddable":true,"href":"https:\/\/agora.xtec.cat\/ceip-lesferreries-palafolls\/wp-json\/wp\/v2\/tags?post=21690"}],"curies":[{"name":"wp","href":"https:\/\/api.w.org\/{rel}","templated":true}]}}