{"id":21665,"date":"2023-02-15T12:09:41","date_gmt":"2023-02-15T11:09:41","guid":{"rendered":"https:\/\/agora.xtec.cat\/ceip-lesferreries-palafolls\/?p=21665"},"modified":"2023-02-15T12:09:41","modified_gmt":"2023-02-15T11:09:41","slug":"els-alumnes-de-6e-van-al-cosmocaixa","status":"publish","type":"post","link":"https:\/\/agora.xtec.cat\/ceip-lesferreries-palafolls\/general\/els-alumnes-de-6e-van-al-cosmocaixa\/","title":{"rendered":"ELS ALUMNES DE 6\u00c8 VAN AL COSMOCAIXA"},"content":{"rendered":"<p>A l&#8217;\u00e0rea de coneixement del medi estem treballant l&#8217;energia i aprofitem per fer treballs de recerca i saber-ne m\u00e9s, ja que ens preocupa el nostre futur.<\/p>\n<p>Aprofitant l&#8217;avinentesa vam organitzar una sortida al CosmoCaixa on v\u00e0rem anar en un taller sobre aquest tema.<\/p>\n<p>Des de l&#8217;\u00e0rea de llengua catalana l&#8217;alumna Elia S\u00e1nchez de 6\u00e8B us ho explica:<\/p>\n<p><em>El dia 8 de febrer vam anar a Barcelona al CosmoCaixa amb tot 6\u00e8 i els mestres.<\/em><\/p>\n<p><em>Primer de tot vam esmorzar i despr\u00e9s v\u00e0rem fer un taller sobre l&#8217;energia molt divertit, molts nosaltres vam aprendre molt.\u00a0 A continuaci\u00f3, a l&#8217;acabar vam visitar la sala Univers on v\u00e8iem molts peixos gegants.\u00a0 Tamb\u00e9 ens van deixar una estona per anar sols en petit grup per veure-ho tot.\u00a0 Despr\u00e9s vam anar al Bosc inundat on hi havia m\u00e9s animals.\u00a0 Quan es va acabar el temps vam menjar i despr\u00e9s v\u00e0rem tornar a la sala Univers que em va agradar tant com el bosc.<\/em><\/p>\n<p><em>Per acabar puj\u00e0rem a l&#8217;autob\u00fas direcci\u00f3 a Palafolls.\u00a0 Em va agradar molt, jo tornaria.<\/em><\/p>\n<p>Aqu\u00ed us deixem un recull de <a href=\"https:\/\/photos.app.goo.gl\/megVszQ4FojFBtMg9\">les fotografies d&#8217;aquest dia<\/a>.\u00a0 Esperem que us agradi tant com a nosaltres!!!<\/p>\n","protected":false},"excerpt":{"rendered":"<p>A l&#8217;\u00e0rea de coneixement del medi estem treballant l&#8217;energia i aprofitem per fer treballs de recerca i saber-ne m\u00e9s, ja que ens preocupa el nostre futur. Aprofitant l&#8217;avinentesa vam organitzar una sortida al CosmoCaixa on v\u00e0rem anar en un taller sobre aquest tema. Des de l&#8217;\u00e0rea de llengua catalana l&#8217;alumna Elia S\u00e1nchez de 6\u00e8B us [&hellip;]<\/p>\n","protected":false},"author":102,"featured_media":21667,"comment_status":"open","ping_status":"closed","sticky":false,"template":"","format":"standard","meta":{"_bbp_topic_count":0,"_bbp_reply_count":0,"_bbp_total_topic_count":0,"_bbp_total_reply_count":0,"_bbp_voice_count":0,"_bbp_anonymous_reply_count":0,"_bbp_topic_count_hidden":0,"_bbp_reply_count_hidden":0,"_bbp_forum_subforum_count":0,"site-sidebar-layout":"default","site-content-layout":"","ast-site-content-layout":"","site-content-style":"default","site-sidebar-style":"default","ast-global-header-display":"","ast-banner-title-visibility":"","ast-main-header-display":"","ast-hfb-above-header-display":"","ast-hfb-below-header-display":"","ast-hfb-mobile-header-display":"","site-post-title":"","ast-breadcrumbs-content":"","ast-featured-img":"","footer-sml-layout":"","theme-transparent-header-meta":"","adv-header-id-meta":"","stick-header-meta":"","header-above-stick-meta":"","header-main-stick-meta":"","header-below-stick-meta":"","astra-migrate-meta-layouts":"default","ast-page-background-enabled":"default","ast-page-background-meta":{"desktop":{"background-color":"var(--ast-global-color-4)","background-image":"","background-repeat":"repeat","background-position":"center center","background-size":"auto","background-attachment":"scroll","background-type":"","background-media":"","overlay-type":"","overlay-color":"","overlay-opacity":"","overlay-gradient":""},"tablet":{"background-color":"","background-image":"","background-repeat":"repeat","background-position":"center center","background-size":"auto","background-attachment":"scroll","background-type":"","background-media":"","overlay-type":"","overlay-color":"","overlay-opacity":"","overlay-gradient":""},"mobile":{"background-color":"","background-image":"","background-repeat":"repeat","background-position":"center center","background-size":"auto","background-attachment":"scroll","background-type":"","background-media":"","overlay-type":"","overlay-color":"","overlay-opacity":"","overlay-gradient":""}},"ast-content-background-meta":{"desktop":{"background-color":"var(--ast-global-color-5)","background-image":"","background-repeat":"repeat","background-position":"center center","background-size":"auto","background-attachment":"scroll","background-type":"","background-media":"","overlay-type":"","overlay-color":"","overlay-opacity":"","overlay-gradient":""},"tablet":{"background-color":"var(--ast-global-color-5)","background-image":"","background-repeat":"repeat","background-position":"center center","background-size":"auto","background-attachment":"scroll","background-type":"","background-media":"","overlay-type":"","overlay-color":"","overlay-opacity":"","overlay-gradient":""},"mobile":{"background-color":"var(--ast-global-color-5)","background-image":"","background-repeat":"repeat","background-position":"center center","background-size":"auto","background-attachment":"scroll","background-type":"","background-media":"","overlay-type":"","overlay-color":"","overlay-opacity":"","overlay-gradient":""}},"footnotes":""},"categories":[1,4],"tags":[],"class_list":["post-21665","post","type-post","status-publish","format-standard","has-post-thumbnail","hentry","category-general","category-portada"],"post_mailing_queue_ids":[],"_links":{"self":[{"href":"https:\/\/agora.xtec.cat\/ceip-lesferreries-palafolls\/wp-json\/wp\/v2\/posts\/21665","targetHints":{"allow":["GET"]}}],"collection":[{"href":"https:\/\/agora.xtec.cat\/ceip-lesferreries-palafolls\/wp-json\/wp\/v2\/posts"}],"about":[{"href":"https:\/\/agora.xtec.cat\/ceip-lesferreries-palafolls\/wp-json\/wp\/v2\/types\/post"}],"author":[{"embeddable":true,"href":"https:\/\/agora.xtec.cat\/ceip-lesferreries-palafolls\/wp-json\/wp\/v2\/users\/102"}],"replies":[{"embeddable":true,"href":"https:\/\/agora.xtec.cat\/ceip-lesferreries-palafolls\/wp-json\/wp\/v2\/comments?post=21665"}],"version-history":[{"count":2,"href":"https:\/\/agora.xtec.cat\/ceip-lesferreries-palafolls\/wp-json\/wp\/v2\/posts\/21665\/revisions"}],"predecessor-version":[{"id":21670,"href":"https:\/\/agora.xtec.cat\/ceip-lesferreries-palafolls\/wp-json\/wp\/v2\/posts\/21665\/revisions\/21670"}],"wp:featuredmedia":[{"embeddable":true,"href":"https:\/\/agora.xtec.cat\/ceip-lesferreries-palafolls\/wp-json\/wp\/v2\/media\/21667"}],"wp:attachment":[{"href":"https:\/\/agora.xtec.cat\/ceip-lesferreries-palafolls\/wp-json\/wp\/v2\/media?parent=21665"}],"wp:term":[{"taxonomy":"category","embeddable":true,"href":"https:\/\/agora.xtec.cat\/ceip-lesferreries-palafolls\/wp-json\/wp\/v2\/categories?post=21665"},{"taxonomy":"post_tag","embeddable":true,"href":"https:\/\/agora.xtec.cat\/ceip-lesferreries-palafolls\/wp-json\/wp\/v2\/tags?post=21665"}],"curies":[{"name":"wp","href":"https:\/\/api.w.org\/{rel}","templated":true}]}}