{"id":21650,"date":"2023-02-13T09:52:07","date_gmt":"2023-02-13T08:52:07","guid":{"rendered":"https:\/\/agora.xtec.cat\/ceip-lesferreries-palafolls\/?p=21650"},"modified":"2023-02-13T09:52:07","modified_gmt":"2023-02-13T08:52:07","slug":"denip-2023","status":"publish","type":"post","link":"https:\/\/agora.xtec.cat\/ceip-lesferreries-palafolls\/general\/denip-2023\/","title":{"rendered":"DENIP 2023"},"content":{"rendered":"<p>El 30 de gener v\u00e0rem celebrar el <strong>dia Escolar de la No-viol\u00e8ncia i la Pau (DENIP)<\/strong>, una iniciativa d\u2019<strong>Educaci\u00f3 No-violenta<\/strong>\u00a0i Pacificadora, difosa internacionalment.<\/p>\n<p><strong>Des de l&#8217;escola<\/strong>\u00a0volem contribuir a fer que sigui una jornada per\u00a0<strong>fomentar el pensament cr\u00edtic, treballar continguts transformadors i posar focus en els problemes socials de l\u2019entorn<\/strong>. Entre tots construirem una societat m\u00e9s justa, tolerant i\u00a0solid\u00e0ria.<\/p>\n<p>Pel\u00a0<strong>DENIP 2023<\/strong>\u00a0proposem que s\u2019abordi la tem\u00e0tica de la\u00a0<strong>Comunicaci\u00f3 No Violenta<\/strong>. Les paraules i els gestos sovint s\u00f3n l\u2019arrel de moltes confrontacions.<\/p>\n<p>Reflexionar com ens comuniquem i aprendre sobre la comunicaci\u00f3 no violenta pot ajudar a prevenir i a<strong>\u00a0resoldre conflictes a l\u2019aula<\/strong>\u00a0per\u00f2 tamb\u00e9 a donar eines per l\u2019<strong>educaci\u00f3 per la pau i la just\u00edcia social<\/strong>.\u00a0<span class=\"hiddenGrammarError\">Revalorar<\/span>\u00a0el di\u00e0leg, en temps on el ciberassetjament est\u00e0 a l\u2019ordre del dia, la confrontaci\u00f3 \u00e9s la norma i el conflicte es busca per tal de cridar audi\u00e8ncia,<strong>\u00a0\u00e9s important tornar a conceptes com l\u2019escolta activa, l\u2019empatia, la responsabilitat i el respecte.<\/strong><\/p>\n<p>La proposta d\u2019enguany s&#8217;han dut a terme 4 activitats principals, amb les activitats pr\u00e8vies realitzades a les aules per preparar el DENIP<strong>: <\/strong><\/p>\n<ul>\n<li><strong>Educaci\u00f3 infantil i cicle inicial<\/strong>, amb l&#8217;ajuda de les fam\u00edlies, han decorat la tanca exterior de l&#8217;escola amb unes mans blanques amb desitjos per la pau.<\/li>\n<li>Cada grup-classe de <strong>cicle mitj\u00e0 i superior<\/strong> han fet un n\u00favol on han escrit una frase amb el seu somni per la pau.<\/li>\n<li>A l&#8217;hora del pati, l&#8217;alumnat de <strong>6\u00e8 de prim\u00e0ria<\/strong> ha organitzat una jornada de <strong>Tchoukball <\/strong>per a tot l&#8217;alumnat que volgu\u00e9s jugar, un esport reconegut com a joc de la pau.<\/li>\n<li>I, per finalitzar la celebraci\u00f3, hem fet un <strong>acte conjunt<\/strong> tota l&#8217;escola on hem cantat agafats de la m\u00e0 una can\u00e7\u00f3 per la pau.<\/li>\n<\/ul>\n<p>En el seg\u00fcent enlla\u00e7 trobareu les fotos del <strong>DENIP 2023<\/strong>:\u00a0<a href=\"https:\/\/photos.app.goo.gl\/2JsDasqPpYzvMX358\" target=\"_blank\" rel=\"noopener\">https:\/\/photos.app.goo.gl\/2JsDasqPpYzvMX358<\/a><\/p>\n","protected":false},"excerpt":{"rendered":"<p>El 30 de gener v\u00e0rem celebrar el dia Escolar de la No-viol\u00e8ncia i la Pau (DENIP), una iniciativa d\u2019Educaci\u00f3 No-violenta\u00a0i Pacificadora, difosa internacionalment. Des de l&#8217;escola\u00a0volem contribuir a fer que sigui una jornada per\u00a0fomentar el pensament cr\u00edtic, treballar continguts transformadors i posar focus en els problemes socials de l\u2019entorn. Entre tots construirem una societat m\u00e9s [&hellip;]<\/p>\n","protected":false},"author":65,"featured_media":21651,"comment_status":"open","ping_status":"closed","sticky":false,"template":"","format":"standard","meta":{"_bbp_topic_count":0,"_bbp_reply_count":0,"_bbp_total_topic_count":0,"_bbp_total_reply_count":0,"_bbp_voice_count":0,"_bbp_anonymous_reply_count":0,"_bbp_topic_count_hidden":0,"_bbp_reply_count_hidden":0,"_bbp_forum_subforum_count":0,"site-sidebar-layout":"default","site-content-layout":"","ast-site-content-layout":"","site-content-style":"default","site-sidebar-style":"default","ast-global-header-display":"","ast-banner-title-visibility":"","ast-main-header-display":"","ast-hfb-above-header-display":"","ast-hfb-below-header-display":"","ast-hfb-mobile-header-display":"","site-post-title":"","ast-breadcrumbs-content":"","ast-featured-img":"","footer-sml-layout":"","theme-transparent-header-meta":"","adv-header-id-meta":"","stick-header-meta":"","header-above-stick-meta":"","header-main-stick-meta":"","header-below-stick-meta":"","astra-migrate-meta-layouts":"default","ast-page-background-enabled":"default","ast-page-background-meta":{"desktop":{"background-color":"var(--ast-global-color-4)","background-image":"","background-repeat":"repeat","background-position":"center center","background-size":"auto","background-attachment":"scroll","background-type":"","background-media":"","overlay-type":"","overlay-color":"","overlay-opacity":"","overlay-gradient":""},"tablet":{"background-color":"","background-image":"","background-repeat":"repeat","background-position":"center center","background-size":"auto","background-attachment":"scroll","background-type":"","background-media":"","overlay-type":"","overlay-color":"","overlay-opacity":"","overlay-gradient":""},"mobile":{"background-color":"","background-image":"","background-repeat":"repeat","background-position":"center center","background-size":"auto","background-attachment":"scroll","background-type":"","background-media":"","overlay-type":"","overlay-color":"","overlay-opacity":"","overlay-gradient":""}},"ast-content-background-meta":{"desktop":{"background-color":"var(--ast-global-color-5)","background-image":"","background-repeat":"repeat","background-position":"center center","background-size":"auto","background-attachment":"scroll","background-type":"","background-media":"","overlay-type":"","overlay-color":"","overlay-opacity":"","overlay-gradient":""},"tablet":{"background-color":"var(--ast-global-color-5)","background-image":"","background-repeat":"repeat","background-position":"center center","background-size":"auto","background-attachment":"scroll","background-type":"","background-media":"","overlay-type":"","overlay-color":"","overlay-opacity":"","overlay-gradient":""},"mobile":{"background-color":"var(--ast-global-color-5)","background-image":"","background-repeat":"repeat","background-position":"center center","background-size":"auto","background-attachment":"scroll","background-type":"","background-media":"","overlay-type":"","overlay-color":"","overlay-opacity":"","overlay-gradient":""}},"footnotes":""},"categories":[22,1,4],"tags":[594,275],"class_list":["post-21650","post","type-post","status-publish","format-standard","has-post-thumbnail","hentry","category-activitats","category-general","category-portada","tag-denip","tag-tchoukball"],"post_mailing_queue_ids":[],"_links":{"self":[{"href":"https:\/\/agora.xtec.cat\/ceip-lesferreries-palafolls\/wp-json\/wp\/v2\/posts\/21650","targetHints":{"allow":["GET"]}}],"collection":[{"href":"https:\/\/agora.xtec.cat\/ceip-lesferreries-palafolls\/wp-json\/wp\/v2\/posts"}],"about":[{"href":"https:\/\/agora.xtec.cat\/ceip-lesferreries-palafolls\/wp-json\/wp\/v2\/types\/post"}],"author":[{"embeddable":true,"href":"https:\/\/agora.xtec.cat\/ceip-lesferreries-palafolls\/wp-json\/wp\/v2\/users\/65"}],"replies":[{"embeddable":true,"href":"https:\/\/agora.xtec.cat\/ceip-lesferreries-palafolls\/wp-json\/wp\/v2\/comments?post=21650"}],"version-history":[{"count":1,"href":"https:\/\/agora.xtec.cat\/ceip-lesferreries-palafolls\/wp-json\/wp\/v2\/posts\/21650\/revisions"}],"predecessor-version":[{"id":21652,"href":"https:\/\/agora.xtec.cat\/ceip-lesferreries-palafolls\/wp-json\/wp\/v2\/posts\/21650\/revisions\/21652"}],"wp:featuredmedia":[{"embeddable":true,"href":"https:\/\/agora.xtec.cat\/ceip-lesferreries-palafolls\/wp-json\/wp\/v2\/media\/21651"}],"wp:attachment":[{"href":"https:\/\/agora.xtec.cat\/ceip-lesferreries-palafolls\/wp-json\/wp\/v2\/media?parent=21650"}],"wp:term":[{"taxonomy":"category","embeddable":true,"href":"https:\/\/agora.xtec.cat\/ceip-lesferreries-palafolls\/wp-json\/wp\/v2\/categories?post=21650"},{"taxonomy":"post_tag","embeddable":true,"href":"https:\/\/agora.xtec.cat\/ceip-lesferreries-palafolls\/wp-json\/wp\/v2\/tags?post=21650"}],"curies":[{"name":"wp","href":"https:\/\/api.w.org\/{rel}","templated":true}]}}