{"id":21636,"date":"2023-02-06T19:08:34","date_gmt":"2023-02-06T18:08:34","guid":{"rendered":"https:\/\/agora.xtec.cat\/ceip-lesferreries-palafolls\/?p=21636"},"modified":"2023-02-06T19:08:34","modified_gmt":"2023-02-06T18:08:34","slug":"projecte-intercicle-i4a-6ea-tinenca-responsable-de-gossos","status":"publish","type":"post","link":"https:\/\/agora.xtec.cat\/ceip-lesferreries-palafolls\/general\/projecte-intercicle-i4a-6ea-tinenca-responsable-de-gossos\/","title":{"rendered":"Projecte intercicle I4A-6\u00e8A: Tinen\u00e7a responsable de gossos."},"content":{"rendered":"<p>Aquest passat divendres 3 de febrer ens va venir a visitar en Miquel, el \u201cMestre Pelut\u201d que \u00e9s un noi que en sap molt de gossos. El van acompanyar la Lula i l\u2019Alai que \u00e9s una gosseta sorda i amb la que es comunicava mitjan\u00e7ant signes i ho entenia tot!. Ens va parlar sobre la comunicaci\u00f3 canina (senyals de calma, posici\u00f3 de la cua, de les orelles, del cos&#8230;) i ens va ensenyar com es fa per ensinistrar-los. Amb premis, es clar! Sempre amb refor\u00e7ament positiu i amb molta paci\u00e8ncia.<br \/>\nA m\u00e9s, va fer una sessi\u00f3 de caire m\u00e9s pr\u00e0ctic pels m\u00e9s petits on ens va explicar com cuidar un gos,  quines necessitats tenen, la feina que fan els veterinaris,&#8230; Hem pogut veure  com \u00e9s un xip per dintre i quina \u00e9s la seva funci\u00f3. Fins i tot  vam escoltar el  cor de la Lula amb fonendoscopi!<br \/>\nFinalment ens va lliurar un diploma a cadasc\u00fa que ens acredita com a experts en mascotes dom\u00e8stiques. Tant els petits com els grans ens ho vam passar genial i vam aprendre un munt de coses noves dels nostres amics peluts.<br \/>\nAquesta activitat s\u2019inclou dins d\u2019un  dels projectes intercicle que fem a l\u2019escola  i volem donar les gr\u00e0cies a  l\u2019ajuntament de Palafolls per la seva col\u00b7laboraci\u00f3 i implicaci\u00f3 amb aquest projecte.<br \/>\n<a href=\"https:\/\/drive.google.com\/drive\/folders\/1-UoyGaF9JhUlDpylUKEFBN2moC3ReNSw?usp=share_link\">FOTOS<\/a><\/p>\n","protected":false},"excerpt":{"rendered":"<p>Aquest passat divendres 3 de febrer ens va venir a visitar en Miquel, el \u201cMestre Pelut\u201d que \u00e9s un noi que en sap molt de gossos. El van acompanyar la Lula i l\u2019Alai que \u00e9s una gosseta sorda i amb la que es comunicava mitjan\u00e7ant signes i ho entenia tot!. Ens va parlar sobre la [&hellip;]<\/p>\n","protected":false},"author":103,"featured_media":21637,"comment_status":"open","ping_status":"closed","sticky":false,"template":"","format":"standard","meta":{"_bbp_topic_count":0,"_bbp_reply_count":0,"_bbp_total_topic_count":0,"_bbp_total_reply_count":0,"_bbp_voice_count":0,"_bbp_anonymous_reply_count":0,"_bbp_topic_count_hidden":0,"_bbp_reply_count_hidden":0,"_bbp_forum_subforum_count":0,"site-sidebar-layout":"default","site-content-layout":"","ast-site-content-layout":"","site-content-style":"default","site-sidebar-style":"default","ast-global-header-display":"","ast-banner-title-visibility":"","ast-main-header-display":"","ast-hfb-above-header-display":"","ast-hfb-below-header-display":"","ast-hfb-mobile-header-display":"","site-post-title":"","ast-breadcrumbs-content":"","ast-featured-img":"","footer-sml-layout":"","theme-transparent-header-meta":"","adv-header-id-meta":"","stick-header-meta":"","header-above-stick-meta":"","header-main-stick-meta":"","header-below-stick-meta":"","astra-migrate-meta-layouts":"default","ast-page-background-enabled":"default","ast-page-background-meta":{"desktop":{"background-color":"var(--ast-global-color-4)","background-image":"","background-repeat":"repeat","background-position":"center center","background-size":"auto","background-attachment":"scroll","background-type":"","background-media":"","overlay-type":"","overlay-color":"","overlay-opacity":"","overlay-gradient":""},"tablet":{"background-color":"","background-image":"","background-repeat":"repeat","background-position":"center center","background-size":"auto","background-attachment":"scroll","background-type":"","background-media":"","overlay-type":"","overlay-color":"","overlay-opacity":"","overlay-gradient":""},"mobile":{"background-color":"","background-image":"","background-repeat":"repeat","background-position":"center center","background-size":"auto","background-attachment":"scroll","background-type":"","background-media":"","overlay-type":"","overlay-color":"","overlay-opacity":"","overlay-gradient":""}},"ast-content-background-meta":{"desktop":{"background-color":"var(--ast-global-color-5)","background-image":"","background-repeat":"repeat","background-position":"center center","background-size":"auto","background-attachment":"scroll","background-type":"","background-media":"","overlay-type":"","overlay-color":"","overlay-opacity":"","overlay-gradient":""},"tablet":{"background-color":"var(--ast-global-color-5)","background-image":"","background-repeat":"repeat","background-position":"center center","background-size":"auto","background-attachment":"scroll","background-type":"","background-media":"","overlay-type":"","overlay-color":"","overlay-opacity":"","overlay-gradient":""},"mobile":{"background-color":"var(--ast-global-color-5)","background-image":"","background-repeat":"repeat","background-position":"center center","background-size":"auto","background-attachment":"scroll","background-type":"","background-media":"","overlay-type":"","overlay-color":"","overlay-opacity":"","overlay-gradient":""}},"footnotes":""},"categories":[830,36,1,4,48],"tags":[],"class_list":["post-21636","post","type-post","status-publish","format-standard","has-post-thumbnail","hentry","category-2021-2030-grup-a","category-galeria","category-general","category-portada","category-projectes"],"post_mailing_queue_ids":[],"_links":{"self":[{"href":"https:\/\/agora.xtec.cat\/ceip-lesferreries-palafolls\/wp-json\/wp\/v2\/posts\/21636","targetHints":{"allow":["GET"]}}],"collection":[{"href":"https:\/\/agora.xtec.cat\/ceip-lesferreries-palafolls\/wp-json\/wp\/v2\/posts"}],"about":[{"href":"https:\/\/agora.xtec.cat\/ceip-lesferreries-palafolls\/wp-json\/wp\/v2\/types\/post"}],"author":[{"embeddable":true,"href":"https:\/\/agora.xtec.cat\/ceip-lesferreries-palafolls\/wp-json\/wp\/v2\/users\/103"}],"replies":[{"embeddable":true,"href":"https:\/\/agora.xtec.cat\/ceip-lesferreries-palafolls\/wp-json\/wp\/v2\/comments?post=21636"}],"version-history":[{"count":1,"href":"https:\/\/agora.xtec.cat\/ceip-lesferreries-palafolls\/wp-json\/wp\/v2\/posts\/21636\/revisions"}],"predecessor-version":[{"id":21638,"href":"https:\/\/agora.xtec.cat\/ceip-lesferreries-palafolls\/wp-json\/wp\/v2\/posts\/21636\/revisions\/21638"}],"wp:featuredmedia":[{"embeddable":true,"href":"https:\/\/agora.xtec.cat\/ceip-lesferreries-palafolls\/wp-json\/wp\/v2\/media\/21637"}],"wp:attachment":[{"href":"https:\/\/agora.xtec.cat\/ceip-lesferreries-palafolls\/wp-json\/wp\/v2\/media?parent=21636"}],"wp:term":[{"taxonomy":"category","embeddable":true,"href":"https:\/\/agora.xtec.cat\/ceip-lesferreries-palafolls\/wp-json\/wp\/v2\/categories?post=21636"},{"taxonomy":"post_tag","embeddable":true,"href":"https:\/\/agora.xtec.cat\/ceip-lesferreries-palafolls\/wp-json\/wp\/v2\/tags?post=21636"}],"curies":[{"name":"wp","href":"https:\/\/api.w.org\/{rel}","templated":true}]}}