{"id":21633,"date":"2023-02-06T16:33:34","date_gmt":"2023-02-06T15:33:34","guid":{"rendered":"https:\/\/agora.xtec.cat\/ceip-lesferreries-palafolls\/?p=21633"},"modified":"2023-02-06T16:33:34","modified_gmt":"2023-02-06T15:33:34","slug":"informacio-carnestoltes-2023","status":"publish","type":"post","link":"https:\/\/agora.xtec.cat\/ceip-lesferreries-palafolls\/general\/informacio-carnestoltes-2023\/","title":{"rendered":"INFORMACI\u00d3 CARNESTOLTES 2023"},"content":{"rendered":"<p><img loading=\"lazy\" decoding=\"async\" class=\" wp-image-21634 alignleft\" src=\"https:\/\/agora.xtec.cat\/ceip-lesferreries-palafolls\/wp-content\/uploads\/usu670\/2023\/02\/Carnestoltes-2023.jpeg\" alt=\"\" width=\"325\" height=\"459\" srcset=\"https:\/\/agora.xtec.cat\/ceip-lesferreries-palafolls\/wp-content\/uploads\/usu670\/2023\/02\/Carnestoltes-2023.jpeg 1131w, https:\/\/agora.xtec.cat\/ceip-lesferreries-palafolls\/wp-content\/uploads\/usu670\/2023\/02\/Carnestoltes-2023-212x300.jpeg 212w, https:\/\/agora.xtec.cat\/ceip-lesferreries-palafolls\/wp-content\/uploads\/usu670\/2023\/02\/Carnestoltes-2023-724x1024.jpeg 724w, https:\/\/agora.xtec.cat\/ceip-lesferreries-palafolls\/wp-content\/uploads\/usu670\/2023\/02\/Carnestoltes-2023-768x1086.jpeg 768w, https:\/\/agora.xtec.cat\/ceip-lesferreries-palafolls\/wp-content\/uploads\/usu670\/2023\/02\/Carnestoltes-2023-1086x1536.jpeg 1086w\" sizes=\"auto, (max-width: 325px) 100vw, 325px\" \/>El dia 10 de febrer al mat\u00ed, en un acte adre\u00e7at exclusivament als i les alumnes dels centres educatius, el Rei Carnestoltes vindr\u00e0 al Parc Viari per informar de les consignes que tant l&#8217;alumnat com la resta del poble de Palafolls hauran de seguir la setmana del 13 al 17.<\/p>\n<p>Un cop el Rei Carnestoltes ens hagi informat de les consignes, us farem un comunicat amb elles.<\/p>\n<p>El dijous 16 de febrer a la tarda, l&#8217;alumnat de l&#8217;escola celebrar\u00e0 el dijous gras per diferents localitzacions del poble, recordeu que han de portar una motxilla petita amb aigua i berenar.<\/p>\n<p>El divendres 17 a partir de les 15 h es dur\u00e0 a terme la Rua de disfresses de l&#8217;Escola Les Ferreries al llarg de tota la Rambla les Ferreries.<\/p>\n<p>Despr\u00e9s d&#8217;escola, a partir de les 16:30 h es podr\u00e0 gaudir al F\u00f2rum Palatiolo de la tradicional Xocolatada solid\u00e0ria on participen diferents entitats i associacions sense \u00e0nim de lucre. Els beneficis recaptats aniran destinats a l&#8217;Hospital Sant Joan de D\u00e9u.<\/p>\n<p>I per acabar una setmana de riure i xerinola, el dissabte 25 de febrer a les 17:30 h tindr\u00e0 lloc la Cercavila de disfresses de Carnestoltes de Palafolls, de l&#8217;Avinguda Costa Brava al F\u00f2rum Palatiolo on s&#8217;espera, al final d&#8217;aquest trajecte, una gran Festa d&#8217;animaci\u00f3 infantil, m\u00fasica per a tots els p\u00fablics i xocolata amb xurros.<\/p>\n<p>Apunteu-ho b\u00e9 a la vostra agenda!<\/p>\n<p>No us ho perdeu!<\/p>\n","protected":false},"excerpt":{"rendered":"<p>El dia 10 de febrer al mat\u00ed, en un acte adre\u00e7at exclusivament als i les alumnes dels centres educatius, el Rei Carnestoltes vindr\u00e0 al Parc Viari per informar de les consignes que tant l&#8217;alumnat com la resta del poble de Palafolls hauran de seguir la setmana del 13 al 17. Un cop el Rei Carnestoltes [&hellip;]<\/p>\n","protected":false},"author":65,"featured_media":21634,"comment_status":"open","ping_status":"closed","sticky":false,"template":"","format":"standard","meta":{"_bbp_topic_count":0,"_bbp_reply_count":0,"_bbp_total_topic_count":0,"_bbp_total_reply_count":0,"_bbp_voice_count":0,"_bbp_anonymous_reply_count":0,"_bbp_topic_count_hidden":0,"_bbp_reply_count_hidden":0,"_bbp_forum_subforum_count":0,"site-sidebar-layout":"default","site-content-layout":"","ast-site-content-layout":"","site-content-style":"default","site-sidebar-style":"default","ast-global-header-display":"","ast-banner-title-visibility":"","ast-main-header-display":"","ast-hfb-above-header-display":"","ast-hfb-below-header-display":"","ast-hfb-mobile-header-display":"","site-post-title":"","ast-breadcrumbs-content":"","ast-featured-img":"","footer-sml-layout":"","theme-transparent-header-meta":"","adv-header-id-meta":"","stick-header-meta":"","header-above-stick-meta":"","header-main-stick-meta":"","header-below-stick-meta":"","astra-migrate-meta-layouts":"default","ast-page-background-enabled":"default","ast-page-background-meta":{"desktop":{"background-color":"var(--ast-global-color-4)","background-image":"","background-repeat":"repeat","background-position":"center center","background-size":"auto","background-attachment":"scroll","background-type":"","background-media":"","overlay-type":"","overlay-color":"","overlay-opacity":"","overlay-gradient":""},"tablet":{"background-color":"","background-image":"","background-repeat":"repeat","background-position":"center center","background-size":"auto","background-attachment":"scroll","background-type":"","background-media":"","overlay-type":"","overlay-color":"","overlay-opacity":"","overlay-gradient":""},"mobile":{"background-color":"","background-image":"","background-repeat":"repeat","background-position":"center center","background-size":"auto","background-attachment":"scroll","background-type":"","background-media":"","overlay-type":"","overlay-color":"","overlay-opacity":"","overlay-gradient":""}},"ast-content-background-meta":{"desktop":{"background-color":"var(--ast-global-color-5)","background-image":"","background-repeat":"repeat","background-position":"center center","background-size":"auto","background-attachment":"scroll","background-type":"","background-media":"","overlay-type":"","overlay-color":"","overlay-opacity":"","overlay-gradient":""},"tablet":{"background-color":"var(--ast-global-color-5)","background-image":"","background-repeat":"repeat","background-position":"center center","background-size":"auto","background-attachment":"scroll","background-type":"","background-media":"","overlay-type":"","overlay-color":"","overlay-opacity":"","overlay-gradient":""},"mobile":{"background-color":"var(--ast-global-color-5)","background-image":"","background-repeat":"repeat","background-position":"center center","background-size":"auto","background-attachment":"scroll","background-type":"","background-media":"","overlay-type":"","overlay-color":"","overlay-opacity":"","overlay-gradient":""}},"footnotes":""},"categories":[22,34,1,4],"tags":[191,605],"class_list":["post-21633","post","type-post","status-publish","format-standard","has-post-thumbnail","hentry","category-activitats","category-festes-populars","category-general","category-portada","tag-carnestoltes","tag-prego"],"post_mailing_queue_ids":[],"_links":{"self":[{"href":"https:\/\/agora.xtec.cat\/ceip-lesferreries-palafolls\/wp-json\/wp\/v2\/posts\/21633","targetHints":{"allow":["GET"]}}],"collection":[{"href":"https:\/\/agora.xtec.cat\/ceip-lesferreries-palafolls\/wp-json\/wp\/v2\/posts"}],"about":[{"href":"https:\/\/agora.xtec.cat\/ceip-lesferreries-palafolls\/wp-json\/wp\/v2\/types\/post"}],"author":[{"embeddable":true,"href":"https:\/\/agora.xtec.cat\/ceip-lesferreries-palafolls\/wp-json\/wp\/v2\/users\/65"}],"replies":[{"embeddable":true,"href":"https:\/\/agora.xtec.cat\/ceip-lesferreries-palafolls\/wp-json\/wp\/v2\/comments?post=21633"}],"version-history":[{"count":1,"href":"https:\/\/agora.xtec.cat\/ceip-lesferreries-palafolls\/wp-json\/wp\/v2\/posts\/21633\/revisions"}],"predecessor-version":[{"id":21635,"href":"https:\/\/agora.xtec.cat\/ceip-lesferreries-palafolls\/wp-json\/wp\/v2\/posts\/21633\/revisions\/21635"}],"wp:featuredmedia":[{"embeddable":true,"href":"https:\/\/agora.xtec.cat\/ceip-lesferreries-palafolls\/wp-json\/wp\/v2\/media\/21634"}],"wp:attachment":[{"href":"https:\/\/agora.xtec.cat\/ceip-lesferreries-palafolls\/wp-json\/wp\/v2\/media?parent=21633"}],"wp:term":[{"taxonomy":"category","embeddable":true,"href":"https:\/\/agora.xtec.cat\/ceip-lesferreries-palafolls\/wp-json\/wp\/v2\/categories?post=21633"},{"taxonomy":"post_tag","embeddable":true,"href":"https:\/\/agora.xtec.cat\/ceip-lesferreries-palafolls\/wp-json\/wp\/v2\/tags?post=21633"}],"curies":[{"name":"wp","href":"https:\/\/api.w.org\/{rel}","templated":true}]}}