{"id":21627,"date":"2023-02-03T12:20:24","date_gmt":"2023-02-03T11:20:24","guid":{"rendered":"https:\/\/agora.xtec.cat\/ceip-lesferreries-palafolls\/?p=21627"},"modified":"2023-02-03T12:20:24","modified_gmt":"2023-02-03T11:20:24","slug":"plantem-maduixes-a-3r","status":"publish","type":"post","link":"https:\/\/agora.xtec.cat\/ceip-lesferreries-palafolls\/general\/plantem-maduixes-a-3r\/","title":{"rendered":"Plantem maduixes a 3r"},"content":{"rendered":"<p>Aquest segon trimestre a l&#8217;\u00e0rea de Medi Natural els alumnes de 3r estem treballant LES PLANTES.<\/p>\n<p>Per vivenciar tot el que estem aprenent, les fam\u00edlies ens ajuden i participen en el proc\u00e9s d&#8217;aprenentatge.<\/p>\n<p>Aix\u00ed doncs, l&#8217;avi Antonio i l&#8217;Oriol han vingut a ensenyar-nos a plantar maduixes.<\/p>\n<p>Per grups cooperatius hem posat la terra, plantat i regat cadasc\u00fa el seu test amb la planta.<\/p>\n<p>L&#8217;Antonio ens ha explicat que la maduixera descansa durant l&#8217;hivern i quan arriba la primavera, li comencen a sortir fulles noves. Sota terra, les arrels de la planta van creixent. A mesura que s&#8217;allarguen els dies i el temps \u00e9s m\u00e9s calor\u00f3s la maduixera creix. Les fulles s&#8217;estenen per captar el m\u00e0xim de llum possible. A mesura que creix i augmenta de volum, les llavors se separen. Les maduixes al principi s\u00f3n verdes, despr\u00e9s de color crema, rosa i finalment de color vermell. Quan \u00e9s vermella, \u00e9s madura i a punt per menjar.<\/p>\n<p>Ara ens toca cuidar-les i regar-les per veure el proc\u00e9s de creixement i poder arribar a menjar maduixes.<\/p>\n<p>Us deixem algunes fotografies de la tarda a l&#8217;hort.<\/p>\n<p>&nbsp;<\/p>\n<p><a href=\"https:\/\/photos.app.goo.gl\/jnobEytfkQ8wdXCd7\">Plantem maduixes a 3r<\/a><\/p>\n","protected":false},"excerpt":{"rendered":"<p>Aquest segon trimestre a l&#8217;\u00e0rea de Medi Natural els alumnes de 3r estem treballant LES PLANTES. Per vivenciar tot el que estem aprenent, les fam\u00edlies ens ajuden i participen en el proc\u00e9s d&#8217;aprenentatge. Aix\u00ed doncs, l&#8217;avi Antonio i l&#8217;Oriol han vingut a ensenyar-nos a plantar maduixes. Per grups cooperatius hem posat la terra, plantat i [&hellip;]<\/p>\n","protected":false},"author":70,"featured_media":21628,"comment_status":"open","ping_status":"closed","sticky":false,"template":"","format":"standard","meta":{"_bbp_topic_count":0,"_bbp_reply_count":0,"_bbp_total_topic_count":0,"_bbp_total_reply_count":0,"_bbp_voice_count":0,"_bbp_anonymous_reply_count":0,"_bbp_topic_count_hidden":0,"_bbp_reply_count_hidden":0,"_bbp_forum_subforum_count":0,"site-sidebar-layout":"default","site-content-layout":"","ast-site-content-layout":"","site-content-style":"default","site-sidebar-style":"default","ast-global-header-display":"","ast-banner-title-visibility":"","ast-main-header-display":"","ast-hfb-above-header-display":"","ast-hfb-below-header-display":"","ast-hfb-mobile-header-display":"","site-post-title":"","ast-breadcrumbs-content":"","ast-featured-img":"","footer-sml-layout":"","theme-transparent-header-meta":"","adv-header-id-meta":"","stick-header-meta":"","header-above-stick-meta":"","header-main-stick-meta":"","header-below-stick-meta":"","astra-migrate-meta-layouts":"default","ast-page-background-enabled":"default","ast-page-background-meta":{"desktop":{"background-color":"var(--ast-global-color-4)","background-image":"","background-repeat":"repeat","background-position":"center center","background-size":"auto","background-attachment":"scroll","background-type":"","background-media":"","overlay-type":"","overlay-color":"","overlay-opacity":"","overlay-gradient":""},"tablet":{"background-color":"","background-image":"","background-repeat":"repeat","background-position":"center center","background-size":"auto","background-attachment":"scroll","background-type":"","background-media":"","overlay-type":"","overlay-color":"","overlay-opacity":"","overlay-gradient":""},"mobile":{"background-color":"","background-image":"","background-repeat":"repeat","background-position":"center center","background-size":"auto","background-attachment":"scroll","background-type":"","background-media":"","overlay-type":"","overlay-color":"","overlay-opacity":"","overlay-gradient":""}},"ast-content-background-meta":{"desktop":{"background-color":"var(--ast-global-color-5)","background-image":"","background-repeat":"repeat","background-position":"center center","background-size":"auto","background-attachment":"scroll","background-type":"","background-media":"","overlay-type":"","overlay-color":"","overlay-opacity":"","overlay-gradient":""},"tablet":{"background-color":"var(--ast-global-color-5)","background-image":"","background-repeat":"repeat","background-position":"center center","background-size":"auto","background-attachment":"scroll","background-type":"","background-media":"","overlay-type":"","overlay-color":"","overlay-opacity":"","overlay-gradient":""},"mobile":{"background-color":"var(--ast-global-color-5)","background-image":"","background-repeat":"repeat","background-position":"center center","background-size":"auto","background-attachment":"scroll","background-type":"","background-media":"","overlay-type":"","overlay-color":"","overlay-opacity":"","overlay-gradient":""}},"footnotes":""},"categories":[502,503,504,1,4],"tags":[426,261,194],"class_list":["post-21627","post","type-post","status-publish","format-standard","has-post-thumbnail","hentry","category-gr01","category-gr02","category-gr03","category-general","category-portada","tag-3r","tag-medi","tag-tercer"],"post_mailing_queue_ids":[],"_links":{"self":[{"href":"https:\/\/agora.xtec.cat\/ceip-lesferreries-palafolls\/wp-json\/wp\/v2\/posts\/21627","targetHints":{"allow":["GET"]}}],"collection":[{"href":"https:\/\/agora.xtec.cat\/ceip-lesferreries-palafolls\/wp-json\/wp\/v2\/posts"}],"about":[{"href":"https:\/\/agora.xtec.cat\/ceip-lesferreries-palafolls\/wp-json\/wp\/v2\/types\/post"}],"author":[{"embeddable":true,"href":"https:\/\/agora.xtec.cat\/ceip-lesferreries-palafolls\/wp-json\/wp\/v2\/users\/70"}],"replies":[{"embeddable":true,"href":"https:\/\/agora.xtec.cat\/ceip-lesferreries-palafolls\/wp-json\/wp\/v2\/comments?post=21627"}],"version-history":[{"count":1,"href":"https:\/\/agora.xtec.cat\/ceip-lesferreries-palafolls\/wp-json\/wp\/v2\/posts\/21627\/revisions"}],"predecessor-version":[{"id":21629,"href":"https:\/\/agora.xtec.cat\/ceip-lesferreries-palafolls\/wp-json\/wp\/v2\/posts\/21627\/revisions\/21629"}],"wp:featuredmedia":[{"embeddable":true,"href":"https:\/\/agora.xtec.cat\/ceip-lesferreries-palafolls\/wp-json\/wp\/v2\/media\/21628"}],"wp:attachment":[{"href":"https:\/\/agora.xtec.cat\/ceip-lesferreries-palafolls\/wp-json\/wp\/v2\/media?parent=21627"}],"wp:term":[{"taxonomy":"category","embeddable":true,"href":"https:\/\/agora.xtec.cat\/ceip-lesferreries-palafolls\/wp-json\/wp\/v2\/categories?post=21627"},{"taxonomy":"post_tag","embeddable":true,"href":"https:\/\/agora.xtec.cat\/ceip-lesferreries-palafolls\/wp-json\/wp\/v2\/tags?post=21627"}],"curies":[{"name":"wp","href":"https:\/\/api.w.org\/{rel}","templated":true}]}}