{"id":21583,"date":"2023-01-09T13:56:27","date_gmt":"2023-01-09T12:56:27","guid":{"rendered":"https:\/\/agora.xtec.cat\/ceip-lesferreries-palafolls\/?p=21583"},"modified":"2023-01-09T13:56:27","modified_gmt":"2023-01-09T12:56:27","slug":"primer-trimestre-de-i-3","status":"publish","type":"post","link":"https:\/\/agora.xtec.cat\/ceip-lesferreries-palafolls\/general\/primer-trimestre-de-i-3\/","title":{"rendered":"PRIMER TRIMESTRE D&#8217;E.I.3"},"content":{"rendered":"<p>Durant el primer trimestre hem anat fent fotos de les activitats que hem realitzat a la classe. Algunes les hem destacat amb articles que ja heu vist. Ara us mostrem el recull de totes les fotos que hem fet, de les activitats m\u00e9s quotidianes i de les m\u00e9s extraordin\u00e0ries. Esperem que us agradin.<\/p>\n<p><a href=\"https:\/\/photos.app.goo.gl\/sdPSgbYEvkuimbnV8\">https:\/\/photos.app.goo.gl\/sdPSgbYEvkuimbnV8<\/a><\/p>\n<p><a href=\"https:\/\/photos.app.goo.gl\/UNG1QKqdobpDdpBY9\">https:\/\/photos.app.goo.gl\/UNG1QKqdobpDdpBY9<\/a><\/p>\n<p><a href=\"https:\/\/photos.app.goo.gl\/JhTF5Aq9zxZR6L6W7\">https:\/\/photos.app.goo.gl\/JhTF5Aq9zxZR6L6W7<\/a><\/p>\n<p><a href=\"https:\/\/photos.app.goo.gl\/rtHwymapp5a9ZNbGA\">https:\/\/photos.app.goo.gl\/rtHwymapp5a9ZNbGA<\/a><\/p>\n<p><a href=\"https:\/\/photos.app.goo.gl\/Kd4mePGVvT9jHaTG7\">https:\/\/photos.app.goo.gl\/Kd4mePGVvT9jHaTG7<\/a><\/p>\n<p><a href=\"https:\/\/photos.app.goo.gl\/pio2D6QecnQS1wau8\">https:\/\/photos.app.goo.gl\/pio2D6QecnQS1wau8<\/a><\/p>\n<p><a href=\"https:\/\/photos.app.goo.gl\/ybw1zkWNH9o7hsaV7\">https:\/\/photos.app.goo.gl\/ybw1zkWNH9o7hsaV7<\/a><\/p>\n<p><a href=\"https:\/\/photos.app.goo.gl\/fiBq53mPsTiivQDB6\">https:\/\/photos.app.goo.gl\/fiBq53mPsTiivQDB6<\/a><\/p>\n<p><a href=\"https:\/\/photos.app.goo.gl\/Sd3UQ33Abq1EiuFF9\">https:\/\/photos.app.goo.gl\/Sd3UQ33Abq1EiuFF9<\/a><\/p>\n<p><a href=\"https:\/\/photos.app.goo.gl\/sFzZZicpdx8wV7aK7\">https:\/\/photos.app.goo.gl\/sFzZZicpdx8wV7aK7<\/a><\/p>\n<p>&nbsp;<\/p>\n<p>&nbsp;<\/p>\n","protected":false},"excerpt":{"rendered":"<p>Durant el primer trimestre hem anat fent fotos de les activitats que hem realitzat a la classe. Algunes les hem destacat amb articles que ja heu vist. Ara us mostrem el recull de totes les fotos que hem fet, de les activitats m\u00e9s quotidianes i de les m\u00e9s extraordin\u00e0ries. Esperem que us agradin. https:\/\/photos.app.goo.gl\/sdPSgbYEvkuimbnV8 https:\/\/photos.app.goo.gl\/UNG1QKqdobpDdpBY9 [&hellip;]<\/p>\n","protected":false},"author":50,"featured_media":21311,"comment_status":"open","ping_status":"closed","sticky":false,"template":"","format":"standard","meta":{"_bbp_topic_count":0,"_bbp_reply_count":0,"_bbp_total_topic_count":0,"_bbp_total_reply_count":0,"_bbp_voice_count":0,"_bbp_anonymous_reply_count":0,"_bbp_topic_count_hidden":0,"_bbp_reply_count_hidden":0,"_bbp_forum_subforum_count":0,"site-sidebar-layout":"default","site-content-layout":"","ast-site-content-layout":"","site-content-style":"default","site-sidebar-style":"default","ast-global-header-display":"","ast-banner-title-visibility":"","ast-main-header-display":"","ast-hfb-above-header-display":"","ast-hfb-below-header-display":"","ast-hfb-mobile-header-display":"","site-post-title":"","ast-breadcrumbs-content":"","ast-featured-img":"","footer-sml-layout":"","theme-transparent-header-meta":"","adv-header-id-meta":"","stick-header-meta":"","header-above-stick-meta":"","header-main-stick-meta":"","header-below-stick-meta":"","astra-migrate-meta-layouts":"default","ast-page-background-enabled":"default","ast-page-background-meta":{"desktop":{"background-color":"var(--ast-global-color-4)","background-image":"","background-repeat":"repeat","background-position":"center center","background-size":"auto","background-attachment":"scroll","background-type":"","background-media":"","overlay-type":"","overlay-color":"","overlay-opacity":"","overlay-gradient":""},"tablet":{"background-color":"","background-image":"","background-repeat":"repeat","background-position":"center center","background-size":"auto","background-attachment":"scroll","background-type":"","background-media":"","overlay-type":"","overlay-color":"","overlay-opacity":"","overlay-gradient":""},"mobile":{"background-color":"","background-image":"","background-repeat":"repeat","background-position":"center center","background-size":"auto","background-attachment":"scroll","background-type":"","background-media":"","overlay-type":"","overlay-color":"","overlay-opacity":"","overlay-gradient":""}},"ast-content-background-meta":{"desktop":{"background-color":"var(--ast-global-color-5)","background-image":"","background-repeat":"repeat","background-position":"center center","background-size":"auto","background-attachment":"scroll","background-type":"","background-media":"","overlay-type":"","overlay-color":"","overlay-opacity":"","overlay-gradient":""},"tablet":{"background-color":"var(--ast-global-color-5)","background-image":"","background-repeat":"repeat","background-position":"center center","background-size":"auto","background-attachment":"scroll","background-type":"","background-media":"","overlay-type":"","overlay-color":"","overlay-opacity":"","overlay-gradient":""},"mobile":{"background-color":"var(--ast-global-color-5)","background-image":"","background-repeat":"repeat","background-position":"center center","background-size":"auto","background-attachment":"scroll","background-type":"","background-media":"","overlay-type":"","overlay-color":"","overlay-opacity":"","overlay-gradient":""}},"footnotes":""},"categories":[956,36,1,4],"tags":[],"class_list":["post-21583","post","type-post","status-publish","format-standard","has-post-thumbnail","hentry","category-2022-2031","category-galeria","category-general","category-portada"],"post_mailing_queue_ids":[],"_links":{"self":[{"href":"https:\/\/agora.xtec.cat\/ceip-lesferreries-palafolls\/wp-json\/wp\/v2\/posts\/21583","targetHints":{"allow":["GET"]}}],"collection":[{"href":"https:\/\/agora.xtec.cat\/ceip-lesferreries-palafolls\/wp-json\/wp\/v2\/posts"}],"about":[{"href":"https:\/\/agora.xtec.cat\/ceip-lesferreries-palafolls\/wp-json\/wp\/v2\/types\/post"}],"author":[{"embeddable":true,"href":"https:\/\/agora.xtec.cat\/ceip-lesferreries-palafolls\/wp-json\/wp\/v2\/users\/50"}],"replies":[{"embeddable":true,"href":"https:\/\/agora.xtec.cat\/ceip-lesferreries-palafolls\/wp-json\/wp\/v2\/comments?post=21583"}],"version-history":[{"count":1,"href":"https:\/\/agora.xtec.cat\/ceip-lesferreries-palafolls\/wp-json\/wp\/v2\/posts\/21583\/revisions"}],"predecessor-version":[{"id":21584,"href":"https:\/\/agora.xtec.cat\/ceip-lesferreries-palafolls\/wp-json\/wp\/v2\/posts\/21583\/revisions\/21584"}],"wp:featuredmedia":[{"embeddable":true,"href":"https:\/\/agora.xtec.cat\/ceip-lesferreries-palafolls\/wp-json\/wp\/v2\/media\/21311"}],"wp:attachment":[{"href":"https:\/\/agora.xtec.cat\/ceip-lesferreries-palafolls\/wp-json\/wp\/v2\/media?parent=21583"}],"wp:term":[{"taxonomy":"category","embeddable":true,"href":"https:\/\/agora.xtec.cat\/ceip-lesferreries-palafolls\/wp-json\/wp\/v2\/categories?post=21583"},{"taxonomy":"post_tag","embeddable":true,"href":"https:\/\/agora.xtec.cat\/ceip-lesferreries-palafolls\/wp-json\/wp\/v2\/tags?post=21583"}],"curies":[{"name":"wp","href":"https:\/\/api.w.org\/{rel}","templated":true}]}}