{"id":21549,"date":"2022-12-21T12:57:41","date_gmt":"2022-12-21T11:57:41","guid":{"rendered":"https:\/\/agora.xtec.cat\/ceip-lesferreries-palafolls\/?p=21549"},"modified":"2022-12-22T13:02:57","modified_gmt":"2022-12-22T12:02:57","slug":"a-2n-ens-preparem-per-les-festes-de-nadal","status":"publish","type":"post","link":"https:\/\/agora.xtec.cat\/ceip-lesferreries-palafolls\/general\/a-2n-ens-preparem-per-les-festes-de-nadal\/","title":{"rendered":"A 2n ens preparem per les Festes de Nadal!"},"content":{"rendered":"<p>Fam\u00edlies de 2n!!!<\/p>\n<p>Fa dies que a 2n s&#8217;olora que venen les festes de Nadal!!!! Amb aquest article us volem ensenyar tot el reguitzell d&#8217;activitats que hem anat fent aquests darrers dies de trimestre.<\/p>\n<p>La m\u00e0gia que acompanya aquestes festes va comen\u00e7ar l&#8217;1 de desembre amb el calendari d&#8217;advent, 24 dies plens d&#8217;activitats i sobretot, la desitjada xocolatina. Per descobrir les notes que hi havia amagades als sobres, hem tingut l&#8217;ajuda de persones que ens estimen molt: la Vero i l&#8217;Anna del menjador, l&#8217;Arcadi, en Jose, l&#8217;Anna, en Manel, la Rocio de la neteja, l&#8217;\u00c0ngels, la Susana&#8230;<\/p>\n<p>Quina bonica tarda v\u00e0rem passar amb vosaltres mares i pares!!! Compartir una petita activitat amb vosaltres ens va fer molta il\u00b7lusi\u00f3, molta i de ben segur que a vosaltres tamb\u00e9 us va omplir d&#8217;emoci\u00f3.<\/p>\n<p>El ti\u00f3, ai l&#8217;esperat ti\u00f3!!! Per fi va arribar i tant l&#8217;hem alimentat, que un bon regal ens ha cagat!!!<\/p>\n<p>Per\u00f2, m\u00e9s que paraules, volem que ho veieu, aix\u00ed que aqu\u00ed us deixem totes les fotos que recullen aquests millors moments passats plegats!!!<\/p>\n<p>Rebeu una forta, forta abra\u00e7ada de les mestres de 2n,<\/p>\n<p>Olga i Raquel<\/p>\n<p><a href=\"https:\/\/photos.app.goo.gl\/ksTkY9uLhacS8Uiq7\">Calendari d&#8217;advent<\/a><\/p>\n<p><a href=\"https:\/\/photos.app.goo.gl\/9pehZCUZvyNVysEz8\">El ti\u00f3 de 2n<\/a><\/p>\n<p><a href=\"https:\/\/photos.app.goo.gl\/VfEwZRjpuMzDXC6AA\">Manualitats 2n A<\/a><\/p>\n<p><a href=\"https:\/\/photos.app.goo.gl\/dwhKpktoNxiU3E7i8\">Manualitats 2n B<\/a><\/p>\n","protected":false},"excerpt":{"rendered":"<p>Fam\u00edlies de 2n!!! Fa dies que a 2n s&#8217;olora que venen les festes de Nadal!!!! Amb aquest article us volem ensenyar tot el reguitzell d&#8217;activitats que hem anat fent aquests darrers dies de trimestre. La m\u00e0gia que acompanya aquestes festes va comen\u00e7ar l&#8217;1 de desembre amb el calendari d&#8217;advent, 24 dies plens d&#8217;activitats i sobretot, [&hellip;]<\/p>\n","protected":false},"author":83,"featured_media":21550,"comment_status":"open","ping_status":"closed","sticky":false,"template":"","format":"standard","meta":{"_bbp_topic_count":0,"_bbp_reply_count":0,"_bbp_total_topic_count":0,"_bbp_total_reply_count":0,"_bbp_voice_count":0,"_bbp_anonymous_reply_count":0,"_bbp_topic_count_hidden":0,"_bbp_reply_count_hidden":0,"_bbp_forum_subforum_count":0,"site-sidebar-layout":"default","site-content-layout":"","ast-site-content-layout":"","site-content-style":"default","site-sidebar-style":"default","ast-global-header-display":"","ast-banner-title-visibility":"","ast-main-header-display":"","ast-hfb-above-header-display":"","ast-hfb-below-header-display":"","ast-hfb-mobile-header-display":"","site-post-title":"","ast-breadcrumbs-content":"","ast-featured-img":"","footer-sml-layout":"","theme-transparent-header-meta":"","adv-header-id-meta":"","stick-header-meta":"","header-above-stick-meta":"","header-main-stick-meta":"","header-below-stick-meta":"","astra-migrate-meta-layouts":"default","ast-page-background-enabled":"default","ast-page-background-meta":{"desktop":{"background-color":"var(--ast-global-color-4)","background-image":"","background-repeat":"repeat","background-position":"center center","background-size":"auto","background-attachment":"scroll","background-type":"","background-media":"","overlay-type":"","overlay-color":"","overlay-opacity":"","overlay-gradient":""},"tablet":{"background-color":"","background-image":"","background-repeat":"repeat","background-position":"center center","background-size":"auto","background-attachment":"scroll","background-type":"","background-media":"","overlay-type":"","overlay-color":"","overlay-opacity":"","overlay-gradient":""},"mobile":{"background-color":"","background-image":"","background-repeat":"repeat","background-position":"center center","background-size":"auto","background-attachment":"scroll","background-type":"","background-media":"","overlay-type":"","overlay-color":"","overlay-opacity":"","overlay-gradient":""}},"ast-content-background-meta":{"desktop":{"background-color":"var(--ast-global-color-5)","background-image":"","background-repeat":"repeat","background-position":"center center","background-size":"auto","background-attachment":"scroll","background-type":"","background-media":"","overlay-type":"","overlay-color":"","overlay-opacity":"","overlay-gradient":""},"tablet":{"background-color":"var(--ast-global-color-5)","background-image":"","background-repeat":"repeat","background-position":"center center","background-size":"auto","background-attachment":"scroll","background-type":"","background-media":"","overlay-type":"","overlay-color":"","overlay-opacity":"","overlay-gradient":""},"mobile":{"background-color":"var(--ast-global-color-5)","background-image":"","background-repeat":"repeat","background-position":"center center","background-size":"auto","background-attachment":"scroll","background-type":"","background-media":"","overlay-type":"","overlay-color":"","overlay-opacity":"","overlay-gradient":""}},"footnotes":""},"categories":[571,572,1,4],"tags":[],"class_list":["post-21549","post","type-post","status-publish","format-standard","has-post-thumbnail","hentry","category-18-27-a","category-16-27-b","category-general","category-portada"],"post_mailing_queue_ids":[],"_links":{"self":[{"href":"https:\/\/agora.xtec.cat\/ceip-lesferreries-palafolls\/wp-json\/wp\/v2\/posts\/21549","targetHints":{"allow":["GET"]}}],"collection":[{"href":"https:\/\/agora.xtec.cat\/ceip-lesferreries-palafolls\/wp-json\/wp\/v2\/posts"}],"about":[{"href":"https:\/\/agora.xtec.cat\/ceip-lesferreries-palafolls\/wp-json\/wp\/v2\/types\/post"}],"author":[{"embeddable":true,"href":"https:\/\/agora.xtec.cat\/ceip-lesferreries-palafolls\/wp-json\/wp\/v2\/users\/83"}],"replies":[{"embeddable":true,"href":"https:\/\/agora.xtec.cat\/ceip-lesferreries-palafolls\/wp-json\/wp\/v2\/comments?post=21549"}],"version-history":[{"count":2,"href":"https:\/\/agora.xtec.cat\/ceip-lesferreries-palafolls\/wp-json\/wp\/v2\/posts\/21549\/revisions"}],"predecessor-version":[{"id":21552,"href":"https:\/\/agora.xtec.cat\/ceip-lesferreries-palafolls\/wp-json\/wp\/v2\/posts\/21549\/revisions\/21552"}],"wp:featuredmedia":[{"embeddable":true,"href":"https:\/\/agora.xtec.cat\/ceip-lesferreries-palafolls\/wp-json\/wp\/v2\/media\/21550"}],"wp:attachment":[{"href":"https:\/\/agora.xtec.cat\/ceip-lesferreries-palafolls\/wp-json\/wp\/v2\/media?parent=21549"}],"wp:term":[{"taxonomy":"category","embeddable":true,"href":"https:\/\/agora.xtec.cat\/ceip-lesferreries-palafolls\/wp-json\/wp\/v2\/categories?post=21549"},{"taxonomy":"post_tag","embeddable":true,"href":"https:\/\/agora.xtec.cat\/ceip-lesferreries-palafolls\/wp-json\/wp\/v2\/tags?post=21549"}],"curies":[{"name":"wp","href":"https:\/\/api.w.org\/{rel}","templated":true}]}}