{"id":21504,"date":"2022-11-28T13:21:31","date_gmt":"2022-11-28T12:21:31","guid":{"rendered":"https:\/\/agora.xtec.cat\/ceip-lesferreries-palafolls\/?p=21504"},"modified":"2022-11-28T13:21:31","modified_gmt":"2022-11-28T12:21:31","slug":"allergies-alimentaries-i-o-al-latex","status":"publish","type":"post","link":"https:\/\/agora.xtec.cat\/ceip-lesferreries-palafolls\/general\/allergies-alimentaries-i-o-al-latex\/","title":{"rendered":"Al\u00b7l\u00e8rgies aliment\u00e0ries i\/o al l\u00e0tex"},"content":{"rendered":"<p>\u200b\u200b\u200b\u200b\u200bLa fam\u00edlia de l&#8217;alumne amb al\u00b7l\u00e8rgia aliment\u00e0ria i\/o al l\u00e0tex ha d&#8217;informar-ne els responsables del centre educatiu a l&#8217;inici de l&#8217;escolaritzaci\u00f3 o quan en tingui coneixement.<\/p>\n<p>Les actuacions que cal seguir en el centre quan es produeix aquesta situaci\u00f3 es detallen en el document<strong class=\"ms-rteThemeBackColor-1-0\">\u00a0<\/strong><a href=\"https:\/\/documents.espai.educacio.gencat.cat\/PC\/Seguretat\/Protocol_allergies.pdf\" target=\"_blank\" rel=\"noopener\"><span class=\"ms-rteThemeBackColor-1-0\"><strong>Model d\u2019atenci\u00f3 dels infants amb al\u00b7l\u00e8rgies aliment\u00e0ries i\/o al l\u00e0tex en l&#8217;\u00e0mbit escolar\u200b<\/strong><\/span><\/a><strong class=\"ms-rteThemeBackColor-1-0\">.<\/strong><\/p>\n<p>D&#8217;acord amb aquest model, la fam\u00edlia ha d&#8217;aportar al centre la\u00a0<strong>documentaci\u00f3\u00a0<\/strong>seg\u00fcent:<\/p>\n<ul>\n<li>\u200b<strong>Informe m\u00e8dic<\/strong>\u00a0signat per l&#8217;equip sanitari responsable, on han de constar totes les dades de la malaltia de l&#8217;infant, les actuacions que cal fer i els tel\u00e8fons dels referents sanitaris.<\/li>\n<li>Impr\u00e8s signat amb la\u00a0<strong>recollida d&#8217;informaci\u00f3<\/strong>\u00a0on es detalla el tipus d&#8217;al\u00b7l\u00e8rgia de l&#8217;alumne, les vies d&#8217;entrada i el tipus de reacci\u00f3<span class=\"ms-rteThemeBackColor-1-0\">\u00a0(<\/span><a href=\"https:\/\/documents.espai.educacio.gencat.cat\/FormularisModels\/SeguretatSalut\/A310.pdf\" target=\"_blank\" rel=\"noopener\"><span class=\"ms-rteThemeBackColor-1-0\">annex 1\u200b<\/span><\/a><span class=\"ms-rteThemeBackColor-1-0\">).<\/span><\/li>\n<li>Impr\u00e8s de<strong>\u00a0sol\u00b7licitud\u00a0<\/strong>signat i autoritzaci\u00f3 d&#8217;administraci\u00f3 de la medicaci\u00f3 prescrita i l&#8217;atenci\u00f3 espec\u00edfica prescrita i pautada pel metge o metgessa<span class=\"ms-rteThemeBackColor-1-0\">\u00a0(<\/span><a href=\"https:\/\/documents.espai.educacio.gencat.cat\/FormularisModels\/SeguretatSalut\/A311.pdf\" target=\"_blank\" rel=\"noopener\"><span class=\"ms-rteThemeBackColor-1-0\">annex 2\u200b<\/span><\/a><span class=\"ms-rteThemeBackColor-1-0\">)<\/span><span class=\"ms-rteThemeBackColor-1-0\">.<\/span><\/li>\n<\/ul>\n<p>El centre educatiu ha de comunicar al director o directora m\u00e8dic del centre d&#8217;atenci\u00f3 prim\u00e0ria m\u00e9s proper l&#8217;escolaritzaci\u00f3 d&#8217;un nen o nena amb al\u00b7l\u00e8rgia aliment\u00e0ria i\/o a\u200bl l\u00e0tex\u00a0<span class=\"ms-rteThemeBackColor-1-0\">(<\/span><a href=\"https:\/\/documents.espai.educacio.gencat.cat\/FormularisModels\/SeguretatSalut\/A312.pdf\" target=\"_blank\" rel=\"noopener\"><span class=\"ms-rteThemeBackColor-1-0\">annex 3\u200b<\/span><\/a><span class=\"ms-rteThemeBackColor-1-0\">),<\/span>\u00a0emplenar el formulari &#8216;Pautes d&#8217;actuaci\u00f3 en cas de reacci\u00f3 al\u00b7l\u00e8rgica&#8217;\u00a0<span class=\"ms-rteThemeBackColor-1-0\">(<\/span><a href=\"https:\/\/documents.espai.educacio.gencat.cat\/FormularisModels\/SeguretatSalut\/A313.pdf\" target=\"_blank\" rel=\"noopener\"><span class=\"ms-rteThemeBackColor-1-0\">ann\u200b\u200bex 4\u200b<\/span><\/a><span class=\"ms-rteThemeBackColor-1-0\">)<\/span>\u00a0i deixar-lo prop de la farmaciola, en un lloc visible i conegut per tots els professionals del centre.\u200b<\/p>\n","protected":false},"excerpt":{"rendered":"<p>\u200b\u200b\u200b\u200b\u200bLa fam\u00edlia de l&#8217;alumne amb al\u00b7l\u00e8rgia aliment\u00e0ria i\/o al l\u00e0tex ha d&#8217;informar-ne els responsables del centre educatiu a l&#8217;inici de l&#8217;escolaritzaci\u00f3 o quan en tingui coneixement. Les actuacions que cal seguir en el centre quan es produeix aquesta situaci\u00f3 es detallen en el document\u00a0Model d\u2019atenci\u00f3 dels infants amb al\u00b7l\u00e8rgies aliment\u00e0ries i\/o al l\u00e0tex en l&#8217;\u00e0mbit [&hellip;]<\/p>\n","protected":false},"author":65,"featured_media":21505,"comment_status":"open","ping_status":"closed","sticky":false,"template":"","format":"standard","meta":{"_bbp_topic_count":0,"_bbp_reply_count":0,"_bbp_total_topic_count":0,"_bbp_total_reply_count":0,"_bbp_voice_count":0,"_bbp_anonymous_reply_count":0,"_bbp_topic_count_hidden":0,"_bbp_reply_count_hidden":0,"_bbp_forum_subforum_count":0,"site-sidebar-layout":"default","site-content-layout":"","ast-site-content-layout":"","site-content-style":"default","site-sidebar-style":"default","ast-global-header-display":"","ast-banner-title-visibility":"","ast-main-header-display":"","ast-hfb-above-header-display":"","ast-hfb-below-header-display":"","ast-hfb-mobile-header-display":"","site-post-title":"","ast-breadcrumbs-content":"","ast-featured-img":"","footer-sml-layout":"","theme-transparent-header-meta":"","adv-header-id-meta":"","stick-header-meta":"","header-above-stick-meta":"","header-main-stick-meta":"","header-below-stick-meta":"","astra-migrate-meta-layouts":"default","ast-page-background-enabled":"default","ast-page-background-meta":{"desktop":{"background-color":"var(--ast-global-color-4)","background-image":"","background-repeat":"repeat","background-position":"center center","background-size":"auto","background-attachment":"scroll","background-type":"","background-media":"","overlay-type":"","overlay-color":"","overlay-opacity":"","overlay-gradient":""},"tablet":{"background-color":"","background-image":"","background-repeat":"repeat","background-position":"center center","background-size":"auto","background-attachment":"scroll","background-type":"","background-media":"","overlay-type":"","overlay-color":"","overlay-opacity":"","overlay-gradient":""},"mobile":{"background-color":"","background-image":"","background-repeat":"repeat","background-position":"center center","background-size":"auto","background-attachment":"scroll","background-type":"","background-media":"","overlay-type":"","overlay-color":"","overlay-opacity":"","overlay-gradient":""}},"ast-content-background-meta":{"desktop":{"background-color":"var(--ast-global-color-5)","background-image":"","background-repeat":"repeat","background-position":"center center","background-size":"auto","background-attachment":"scroll","background-type":"","background-media":"","overlay-type":"","overlay-color":"","overlay-opacity":"","overlay-gradient":""},"tablet":{"background-color":"var(--ast-global-color-5)","background-image":"","background-repeat":"repeat","background-position":"center center","background-size":"auto","background-attachment":"scroll","background-type":"","background-media":"","overlay-type":"","overlay-color":"","overlay-opacity":"","overlay-gradient":""},"mobile":{"background-color":"var(--ast-global-color-5)","background-image":"","background-repeat":"repeat","background-position":"center center","background-size":"auto","background-attachment":"scroll","background-type":"","background-media":"","overlay-type":"","overlay-color":"","overlay-opacity":"","overlay-gradient":""}},"footnotes":""},"categories":[32,1,4],"tags":[966,965,967],"class_list":["post-21504","post","type-post","status-publish","format-standard","has-post-thumbnail","hentry","category-documents","category-general","category-portada","tag-allergia","tag-allergies-alimentaries","tag-alimentaria"],"post_mailing_queue_ids":[],"_links":{"self":[{"href":"https:\/\/agora.xtec.cat\/ceip-lesferreries-palafolls\/wp-json\/wp\/v2\/posts\/21504","targetHints":{"allow":["GET"]}}],"collection":[{"href":"https:\/\/agora.xtec.cat\/ceip-lesferreries-palafolls\/wp-json\/wp\/v2\/posts"}],"about":[{"href":"https:\/\/agora.xtec.cat\/ceip-lesferreries-palafolls\/wp-json\/wp\/v2\/types\/post"}],"author":[{"embeddable":true,"href":"https:\/\/agora.xtec.cat\/ceip-lesferreries-palafolls\/wp-json\/wp\/v2\/users\/65"}],"replies":[{"embeddable":true,"href":"https:\/\/agora.xtec.cat\/ceip-lesferreries-palafolls\/wp-json\/wp\/v2\/comments?post=21504"}],"version-history":[{"count":1,"href":"https:\/\/agora.xtec.cat\/ceip-lesferreries-palafolls\/wp-json\/wp\/v2\/posts\/21504\/revisions"}],"predecessor-version":[{"id":21506,"href":"https:\/\/agora.xtec.cat\/ceip-lesferreries-palafolls\/wp-json\/wp\/v2\/posts\/21504\/revisions\/21506"}],"wp:featuredmedia":[{"embeddable":true,"href":"https:\/\/agora.xtec.cat\/ceip-lesferreries-palafolls\/wp-json\/wp\/v2\/media\/21505"}],"wp:attachment":[{"href":"https:\/\/agora.xtec.cat\/ceip-lesferreries-palafolls\/wp-json\/wp\/v2\/media?parent=21504"}],"wp:term":[{"taxonomy":"category","embeddable":true,"href":"https:\/\/agora.xtec.cat\/ceip-lesferreries-palafolls\/wp-json\/wp\/v2\/categories?post=21504"},{"taxonomy":"post_tag","embeddable":true,"href":"https:\/\/agora.xtec.cat\/ceip-lesferreries-palafolls\/wp-json\/wp\/v2\/tags?post=21504"}],"curies":[{"name":"wp","href":"https:\/\/api.w.org\/{rel}","templated":true}]}}