{"id":21499,"date":"2022-11-28T10:34:02","date_gmt":"2022-11-28T09:34:02","guid":{"rendered":"https:\/\/agora.xtec.cat\/ceip-lesferreries-palafolls\/?p=21499"},"modified":"2022-11-28T10:34:02","modified_gmt":"2022-11-28T09:34:02","slug":"els-de-6e-anem-a-barcelona","status":"publish","type":"post","link":"https:\/\/agora.xtec.cat\/ceip-lesferreries-palafolls\/portada\/els-de-6e-anem-a-barcelona\/","title":{"rendered":"ELS DE 6\u00e8 ANEM A BARCELONA!!!"},"content":{"rendered":"<p>El passat dilluns dia 21 de novembre els alumnes de 6\u00e8 v\u00e0rem visitar Barcelona.\u00a0 A on vam anar?<\/p>\n<p>Les mestres hem aprofitat una proposta de les compet\u00e8ncies b\u00e0siques de llengua castellana per demanar als alumnes que expliquessin aquesta sortida.\u00a0 Us ho explica en Ruben Guti\u00e9rrez de 6\u00e8A:<\/p>\n<p><em>Ayer fuimos al &#8220;Palau de la M\u00fasica&#8221; y a un sitio sorpresa.\u00a0 Ahora explicar\u00e9 c\u00f3mo fue esa excursi\u00f3n.<\/em><\/p>\n<p><em>Al llegar a Barcelona vimos muchos edificios emblem\u00e1ticos, entre ellos la Sagrada Familia.\u00a0 Caminamos un rato y llegamos al &#8220;Palau&#8221;, era muy bonito y grande.\u00a0 Entramos , nos explicaron un poco su historia y despu\u00e9s de la explicaci\u00f3n el gu\u00eda nos hizo una visita por dentro.\u00a0 Cuando entramos a la sala de conciertos era inmensa y hermosa, vimos un \u00f3rgano muy grande y tambi\u00e9n lo escuchamos.\u00a0 Al terminar, desayunamos y fuimos a la sorpresa que era el Museo de cera.<\/em><\/p>\n<p><em>Al entrar nos dieron una bienvenida muy peculiar, despu\u00e9s de eso empezamos a pasar por habitacones con diferentes tem\u00e1tica y muchas figuras.<\/em><\/p>\n<p><em>Esta excursi\u00f3n ha sido muy divertida y emocionante, yo volver\u00eda<\/em>.<\/p>\n<p><a href=\"https:\/\/drive.google.com\/drive\/folders\/1DHJI4VS3_JILhGU0ke6Wb7337dfzn-K8?usp=sharing\">Aqu\u00ed us deixem les fotografies<\/a> perqu\u00e8 comproveu per vosaltres mateixos que s&#8217;ho van passar genial.<\/p>\n<p>&nbsp;<\/p>\n","protected":false},"excerpt":{"rendered":"<p>El passat dilluns dia 21 de novembre els alumnes de 6\u00e8 v\u00e0rem visitar Barcelona.\u00a0 A on vam anar? Les mestres hem aprofitat una proposta de les compet\u00e8ncies b\u00e0siques de llengua castellana per demanar als alumnes que expliquessin aquesta sortida.\u00a0 Us ho explica en Ruben Guti\u00e9rrez de 6\u00e8A: Ayer fuimos al &#8220;Palau de la M\u00fasica&#8221; y [&hellip;]<\/p>\n","protected":false},"author":102,"featured_media":21500,"comment_status":"open","ping_status":"closed","sticky":false,"template":"","format":"standard","meta":{"_bbp_topic_count":0,"_bbp_reply_count":0,"_bbp_total_topic_count":0,"_bbp_total_reply_count":0,"_bbp_voice_count":0,"_bbp_anonymous_reply_count":0,"_bbp_topic_count_hidden":0,"_bbp_reply_count_hidden":0,"_bbp_forum_subforum_count":0,"site-sidebar-layout":"default","site-content-layout":"","ast-site-content-layout":"","site-content-style":"default","site-sidebar-style":"default","ast-global-header-display":"","ast-banner-title-visibility":"","ast-main-header-display":"","ast-hfb-above-header-display":"","ast-hfb-below-header-display":"","ast-hfb-mobile-header-display":"","site-post-title":"","ast-breadcrumbs-content":"","ast-featured-img":"","footer-sml-layout":"","theme-transparent-header-meta":"","adv-header-id-meta":"","stick-header-meta":"","header-above-stick-meta":"","header-main-stick-meta":"","header-below-stick-meta":"","astra-migrate-meta-layouts":"default","ast-page-background-enabled":"default","ast-page-background-meta":{"desktop":{"background-color":"var(--ast-global-color-4)","background-image":"","background-repeat":"repeat","background-position":"center center","background-size":"auto","background-attachment":"scroll","background-type":"","background-media":"","overlay-type":"","overlay-color":"","overlay-opacity":"","overlay-gradient":""},"tablet":{"background-color":"","background-image":"","background-repeat":"repeat","background-position":"center center","background-size":"auto","background-attachment":"scroll","background-type":"","background-media":"","overlay-type":"","overlay-color":"","overlay-opacity":"","overlay-gradient":""},"mobile":{"background-color":"","background-image":"","background-repeat":"repeat","background-position":"center center","background-size":"auto","background-attachment":"scroll","background-type":"","background-media":"","overlay-type":"","overlay-color":"","overlay-opacity":"","overlay-gradient":""}},"ast-content-background-meta":{"desktop":{"background-color":"var(--ast-global-color-5)","background-image":"","background-repeat":"repeat","background-position":"center center","background-size":"auto","background-attachment":"scroll","background-type":"","background-media":"","overlay-type":"","overlay-color":"","overlay-opacity":"","overlay-gradient":""},"tablet":{"background-color":"var(--ast-global-color-5)","background-image":"","background-repeat":"repeat","background-position":"center center","background-size":"auto","background-attachment":"scroll","background-type":"","background-media":"","overlay-type":"","overlay-color":"","overlay-opacity":"","overlay-gradient":""},"mobile":{"background-color":"var(--ast-global-color-5)","background-image":"","background-repeat":"repeat","background-position":"center center","background-size":"auto","background-attachment":"scroll","background-type":"","background-media":"","overlay-type":"","overlay-color":"","overlay-opacity":"","overlay-gradient":""}},"footnotes":""},"categories":[55,4],"tags":[],"class_list":["post-21499","post","type-post","status-publish","format-standard","has-post-thumbnail","hentry","category-musica","category-portada"],"post_mailing_queue_ids":[],"_links":{"self":[{"href":"https:\/\/agora.xtec.cat\/ceip-lesferreries-palafolls\/wp-json\/wp\/v2\/posts\/21499","targetHints":{"allow":["GET"]}}],"collection":[{"href":"https:\/\/agora.xtec.cat\/ceip-lesferreries-palafolls\/wp-json\/wp\/v2\/posts"}],"about":[{"href":"https:\/\/agora.xtec.cat\/ceip-lesferreries-palafolls\/wp-json\/wp\/v2\/types\/post"}],"author":[{"embeddable":true,"href":"https:\/\/agora.xtec.cat\/ceip-lesferreries-palafolls\/wp-json\/wp\/v2\/users\/102"}],"replies":[{"embeddable":true,"href":"https:\/\/agora.xtec.cat\/ceip-lesferreries-palafolls\/wp-json\/wp\/v2\/comments?post=21499"}],"version-history":[{"count":1,"href":"https:\/\/agora.xtec.cat\/ceip-lesferreries-palafolls\/wp-json\/wp\/v2\/posts\/21499\/revisions"}],"predecessor-version":[{"id":21501,"href":"https:\/\/agora.xtec.cat\/ceip-lesferreries-palafolls\/wp-json\/wp\/v2\/posts\/21499\/revisions\/21501"}],"wp:featuredmedia":[{"embeddable":true,"href":"https:\/\/agora.xtec.cat\/ceip-lesferreries-palafolls\/wp-json\/wp\/v2\/media\/21500"}],"wp:attachment":[{"href":"https:\/\/agora.xtec.cat\/ceip-lesferreries-palafolls\/wp-json\/wp\/v2\/media?parent=21499"}],"wp:term":[{"taxonomy":"category","embeddable":true,"href":"https:\/\/agora.xtec.cat\/ceip-lesferreries-palafolls\/wp-json\/wp\/v2\/categories?post=21499"},{"taxonomy":"post_tag","embeddable":true,"href":"https:\/\/agora.xtec.cat\/ceip-lesferreries-palafolls\/wp-json\/wp\/v2\/tags?post=21499"}],"curies":[{"name":"wp","href":"https:\/\/api.w.org\/{rel}","templated":true}]}}