{"id":21449,"date":"2022-10-28T20:47:29","date_gmt":"2022-10-28T18:47:29","guid":{"rendered":"https:\/\/agora.xtec.cat\/ceip-lesferreries-palafolls\/?p=21449"},"modified":"2022-10-28T20:47:29","modified_gmt":"2022-10-28T18:47:29","slug":"castanyada-2022","status":"publish","type":"post","link":"https:\/\/agora.xtec.cat\/ceip-lesferreries-palafolls\/general\/castanyada-2022\/","title":{"rendered":"Castanyada 2022"},"content":{"rendered":"<p style=\"text-align: justify;\">El divendres 28 d\u2019octubre v\u00e0rem celebrar la castanyada.<br \/>\nAl mat\u00ed l\u2019alumnat va estar engrescat amb tallers i gimcanes que les mestres havien preparat. A la tarda tots plegats v\u00e0rem gaudir dels balls que varen preparar les mestres de m\u00fasica Sheila (infantil) i Esther (prim\u00e0ria) amb els nens i nenes de l\u2019escola. V\u00e0rem acabar la celebraci\u00f3 menjant les castanyes que en Tony (AMPA), en Paco i l\u2019Arcadi (mestres d\u2019educaci\u00f3 f\u00edsica) ens havien fet.<br \/>\nGr\u00e0cies a l\u2019AMPA per les castanyes i a les mames i papes castanyers per la vostra col\u00b7laboraci\u00f3!<br \/>\nA continuaci\u00f3, teniu els enlla\u00e7os als \u00e0lbums de fotos de les diferents activitats:<\/p>\n<p><a href=\"https:\/\/photos.app.goo.gl\/6NFP1dQErpQZwS1k9\" target=\"_blank\" rel=\"noopener\">Activitats castanyada Ed. Infantil<\/a><\/p>\n<p><a href=\"https:\/\/photos.app.goo.gl\/MEqjXErsSExNcK1E8\" target=\"_blank\" rel=\"noopener\">La Castanyada a Cicle Inicial<\/a><\/p>\n<p><a href=\"https:\/\/photos.app.goo.gl\/WGERH9oboDU4m1My5\" target=\"_blank\" rel=\"noopener\">Gimcana castanyada Cicle Mitj\u00e0<\/a><\/p>\n<p><a href=\"https:\/\/photos.app.goo.gl\/Y2BGPNixwYZfx5uR8\" target=\"_blank\" rel=\"noopener\">Balls i tarda castanyada<\/a><\/p>\n<p style=\"text-align: justify;\"><img loading=\"lazy\" decoding=\"async\" class=\"aligncenter wp-image-21450 size-medium\" src=\"https:\/\/agora.xtec.cat\/ceip-lesferreries-palafolls\/wp-content\/uploads\/usu670\/2022\/10\/6093ABDC-1D1B-408D-A9C8-69F122C29FF1-300x169.png\" alt=\"\" width=\"300\" height=\"169\" srcset=\"https:\/\/agora.xtec.cat\/ceip-lesferreries-palafolls\/wp-content\/uploads\/usu670\/2022\/10\/6093ABDC-1D1B-408D-A9C8-69F122C29FF1-300x169.png 300w, https:\/\/agora.xtec.cat\/ceip-lesferreries-palafolls\/wp-content\/uploads\/usu670\/2022\/10\/6093ABDC-1D1B-408D-A9C8-69F122C29FF1-1024x577.png 1024w, https:\/\/agora.xtec.cat\/ceip-lesferreries-palafolls\/wp-content\/uploads\/usu670\/2022\/10\/6093ABDC-1D1B-408D-A9C8-69F122C29FF1-768x433.png 768w, https:\/\/agora.xtec.cat\/ceip-lesferreries-palafolls\/wp-content\/uploads\/usu670\/2022\/10\/6093ABDC-1D1B-408D-A9C8-69F122C29FF1-1536x865.png 1536w, https:\/\/agora.xtec.cat\/ceip-lesferreries-palafolls\/wp-content\/uploads\/usu670\/2022\/10\/6093ABDC-1D1B-408D-A9C8-69F122C29FF1.png 1640w\" sizes=\"auto, (max-width: 300px) 100vw, 300px\" \/><\/p>\n<p>&nbsp;<\/p>\n","protected":false},"excerpt":{"rendered":"<p>El divendres 28 d\u2019octubre v\u00e0rem celebrar la castanyada. Al mat\u00ed l\u2019alumnat va estar engrescat amb tallers i gimcanes que les mestres havien preparat. A la tarda tots plegats v\u00e0rem gaudir dels balls que varen preparar les mestres de m\u00fasica Sheila (infantil) i Esther (prim\u00e0ria) amb els nens i nenes de l\u2019escola. V\u00e0rem acabar la celebraci\u00f3 [&hellip;]<\/p>\n","protected":false},"author":65,"featured_media":21450,"comment_status":"open","ping_status":"closed","sticky":false,"template":"","format":"standard","meta":{"_bbp_topic_count":0,"_bbp_reply_count":0,"_bbp_total_topic_count":0,"_bbp_total_reply_count":0,"_bbp_voice_count":0,"_bbp_anonymous_reply_count":0,"_bbp_topic_count_hidden":0,"_bbp_reply_count_hidden":0,"_bbp_forum_subforum_count":0,"site-sidebar-layout":"default","site-content-layout":"","ast-site-content-layout":"","site-content-style":"default","site-sidebar-style":"default","ast-global-header-display":"","ast-banner-title-visibility":"","ast-main-header-display":"","ast-hfb-above-header-display":"","ast-hfb-below-header-display":"","ast-hfb-mobile-header-display":"","site-post-title":"","ast-breadcrumbs-content":"","ast-featured-img":"","footer-sml-layout":"","theme-transparent-header-meta":"","adv-header-id-meta":"","stick-header-meta":"","header-above-stick-meta":"","header-main-stick-meta":"","header-below-stick-meta":"","astra-migrate-meta-layouts":"default","ast-page-background-enabled":"default","ast-page-background-meta":{"desktop":{"background-color":"var(--ast-global-color-4)","background-image":"","background-repeat":"repeat","background-position":"center center","background-size":"auto","background-attachment":"scroll","background-type":"","background-media":"","overlay-type":"","overlay-color":"","overlay-opacity":"","overlay-gradient":""},"tablet":{"background-color":"","background-image":"","background-repeat":"repeat","background-position":"center center","background-size":"auto","background-attachment":"scroll","background-type":"","background-media":"","overlay-type":"","overlay-color":"","overlay-opacity":"","overlay-gradient":""},"mobile":{"background-color":"","background-image":"","background-repeat":"repeat","background-position":"center center","background-size":"auto","background-attachment":"scroll","background-type":"","background-media":"","overlay-type":"","overlay-color":"","overlay-opacity":"","overlay-gradient":""}},"ast-content-background-meta":{"desktop":{"background-color":"var(--ast-global-color-5)","background-image":"","background-repeat":"repeat","background-position":"center center","background-size":"auto","background-attachment":"scroll","background-type":"","background-media":"","overlay-type":"","overlay-color":"","overlay-opacity":"","overlay-gradient":""},"tablet":{"background-color":"var(--ast-global-color-5)","background-image":"","background-repeat":"repeat","background-position":"center center","background-size":"auto","background-attachment":"scroll","background-type":"","background-media":"","overlay-type":"","overlay-color":"","overlay-opacity":"","overlay-gradient":""},"mobile":{"background-color":"var(--ast-global-color-5)","background-image":"","background-repeat":"repeat","background-position":"center center","background-size":"auto","background-attachment":"scroll","background-type":"","background-media":"","overlay-type":"","overlay-color":"","overlay-opacity":"","overlay-gradient":""}},"footnotes":""},"categories":[33,320,1,4],"tags":[255],"class_list":["post-21449","post","type-post","status-publish","format-standard","has-post-thumbnail","hentry","category-educacio-infantil","category-educacio-primaria","category-general","category-portada","tag-castanyada"],"post_mailing_queue_ids":[],"_links":{"self":[{"href":"https:\/\/agora.xtec.cat\/ceip-lesferreries-palafolls\/wp-json\/wp\/v2\/posts\/21449","targetHints":{"allow":["GET"]}}],"collection":[{"href":"https:\/\/agora.xtec.cat\/ceip-lesferreries-palafolls\/wp-json\/wp\/v2\/posts"}],"about":[{"href":"https:\/\/agora.xtec.cat\/ceip-lesferreries-palafolls\/wp-json\/wp\/v2\/types\/post"}],"author":[{"embeddable":true,"href":"https:\/\/agora.xtec.cat\/ceip-lesferreries-palafolls\/wp-json\/wp\/v2\/users\/65"}],"replies":[{"embeddable":true,"href":"https:\/\/agora.xtec.cat\/ceip-lesferreries-palafolls\/wp-json\/wp\/v2\/comments?post=21449"}],"version-history":[{"count":3,"href":"https:\/\/agora.xtec.cat\/ceip-lesferreries-palafolls\/wp-json\/wp\/v2\/posts\/21449\/revisions"}],"predecessor-version":[{"id":21455,"href":"https:\/\/agora.xtec.cat\/ceip-lesferreries-palafolls\/wp-json\/wp\/v2\/posts\/21449\/revisions\/21455"}],"wp:featuredmedia":[{"embeddable":true,"href":"https:\/\/agora.xtec.cat\/ceip-lesferreries-palafolls\/wp-json\/wp\/v2\/media\/21450"}],"wp:attachment":[{"href":"https:\/\/agora.xtec.cat\/ceip-lesferreries-palafolls\/wp-json\/wp\/v2\/media?parent=21449"}],"wp:term":[{"taxonomy":"category","embeddable":true,"href":"https:\/\/agora.xtec.cat\/ceip-lesferreries-palafolls\/wp-json\/wp\/v2\/categories?post=21449"},{"taxonomy":"post_tag","embeddable":true,"href":"https:\/\/agora.xtec.cat\/ceip-lesferreries-palafolls\/wp-json\/wp\/v2\/tags?post=21449"}],"curies":[{"name":"wp","href":"https:\/\/api.w.org\/{rel}","templated":true}]}}