{"id":21444,"date":"2022-10-27T18:09:51","date_gmt":"2022-10-27T16:09:51","guid":{"rendered":"https:\/\/agora.xtec.cat\/ceip-lesferreries-palafolls\/?p=21444"},"modified":"2022-10-27T18:09:51","modified_gmt":"2022-10-27T16:09:51","slug":"sortida-de-2n-al-moli-den-puigverd","status":"publish","type":"post","link":"https:\/\/agora.xtec.cat\/ceip-lesferreries-palafolls\/general\/sortida-de-2n-al-moli-den-puigverd\/","title":{"rendered":"Sortida de 2n al Mol\u00ed d&#8217;en Puigverd"},"content":{"rendered":"<p>Fam\u00edlies de 2n,<\/p>\n<p>quin dia m\u00e9s &#8220;xuli&#8221; que hem gaudit avui&#8230; el paisatge de tardor i el lloc ens han acompanyat per fer de la sortida una experi\u00e8ncia molt positiva.<\/p>\n<p>Ahir v\u00e0rem trobar una nota a la classe on ens convocaven a una entrevista de feina perqu\u00e8 la castanyera del poble es jubilava!!!<\/p>\n<p>Ben puntuals i despr\u00e9s d&#8217;haver esmorzat, ens hi hem presentat. Les noies del Tastaolletes ens tenien preparada una gimcana amb l&#8217;objectiu de saber si seriem unes bones castanyeres o castanyers. Un cop superades totes elles, ten\u00edem molta gana, calia recuperar forces amb els dinars tant bons que les fam\u00edlies ens heu preparat i despr\u00e9s hem pogut jugar molt i molt fins que tocava retornar a l&#8217;escola!!<\/p>\n<p>Estem cansats, per\u00f2 ha valgut la pena perqu\u00e8 hem pogut fer molt de treball de grup i cohesi\u00f3 entre tots nosaltres i aix\u00f2 ho guardarem a la capseta dels records.<\/p>\n<p>Aqu\u00ed us deixem les fotografies i v\u00eddeos del dia d&#8217;avui al Mol\u00ed d&#8217;en Puigverd.<\/p>\n<p>Una abra\u00e7ada de panellets i castanyes,<\/p>\n<p>Olga i Raquel<\/p>\n<p><a href=\"https:\/\/photos.app.goo.gl\/rmtKFh7M845rsUvw6\">Excursi\u00f3 Mol\u00ed d&#8217;en Puigverd<\/a><\/p>\n","protected":false},"excerpt":{"rendered":"<p>Fam\u00edlies de 2n, quin dia m\u00e9s &#8220;xuli&#8221; que hem gaudit avui&#8230; el paisatge de tardor i el lloc ens han acompanyat per fer de la sortida una experi\u00e8ncia molt positiva. Ahir v\u00e0rem trobar una nota a la classe on ens convocaven a una entrevista de feina perqu\u00e8 la castanyera del poble es jubilava!!! Ben puntuals [&hellip;]<\/p>\n","protected":false},"author":83,"featured_media":21447,"comment_status":"open","ping_status":"closed","sticky":false,"template":"","format":"standard","meta":{"_bbp_topic_count":0,"_bbp_reply_count":0,"_bbp_total_topic_count":0,"_bbp_total_reply_count":0,"_bbp_voice_count":0,"_bbp_anonymous_reply_count":0,"_bbp_topic_count_hidden":0,"_bbp_reply_count_hidden":0,"_bbp_forum_subforum_count":0,"site-sidebar-layout":"default","site-content-layout":"","ast-site-content-layout":"","site-content-style":"default","site-sidebar-style":"default","ast-global-header-display":"","ast-banner-title-visibility":"","ast-main-header-display":"","ast-hfb-above-header-display":"","ast-hfb-below-header-display":"","ast-hfb-mobile-header-display":"","site-post-title":"","ast-breadcrumbs-content":"","ast-featured-img":"","footer-sml-layout":"","theme-transparent-header-meta":"","adv-header-id-meta":"","stick-header-meta":"","header-above-stick-meta":"","header-main-stick-meta":"","header-below-stick-meta":"","astra-migrate-meta-layouts":"default","ast-page-background-enabled":"default","ast-page-background-meta":{"desktop":{"background-color":"var(--ast-global-color-4)","background-image":"","background-repeat":"repeat","background-position":"center center","background-size":"auto","background-attachment":"scroll","background-type":"","background-media":"","overlay-type":"","overlay-color":"","overlay-opacity":"","overlay-gradient":""},"tablet":{"background-color":"","background-image":"","background-repeat":"repeat","background-position":"center center","background-size":"auto","background-attachment":"scroll","background-type":"","background-media":"","overlay-type":"","overlay-color":"","overlay-opacity":"","overlay-gradient":""},"mobile":{"background-color":"","background-image":"","background-repeat":"repeat","background-position":"center center","background-size":"auto","background-attachment":"scroll","background-type":"","background-media":"","overlay-type":"","overlay-color":"","overlay-opacity":"","overlay-gradient":""}},"ast-content-background-meta":{"desktop":{"background-color":"var(--ast-global-color-5)","background-image":"","background-repeat":"repeat","background-position":"center center","background-size":"auto","background-attachment":"scroll","background-type":"","background-media":"","overlay-type":"","overlay-color":"","overlay-opacity":"","overlay-gradient":""},"tablet":{"background-color":"var(--ast-global-color-5)","background-image":"","background-repeat":"repeat","background-position":"center center","background-size":"auto","background-attachment":"scroll","background-type":"","background-media":"","overlay-type":"","overlay-color":"","overlay-opacity":"","overlay-gradient":""},"mobile":{"background-color":"var(--ast-global-color-5)","background-image":"","background-repeat":"repeat","background-position":"center center","background-size":"auto","background-attachment":"scroll","background-type":"","background-media":"","overlay-type":"","overlay-color":"","overlay-opacity":"","overlay-gradient":""}},"footnotes":""},"categories":[571,572,1,4],"tags":[],"class_list":["post-21444","post","type-post","status-publish","format-standard","has-post-thumbnail","hentry","category-18-27-a","category-16-27-b","category-general","category-portada"],"post_mailing_queue_ids":[],"_links":{"self":[{"href":"https:\/\/agora.xtec.cat\/ceip-lesferreries-palafolls\/wp-json\/wp\/v2\/posts\/21444","targetHints":{"allow":["GET"]}}],"collection":[{"href":"https:\/\/agora.xtec.cat\/ceip-lesferreries-palafolls\/wp-json\/wp\/v2\/posts"}],"about":[{"href":"https:\/\/agora.xtec.cat\/ceip-lesferreries-palafolls\/wp-json\/wp\/v2\/types\/post"}],"author":[{"embeddable":true,"href":"https:\/\/agora.xtec.cat\/ceip-lesferreries-palafolls\/wp-json\/wp\/v2\/users\/83"}],"replies":[{"embeddable":true,"href":"https:\/\/agora.xtec.cat\/ceip-lesferreries-palafolls\/wp-json\/wp\/v2\/comments?post=21444"}],"version-history":[{"count":3,"href":"https:\/\/agora.xtec.cat\/ceip-lesferreries-palafolls\/wp-json\/wp\/v2\/posts\/21444\/revisions"}],"predecessor-version":[{"id":21448,"href":"https:\/\/agora.xtec.cat\/ceip-lesferreries-palafolls\/wp-json\/wp\/v2\/posts\/21444\/revisions\/21448"}],"wp:featuredmedia":[{"embeddable":true,"href":"https:\/\/agora.xtec.cat\/ceip-lesferreries-palafolls\/wp-json\/wp\/v2\/media\/21447"}],"wp:attachment":[{"href":"https:\/\/agora.xtec.cat\/ceip-lesferreries-palafolls\/wp-json\/wp\/v2\/media?parent=21444"}],"wp:term":[{"taxonomy":"category","embeddable":true,"href":"https:\/\/agora.xtec.cat\/ceip-lesferreries-palafolls\/wp-json\/wp\/v2\/categories?post=21444"},{"taxonomy":"post_tag","embeddable":true,"href":"https:\/\/agora.xtec.cat\/ceip-lesferreries-palafolls\/wp-json\/wp\/v2\/tags?post=21444"}],"curies":[{"name":"wp","href":"https:\/\/api.w.org\/{rel}","templated":true}]}}