{"id":21391,"date":"2022-10-02T19:21:02","date_gmt":"2022-10-02T17:21:02","guid":{"rendered":"https:\/\/agora.xtec.cat\/ceip-lesferreries-palafolls\/?p=21391"},"modified":"2022-10-02T19:21:02","modified_gmt":"2022-10-02T17:21:02","slug":"sortida-camina-descalc-a-les-aules-dei5","status":"publish","type":"post","link":"https:\/\/agora.xtec.cat\/ceip-lesferreries-palafolls\/general\/sortida-camina-descalc-a-les-aules-dei5\/","title":{"rendered":"Sortida &#8220;camina descal\u00e7&#8221; a les aules d&#8217;EI5"},"content":{"rendered":"<p>Els infants de les aules d&#8217;EI5 hem sortit d&#8217;excursi\u00f3 aquest divendres fins a &#8220;La selva de l&#8217;aventura&#8221;, a Arb\u00facies. Quina fresqueta m\u00e9s bona ens ha rebut en obrir les portes de l&#8217;autocar! Feia olor de tardor!<\/p>\n<p>Hem agafat forces fent un bon esmorzar i tot seguit ens hem posat en marxa. Tota una aventura caminar per un sender on es combina el plaer i la satisfacci\u00f3 de sentir la natura al nostre voltant! Hem descobert una gran varietat d&#8217;est\u00edmuls: materials, textures i estructures per on caminar, tocar, enfilar-nos, saltar, experimentar sons&#8230; en plena natura. I alhora descobrint el bosc a la tardor amb els seus colors, olors i elements caracter\u00edstics: hem trobat els primers bolets, algunes castanyes, plantes arom\u00e0tiques, petjades d&#8217;animalons del bosc (guilla, esquirol, senglar&#8230;), capgrossos a les basses&#8230; . Tot plegat, gaudint de noves sensacions a trav\u00e9s dels sentits en bona companyia.<\/p>\n<p>Tanta aventura ens ha deixat un xic baldats i, despr\u00e9s de dinar, de tornada a l&#8217;escola amb l&#8217;autocar, molts hem fet una bona becaina.<\/p>\n<p>Aqu\u00ed teniu un recull d&#8217;imatges d&#8217;aquesta sortida:<\/p>\n<p><a href=\"https:\/\/drive.google.com\/drive\/folders\/11rsU-GsT7SQZcxuDaYAcLPaZH7qo2lKx?usp=sharing\">FOTOGRAFIES<\/a><\/p>\n<p>Les mestres d&#8217;EI 5<\/p>\n","protected":false},"excerpt":{"rendered":"<p>Els infants de les aules d&#8217;EI5 hem sortit d&#8217;excursi\u00f3 aquest divendres fins a &#8220;La selva de l&#8217;aventura&#8221;, a Arb\u00facies. Quina fresqueta m\u00e9s bona ens ha rebut en obrir les portes de l&#8217;autocar! Feia olor de tardor! Hem agafat forces fent un bon esmorzar i tot seguit ens hem posat en marxa. Tota una aventura caminar [&hellip;]<\/p>\n","protected":false},"author":62,"featured_media":21393,"comment_status":"open","ping_status":"closed","sticky":false,"template":"","format":"standard","meta":{"_bbp_topic_count":0,"_bbp_reply_count":0,"_bbp_total_topic_count":0,"_bbp_total_reply_count":0,"_bbp_voice_count":0,"_bbp_anonymous_reply_count":0,"_bbp_topic_count_hidden":0,"_bbp_reply_count_hidden":0,"_bbp_forum_subforum_count":0,"site-sidebar-layout":"default","site-content-layout":"","ast-site-content-layout":"","site-content-style":"default","site-sidebar-style":"default","ast-global-header-display":"","ast-banner-title-visibility":"","ast-main-header-display":"","ast-hfb-above-header-display":"","ast-hfb-below-header-display":"","ast-hfb-mobile-header-display":"","site-post-title":"","ast-breadcrumbs-content":"","ast-featured-img":"","footer-sml-layout":"","theme-transparent-header-meta":"","adv-header-id-meta":"","stick-header-meta":"","header-above-stick-meta":"","header-main-stick-meta":"","header-below-stick-meta":"","astra-migrate-meta-layouts":"default","ast-page-background-enabled":"default","ast-page-background-meta":{"desktop":{"background-color":"var(--ast-global-color-4)","background-image":"","background-repeat":"repeat","background-position":"center center","background-size":"auto","background-attachment":"scroll","background-type":"","background-media":"","overlay-type":"","overlay-color":"","overlay-opacity":"","overlay-gradient":""},"tablet":{"background-color":"","background-image":"","background-repeat":"repeat","background-position":"center center","background-size":"auto","background-attachment":"scroll","background-type":"","background-media":"","overlay-type":"","overlay-color":"","overlay-opacity":"","overlay-gradient":""},"mobile":{"background-color":"","background-image":"","background-repeat":"repeat","background-position":"center center","background-size":"auto","background-attachment":"scroll","background-type":"","background-media":"","overlay-type":"","overlay-color":"","overlay-opacity":"","overlay-gradient":""}},"ast-content-background-meta":{"desktop":{"background-color":"var(--ast-global-color-5)","background-image":"","background-repeat":"repeat","background-position":"center center","background-size":"auto","background-attachment":"scroll","background-type":"","background-media":"","overlay-type":"","overlay-color":"","overlay-opacity":"","overlay-gradient":""},"tablet":{"background-color":"var(--ast-global-color-5)","background-image":"","background-repeat":"repeat","background-position":"center center","background-size":"auto","background-attachment":"scroll","background-type":"","background-media":"","overlay-type":"","overlay-color":"","overlay-opacity":"","overlay-gradient":""},"mobile":{"background-color":"var(--ast-global-color-5)","background-image":"","background-repeat":"repeat","background-position":"center center","background-size":"auto","background-attachment":"scroll","background-type":"","background-media":"","overlay-type":"","overlay-color":"","overlay-opacity":"","overlay-gradient":""}},"footnotes":""},"categories":[782,783,33,36,1,4],"tags":[],"class_list":["post-21391","post","type-post","status-publish","format-standard","has-post-thumbnail","hentry","category-gr20a","category-gr20b","category-educacio-infantil","category-galeria","category-general","category-portada"],"post_mailing_queue_ids":[],"_links":{"self":[{"href":"https:\/\/agora.xtec.cat\/ceip-lesferreries-palafolls\/wp-json\/wp\/v2\/posts\/21391","targetHints":{"allow":["GET"]}}],"collection":[{"href":"https:\/\/agora.xtec.cat\/ceip-lesferreries-palafolls\/wp-json\/wp\/v2\/posts"}],"about":[{"href":"https:\/\/agora.xtec.cat\/ceip-lesferreries-palafolls\/wp-json\/wp\/v2\/types\/post"}],"author":[{"embeddable":true,"href":"https:\/\/agora.xtec.cat\/ceip-lesferreries-palafolls\/wp-json\/wp\/v2\/users\/62"}],"replies":[{"embeddable":true,"href":"https:\/\/agora.xtec.cat\/ceip-lesferreries-palafolls\/wp-json\/wp\/v2\/comments?post=21391"}],"version-history":[{"count":3,"href":"https:\/\/agora.xtec.cat\/ceip-lesferreries-palafolls\/wp-json\/wp\/v2\/posts\/21391\/revisions"}],"predecessor-version":[{"id":21395,"href":"https:\/\/agora.xtec.cat\/ceip-lesferreries-palafolls\/wp-json\/wp\/v2\/posts\/21391\/revisions\/21395"}],"wp:featuredmedia":[{"embeddable":true,"href":"https:\/\/agora.xtec.cat\/ceip-lesferreries-palafolls\/wp-json\/wp\/v2\/media\/21393"}],"wp:attachment":[{"href":"https:\/\/agora.xtec.cat\/ceip-lesferreries-palafolls\/wp-json\/wp\/v2\/media?parent=21391"}],"wp:term":[{"taxonomy":"category","embeddable":true,"href":"https:\/\/agora.xtec.cat\/ceip-lesferreries-palafolls\/wp-json\/wp\/v2\/categories?post=21391"},{"taxonomy":"post_tag","embeddable":true,"href":"https:\/\/agora.xtec.cat\/ceip-lesferreries-palafolls\/wp-json\/wp\/v2\/tags?post=21391"}],"curies":[{"name":"wp","href":"https:\/\/api.w.org\/{rel}","templated":true}]}}