{"id":21283,"date":"2022-07-31T13:27:59","date_gmt":"2022-07-31T11:27:59","guid":{"rendered":"https:\/\/agora.xtec.cat\/ceip-lesferreries-palafolls\/?p=21283"},"modified":"2023-01-12T10:46:52","modified_gmt":"2023-01-12T09:46:52","slug":"fira-de-primavera","status":"publish","type":"post","link":"https:\/\/agora.xtec.cat\/ceip-lesferreries-palafolls\/portada\/fira-de-primavera\/","title":{"rendered":"FIRA DE PRIMAVERA"},"content":{"rendered":"<p>El passat dijous 26 de maig l&#8217;escola va celebrar la fira de primavera. Setmanes abans els alumnes de prim\u00e0ria van fer manualitats i es van posar a la venda a la fira juntament amb els pastissos que van aportar les fam\u00edlies d&#8217;educaci\u00f3 infantil. L&#8217;AMPA va posar a la venda <a href=\"https:\/\/www.pulserascandela.org\/\" target=\"_blank\" rel=\"noopener\">Polseres Candela<\/a>, iniciativa amb la que colaborem des de fa uns any.<\/p>\n<p>La fira no va poder anar millor i es van vendre totes les manualitats, pastissos i polseres. Com a resultat es van recaptar 913\u20ac amb la venda de les polseres i destinats \u00edntegrament per l\u2019Hospital Sant Joan de D\u00e9u i 1.358\u20ac de la venda de les manualitats i els pastissos que s&#8217;han destinat \u00edntegrament a ACNUR per a l&#8217;ajuda dels refugiats i despla\u00e7ats per la guerra d&#8217;Ucra\u00efna.<\/p>\n<p>Des de l&#8217;AMPA volem agra\u00efr a l&#8217;escola i les fam\u00edlies per la seva implicaci\u00f3 en aquest projecte i aix\u00ed poder posar entre tots el nostre granet de sorra per a un m\u00f3n millor. Gr\u00e0cies tamb\u00e9 a l&#8217;Ajuntament per la seva col\u00b7laboraci\u00f3 desinteressada.<\/p>\n<p>Seguit trobareu els comprovants de les donacions. <a href=\"https:\/\/drive.google.com\/file\/d\/1ZPv7NzRuWlnLj1rXwxHNYR0DnVBDDwa2\/view?usp=sharing\" target=\"_blank\" rel=\"noopener\">ACNUR<\/a>\u00a0 \u00a0<a href=\"https:\/\/drive.google.com\/file\/d\/1pWpnAMN8lyAYqyDM73kplrUeaUF2oS-R\/view?usp=sharing\" target=\"_blank\" rel=\"noopener\">Polseres Candela<\/a><\/p>\n","protected":false},"excerpt":{"rendered":"<p>El passat dijous 26 de maig l&#8217;escola va celebrar la fira de primavera. Setmanes abans els alumnes de prim\u00e0ria van fer manualitats i es van posar a la venda a la fira juntament amb els pastissos que van aportar les fam\u00edlies d&#8217;educaci\u00f3 infantil. L&#8217;AMPA va posar a la venda Polseres Candela, iniciativa amb la que [&hellip;]<\/p>\n","protected":false},"author":109,"featured_media":21296,"comment_status":"open","ping_status":"closed","sticky":false,"template":"","format":"standard","meta":{"_bbp_topic_count":0,"_bbp_reply_count":0,"_bbp_total_topic_count":0,"_bbp_total_reply_count":0,"_bbp_voice_count":0,"_bbp_anonymous_reply_count":0,"_bbp_topic_count_hidden":0,"_bbp_reply_count_hidden":0,"_bbp_forum_subforum_count":0,"site-sidebar-layout":"default","site-content-layout":"","ast-site-content-layout":"","site-content-style":"default","site-sidebar-style":"default","ast-global-header-display":"","ast-banner-title-visibility":"","ast-main-header-display":"","ast-hfb-above-header-display":"","ast-hfb-below-header-display":"","ast-hfb-mobile-header-display":"","site-post-title":"","ast-breadcrumbs-content":"","ast-featured-img":"","footer-sml-layout":"","theme-transparent-header-meta":"","adv-header-id-meta":"","stick-header-meta":"","header-above-stick-meta":"","header-main-stick-meta":"","header-below-stick-meta":"","astra-migrate-meta-layouts":"default","ast-page-background-enabled":"default","ast-page-background-meta":{"desktop":{"background-color":"var(--ast-global-color-4)","background-image":"","background-repeat":"repeat","background-position":"center center","background-size":"auto","background-attachment":"scroll","background-type":"","background-media":"","overlay-type":"","overlay-color":"","overlay-opacity":"","overlay-gradient":""},"tablet":{"background-color":"","background-image":"","background-repeat":"repeat","background-position":"center center","background-size":"auto","background-attachment":"scroll","background-type":"","background-media":"","overlay-type":"","overlay-color":"","overlay-opacity":"","overlay-gradient":""},"mobile":{"background-color":"","background-image":"","background-repeat":"repeat","background-position":"center center","background-size":"auto","background-attachment":"scroll","background-type":"","background-media":"","overlay-type":"","overlay-color":"","overlay-opacity":"","overlay-gradient":""}},"ast-content-background-meta":{"desktop":{"background-color":"var(--ast-global-color-5)","background-image":"","background-repeat":"repeat","background-position":"center center","background-size":"auto","background-attachment":"scroll","background-type":"","background-media":"","overlay-type":"","overlay-color":"","overlay-opacity":"","overlay-gradient":""},"tablet":{"background-color":"var(--ast-global-color-5)","background-image":"","background-repeat":"repeat","background-position":"center center","background-size":"auto","background-attachment":"scroll","background-type":"","background-media":"","overlay-type":"","overlay-color":"","overlay-opacity":"","overlay-gradient":""},"mobile":{"background-color":"var(--ast-global-color-5)","background-image":"","background-repeat":"repeat","background-position":"center center","background-size":"auto","background-attachment":"scroll","background-type":"","background-media":"","overlay-type":"","overlay-color":"","overlay-opacity":"","overlay-gradient":""}},"footnotes":""},"categories":[7,324,4],"tags":[134,271],"class_list":["post-21283","post","type-post","status-publish","format-standard","has-post-thumbnail","hentry","category-afa","category-escola-solidaria","category-portada","tag-ampa","tag-fira-primavera"],"post_mailing_queue_ids":[],"_links":{"self":[{"href":"https:\/\/agora.xtec.cat\/ceip-lesferreries-palafolls\/wp-json\/wp\/v2\/posts\/21283","targetHints":{"allow":["GET"]}}],"collection":[{"href":"https:\/\/agora.xtec.cat\/ceip-lesferreries-palafolls\/wp-json\/wp\/v2\/posts"}],"about":[{"href":"https:\/\/agora.xtec.cat\/ceip-lesferreries-palafolls\/wp-json\/wp\/v2\/types\/post"}],"author":[{"embeddable":true,"href":"https:\/\/agora.xtec.cat\/ceip-lesferreries-palafolls\/wp-json\/wp\/v2\/users\/109"}],"replies":[{"embeddable":true,"href":"https:\/\/agora.xtec.cat\/ceip-lesferreries-palafolls\/wp-json\/wp\/v2\/comments?post=21283"}],"version-history":[{"count":3,"href":"https:\/\/agora.xtec.cat\/ceip-lesferreries-palafolls\/wp-json\/wp\/v2\/posts\/21283\/revisions"}],"predecessor-version":[{"id":21298,"href":"https:\/\/agora.xtec.cat\/ceip-lesferreries-palafolls\/wp-json\/wp\/v2\/posts\/21283\/revisions\/21298"}],"wp:featuredmedia":[{"embeddable":true,"href":"https:\/\/agora.xtec.cat\/ceip-lesferreries-palafolls\/wp-json\/wp\/v2\/media\/21296"}],"wp:attachment":[{"href":"https:\/\/agora.xtec.cat\/ceip-lesferreries-palafolls\/wp-json\/wp\/v2\/media?parent=21283"}],"wp:term":[{"taxonomy":"category","embeddable":true,"href":"https:\/\/agora.xtec.cat\/ceip-lesferreries-palafolls\/wp-json\/wp\/v2\/categories?post=21283"},{"taxonomy":"post_tag","embeddable":true,"href":"https:\/\/agora.xtec.cat\/ceip-lesferreries-palafolls\/wp-json\/wp\/v2\/tags?post=21283"}],"curies":[{"name":"wp","href":"https:\/\/api.w.org\/{rel}","templated":true}]}}