{"id":21103,"date":"2022-06-16T17:00:44","date_gmt":"2022-06-16T15:00:44","guid":{"rendered":"https:\/\/agora.xtec.cat\/ceip-lesferreries-palafolls\/?p=21103"},"modified":"2022-06-16T13:01:31","modified_gmt":"2022-06-16T11:01:31","slug":"4t-dia-safs-dijous-16-de-juny","status":"publish","type":"post","link":"https:\/\/agora.xtec.cat\/ceip-lesferreries-palafolls\/general\/4t-dia-safs-dijous-16-de-juny\/","title":{"rendered":"4t dia SAFS. Dijous 16 de juny"},"content":{"rendered":"<p><strong>Activitats i material programades per dem\u00e0 divendres 17 de juny:<\/strong><\/p>\n<p><strong>Tota l&#8217;escola (alumnat):\u00a0<\/strong>Festa de l&#8217;Escuma subvencionada per l&#8217;AMPA.<\/p>\n<p>Per dem\u00e0 esmorzar l&#8217;alumnat tindr\u00e0: cirera, albercocs i pr\u00e9ssecs del Programa Escolar de Consum de Fruita del Departament d&#8217;Agricultura, Ramaderia, Pesca i Alimentaci\u00f3.<\/p>\n<p>Banyador\u00a0<img decoding=\"async\" class=\"an1\" src=\"https:\/\/fonts.gstatic.com\/s\/e\/notoemoji\/14.0\/1fa71\/32.png\" alt=\"\ud83e\ude71\" data-emoji=\"\ud83e\ude71\" aria-label=\"\ud83e\ude71\" \/>\u00a0i crema solar\u00a0<img decoding=\"async\" class=\"an1\" src=\"https:\/\/fonts.gstatic.com\/s\/e\/notoemoji\/14.0\/1f9f4\/32.png\" alt=\"\ud83e\uddf4\" data-emoji=\"\ud83e\uddf4\" aria-label=\"\ud83e\uddf4\" \/>posats de casa\u00a0<img decoding=\"async\" class=\"an1\" src=\"https:\/\/fonts.gstatic.com\/s\/e\/notoemoji\/14.0\/1f3e0\/32.png\" alt=\"\ud83c\udfe0\" data-emoji=\"\ud83c\udfe0\" aria-label=\"\ud83c\udfe0\" \/>, cal\u00e7at lligat al peu que es pugui mullar.<br \/>\nMotxilla\u00a0<img decoding=\"async\" class=\"an1\" src=\"https:\/\/fonts.gstatic.com\/s\/e\/notoemoji\/14.0\/1f392\/32.png\" alt=\"\ud83c\udf92\" data-emoji=\"\ud83c\udf92\" aria-label=\"\ud83c\udf92\" \/>: tovallola, muda i cal\u00e7at de recanvi, bossa de pl\u00e0stic (per guardar la roba i el cal\u00e7at mullat), esmorzar, aigua i gorra\u00a0<img decoding=\"async\" class=\"an1\" src=\"https:\/\/fonts.gstatic.com\/s\/e\/notoemoji\/14.0\/1f9e2\/32.png\" alt=\"\ud83e\udde2\" data-emoji=\"\ud83e\udde2\" aria-label=\"\ud83e\udde2\" \/>.<\/p>\n<p>Les activitats que hem realitzat avui:<\/p>\n<p><strong>Infantil i 4t de prim\u00e0ria:<\/strong>\u00a0gimcana de jocs del m\u00f3n\u00a0<span style=\"font-size: 12px;\"><img decoding=\"async\" class=\"an1\" src=\"https:\/\/fonts.gstatic.com\/s\/e\/notoemoji\/14.0\/1f30d\/32.png\" alt=\"\ud83c\udf0d\" data-emoji=\"\ud83c\udf0d\" aria-label=\"\ud83c\udf0d\" \/><\/span><br \/>\n<strong>1r de prim\u00e0ria:<\/strong>\u00a0taller Vigila amb el sol\u00a0<img decoding=\"async\" class=\"an1\" src=\"https:\/\/fonts.gstatic.com\/s\/e\/notoemoji\/14.0\/1f60e\/32.png\" alt=\"\ud83d\ude0e\" data-emoji=\"\ud83d\ude0e\" aria-label=\"\ud83d\ude0e\" \/>\u00a0solet<br \/>\n<strong>2n de prim\u00e0ria:<\/strong>\u00a0tennis\u00a0<img decoding=\"async\" class=\"an1\" src=\"https:\/\/fonts.gstatic.com\/s\/e\/notoemoji\/14.0\/1f3be\/32.png\" alt=\"\ud83c\udfbe\" data-emoji=\"\ud83c\udfbe\" aria-label=\"\ud83c\udfbe\" \/><br \/>\n<strong>3r de prim\u00e0ria:<\/strong>\u00a0taller Vaig net, estic content\u00a0<img decoding=\"async\" class=\"an1\" src=\"https:\/\/fonts.gstatic.com\/s\/e\/notoemoji\/14.0\/1f60a\/32.png\" alt=\"\ud83d\ude0a\" data-emoji=\"\ud83d\ude0a\" aria-label=\"\ud83d\ude0a\" \/><br \/>\n<strong>5\u00e8 de prim\u00e0ria:<\/strong>\u00a0trobada interescolar a la Platja de Blanes.<br \/>\n<strong>6\u00e8 de prim\u00e0ria:<\/strong>\u00a0Acte de cloenda de l\u2019educaci\u00f3 vi\u00e0ria a c\u00e0rrec de la Policia Local de Palafolls.<\/p>\n<p><a href=\"https:\/\/photos.app.goo.gl\/Qa2ReW1gVjvNECT77\" target=\"_blank\" rel=\"noopener\">Fotos SAFS Dijous 16 de juny<\/a><\/p>\n<p>Moltes gr\u00e0cies a les entitats i persones col\u00b7laboradores que venen a impartir activitats a la nostra escola.<\/p>\n","protected":false},"excerpt":{"rendered":"<p>Activitats i material programades per dem\u00e0 divendres 17 de juny: Tota l&#8217;escola (alumnat):\u00a0Festa de l&#8217;Escuma subvencionada per l&#8217;AMPA. Per dem\u00e0 esmorzar l&#8217;alumnat tindr\u00e0: cirera, albercocs i pr\u00e9ssecs del Programa Escolar de Consum de Fruita del Departament d&#8217;Agricultura, Ramaderia, Pesca i Alimentaci\u00f3. Banyador\u00a0\u00a0i crema solar\u00a0posats de casa\u00a0, cal\u00e7at lligat al peu que es pugui mullar. Motxilla\u00a0: [&hellip;]<\/p>\n","protected":false},"author":65,"featured_media":21104,"comment_status":"open","ping_status":"closed","sticky":false,"template":"","format":"standard","meta":{"_bbp_topic_count":0,"_bbp_reply_count":0,"_bbp_total_topic_count":0,"_bbp_total_reply_count":0,"_bbp_voice_count":0,"_bbp_anonymous_reply_count":0,"_bbp_topic_count_hidden":0,"_bbp_reply_count_hidden":0,"_bbp_forum_subforum_count":0,"site-sidebar-layout":"default","site-content-layout":"","ast-site-content-layout":"","site-content-style":"default","site-sidebar-style":"default","ast-global-header-display":"","ast-banner-title-visibility":"","ast-main-header-display":"","ast-hfb-above-header-display":"","ast-hfb-below-header-display":"","ast-hfb-mobile-header-display":"","site-post-title":"","ast-breadcrumbs-content":"","ast-featured-img":"","footer-sml-layout":"","theme-transparent-header-meta":"","adv-header-id-meta":"","stick-header-meta":"","header-above-stick-meta":"","header-main-stick-meta":"","header-below-stick-meta":"","astra-migrate-meta-layouts":"default","ast-page-background-enabled":"default","ast-page-background-meta":{"desktop":{"background-color":"var(--ast-global-color-4)","background-image":"","background-repeat":"repeat","background-position":"center center","background-size":"auto","background-attachment":"scroll","background-type":"","background-media":"","overlay-type":"","overlay-color":"","overlay-opacity":"","overlay-gradient":""},"tablet":{"background-color":"","background-image":"","background-repeat":"repeat","background-position":"center center","background-size":"auto","background-attachment":"scroll","background-type":"","background-media":"","overlay-type":"","overlay-color":"","overlay-opacity":"","overlay-gradient":""},"mobile":{"background-color":"","background-image":"","background-repeat":"repeat","background-position":"center center","background-size":"auto","background-attachment":"scroll","background-type":"","background-media":"","overlay-type":"","overlay-color":"","overlay-opacity":"","overlay-gradient":""}},"ast-content-background-meta":{"desktop":{"background-color":"var(--ast-global-color-5)","background-image":"","background-repeat":"repeat","background-position":"center center","background-size":"auto","background-attachment":"scroll","background-type":"","background-media":"","overlay-type":"","overlay-color":"","overlay-opacity":"","overlay-gradient":""},"tablet":{"background-color":"var(--ast-global-color-5)","background-image":"","background-repeat":"repeat","background-position":"center center","background-size":"auto","background-attachment":"scroll","background-type":"","background-media":"","overlay-type":"","overlay-color":"","overlay-opacity":"","overlay-gradient":""},"mobile":{"background-color":"var(--ast-global-color-5)","background-image":"","background-repeat":"repeat","background-position":"center center","background-size":"auto","background-attachment":"scroll","background-type":"","background-media":"","overlay-type":"","overlay-color":"","overlay-opacity":"","overlay-gradient":""}},"footnotes":""},"categories":[54,1,4,886],"tags":[565,942],"class_list":["post-21103","post","type-post","status-publish","format-standard","has-post-thumbnail","hentry","category-educacio-fisica","category-general","category-portada","category-safs","tag-safs","tag-setmana-activitat-fisica-i-la-salut"],"post_mailing_queue_ids":[],"_links":{"self":[{"href":"https:\/\/agora.xtec.cat\/ceip-lesferreries-palafolls\/wp-json\/wp\/v2\/posts\/21103","targetHints":{"allow":["GET"]}}],"collection":[{"href":"https:\/\/agora.xtec.cat\/ceip-lesferreries-palafolls\/wp-json\/wp\/v2\/posts"}],"about":[{"href":"https:\/\/agora.xtec.cat\/ceip-lesferreries-palafolls\/wp-json\/wp\/v2\/types\/post"}],"author":[{"embeddable":true,"href":"https:\/\/agora.xtec.cat\/ceip-lesferreries-palafolls\/wp-json\/wp\/v2\/users\/65"}],"replies":[{"embeddable":true,"href":"https:\/\/agora.xtec.cat\/ceip-lesferreries-palafolls\/wp-json\/wp\/v2\/comments?post=21103"}],"version-history":[{"count":1,"href":"https:\/\/agora.xtec.cat\/ceip-lesferreries-palafolls\/wp-json\/wp\/v2\/posts\/21103\/revisions"}],"predecessor-version":[{"id":21105,"href":"https:\/\/agora.xtec.cat\/ceip-lesferreries-palafolls\/wp-json\/wp\/v2\/posts\/21103\/revisions\/21105"}],"wp:featuredmedia":[{"embeddable":true,"href":"https:\/\/agora.xtec.cat\/ceip-lesferreries-palafolls\/wp-json\/wp\/v2\/media\/21104"}],"wp:attachment":[{"href":"https:\/\/agora.xtec.cat\/ceip-lesferreries-palafolls\/wp-json\/wp\/v2\/media?parent=21103"}],"wp:term":[{"taxonomy":"category","embeddable":true,"href":"https:\/\/agora.xtec.cat\/ceip-lesferreries-palafolls\/wp-json\/wp\/v2\/categories?post=21103"},{"taxonomy":"post_tag","embeddable":true,"href":"https:\/\/agora.xtec.cat\/ceip-lesferreries-palafolls\/wp-json\/wp\/v2\/tags?post=21103"}],"curies":[{"name":"wp","href":"https:\/\/api.w.org\/{rel}","templated":true}]}}