{"id":21097,"date":"2022-06-15T17:00:09","date_gmt":"2022-06-15T15:00:09","guid":{"rendered":"https:\/\/agora.xtec.cat\/ceip-lesferreries-palafolls\/?p=21097"},"modified":"2022-06-15T12:53:25","modified_gmt":"2022-06-15T10:53:25","slug":"3r-dia-safs-dimecres-15-de-juny","status":"publish","type":"post","link":"https:\/\/agora.xtec.cat\/ceip-lesferreries-palafolls\/general\/3r-dia-safs-dimecres-15-de-juny\/","title":{"rendered":"3r dia SAFS. Dimecres 15 de juny"},"content":{"rendered":"<p style=\"text-align: justify;\"><strong>Activitats i material programades per dem\u00e0 dijous 16 de juny:<\/strong><\/p>\n<p><strong>Infantil i 4t de prim\u00e0ria:<\/strong> gimcana de jocs del m\u00f3n\u00a0<img decoding=\"async\" class=\"an1\" src=\"https:\/\/fonts.gstatic.com\/s\/e\/notoemoji\/14.0\/1f30d\/32.png\" alt=\"\ud83c\udf0d\" data-emoji=\"\ud83c\udf0d\" aria-label=\"\ud83c\udf0d\" \/><br \/>\nPortar la motxilla\u00a0<img decoding=\"async\" class=\"an1\" src=\"https:\/\/fonts.gstatic.com\/s\/e\/notoemoji\/14.0\/1f392\/32.png\" alt=\"\ud83c\udf92\" data-emoji=\"\ud83c\udf92\" aria-label=\"\ud83c\udf92\" \/>normal, ja que l\u2019activitat no ocupa tot del mat\u00ed.<\/p>\n<p><strong>1r de prim\u00e0ria:<\/strong> taller Vigila amb el sol\u00a0<img decoding=\"async\" class=\"an1\" src=\"https:\/\/fonts.gstatic.com\/s\/e\/notoemoji\/14.0\/1f60e\/32.png\" alt=\"\ud83d\ude0e\" data-emoji=\"\ud83d\ude0e\" aria-label=\"\ud83d\ude0e\" \/>\u00a0solet<br \/>\nPortar la motxilla\u00a0<img decoding=\"async\" class=\"an1\" src=\"https:\/\/fonts.gstatic.com\/s\/e\/notoemoji\/14.0\/1f392\/32.png\" alt=\"\ud83c\udf92\" data-emoji=\"\ud83c\udf92\" aria-label=\"\ud83c\udf92\" \/>normal, ja que l\u2019activitat no ocupa tot del mat\u00ed.<\/p>\n<p><strong>2n de prim\u00e0ria:<\/strong> tennis\u00a0<img decoding=\"async\" class=\"an1\" src=\"https:\/\/fonts.gstatic.com\/s\/e\/notoemoji\/14.0\/1f3be\/32.png\" alt=\"\ud83c\udfbe\" data-emoji=\"\ud83c\udfbe\" aria-label=\"\ud83c\udfbe\" \/><br \/>\nPortar la motxilla\u00a0<img decoding=\"async\" class=\"an1\" src=\"https:\/\/fonts.gstatic.com\/s\/e\/notoemoji\/14.0\/1f392\/32.png\" alt=\"\ud83c\udf92\" data-emoji=\"\ud83c\udf92\" aria-label=\"\ud83c\udf92\" \/>normal, ja que l\u2019activitat no ocupa tot del mat\u00ed.<\/p>\n<p><strong>3r de prim\u00e0ria:<\/strong> taller Vaig net, estic content\u00a0<img decoding=\"async\" class=\"an1\" src=\"https:\/\/fonts.gstatic.com\/s\/e\/notoemoji\/14.0\/1f60a\/32.png\" alt=\"\ud83d\ude0a\" data-emoji=\"\ud83d\ude0a\" aria-label=\"\ud83d\ude0a\" \/><br \/>\nPortar la motxilla\u00a0<img decoding=\"async\" class=\"an1\" src=\"https:\/\/fonts.gstatic.com\/s\/e\/notoemoji\/14.0\/1f392\/32.png\" alt=\"\ud83c\udf92\" data-emoji=\"\ud83c\udf92\" aria-label=\"\ud83c\udf92\" \/>normal, ja que l\u2019activitat no ocupa tot del mat\u00ed.<\/p>\n<p><strong>5\u00e8 de prim\u00e0ria:<\/strong> trobada interescolar a la Platja de Blanes.<br \/>\nBanyador\u00a0<img decoding=\"async\" class=\"an1\" src=\"https:\/\/fonts.gstatic.com\/s\/e\/notoemoji\/14.0\/1fa71\/32.png\" alt=\"\ud83e\ude71\" data-emoji=\"\ud83e\ude71\" aria-label=\"\ud83e\ude71\" \/>\u00a0i crema solar\u00a0<img decoding=\"async\" class=\"an1\" src=\"https:\/\/fonts.gstatic.com\/s\/e\/notoemoji\/14.0\/1f9f4\/32.png\" alt=\"\ud83e\uddf4\" data-emoji=\"\ud83e\uddf4\" aria-label=\"\ud83e\uddf4\" \/>posats de casa\u00a0<img decoding=\"async\" class=\"an1\" src=\"https:\/\/fonts.gstatic.com\/s\/e\/notoemoji\/14.0\/1f3e0\/32.png\" alt=\"\ud83c\udfe0\" data-emoji=\"\ud83c\udfe0\" aria-label=\"\ud83c\udfe0\" \/>, cal\u00e7at lligat al peu que es pugui mullar.<br \/>\nMotxilla\u00a0<img decoding=\"async\" class=\"an1\" src=\"https:\/\/fonts.gstatic.com\/s\/e\/notoemoji\/14.0\/1f392\/32.png\" alt=\"\ud83c\udf92\" data-emoji=\"\ud83c\udf92\" aria-label=\"\ud83c\udf92\" \/>: tovallola, muda i cal\u00e7at de recanvi, bossa de pl\u00e0stic (per guardar la roba i el cal\u00e7at mullat), esmorzar, aigua i gorra\u00a0<img decoding=\"async\" class=\"an1\" src=\"https:\/\/fonts.gstatic.com\/s\/e\/notoemoji\/14.0\/1f9e2\/32.png\" alt=\"\ud83e\udde2\" data-emoji=\"\ud83e\udde2\" aria-label=\"\ud83e\udde2\" \/>.<\/p>\n<p><strong>6\u00e8 de prim\u00e0ria:<\/strong> Acte de cloenda de l\u2019educaci\u00f3 vi\u00e0ria a c\u00e0rrec de la Policia Local de Palafolls.<br \/>\n<strong>Bicicleta\u00a0 o patinet<\/strong> (segons l\u2019opci\u00f3 escollida pel nostre alumnat) i<strong> casc d\u2019\u00fas obligatori<\/strong>.<br \/>\nBanyador\u00a0<img decoding=\"async\" class=\"an1\" src=\"https:\/\/fonts.gstatic.com\/s\/e\/notoemoji\/14.0\/1fa71\/32.png\" alt=\"\ud83e\ude71\" data-emoji=\"\ud83e\ude71\" aria-label=\"\ud83e\ude71\" \/>\u00a0i crema solar\u00a0<img decoding=\"async\" class=\"an1\" src=\"https:\/\/fonts.gstatic.com\/s\/e\/notoemoji\/14.0\/1f9f4\/32.png\" alt=\"\ud83e\uddf4\" data-emoji=\"\ud83e\uddf4\" aria-label=\"\ud83e\uddf4\" \/>posats de casa\u00a0<img decoding=\"async\" class=\"an1\" src=\"https:\/\/fonts.gstatic.com\/s\/e\/notoemoji\/14.0\/1f3e0\/32.png\" alt=\"\ud83c\udfe0\" data-emoji=\"\ud83c\udfe0\" aria-label=\"\ud83c\udfe0\" \/>, cal\u00e7at lligat al peu que es pugui mullar.<br \/>\nMotxilla\u00a0<img decoding=\"async\" class=\"an1\" src=\"https:\/\/fonts.gstatic.com\/s\/e\/notoemoji\/14.0\/1f392\/32.png\" alt=\"\ud83c\udf92\" data-emoji=\"\ud83c\udf92\" aria-label=\"\ud83c\udf92\" \/>: tovallola, muda i cal\u00e7at de recanvi, bossa de pl\u00e0stic (per gzuardar la roba i el cal\u00e7at mullat), esmorzar, aigua i gorra\u00a0<img decoding=\"async\" class=\"an1\" src=\"https:\/\/fonts.gstatic.com\/s\/e\/notoemoji\/14.0\/1f9e2\/32.png\" alt=\"\ud83e\udde2\" data-emoji=\"\ud83e\udde2\" aria-label=\"\ud83e\udde2\" \/>.<\/p>\n<p>Les activitats que hem realitzat avui:<br \/>\n<strong>Infantil i 1r i 2n de prim\u00e0ria:<\/strong> Muay Thai\u00a0<img decoding=\"async\" class=\"an1\" src=\"https:\/\/fonts.gstatic.com\/s\/e\/notoemoji\/14.0\/1f1f9_1f1ed\/32.png\" alt=\"\ud83c\uddf9\ud83c\udded\" data-emoji=\"\ud83c\uddf9\ud83c\udded\" aria-label=\"\ud83c\uddf9\ud83c\udded\" \/>\u00a0.<\/p>\n<p style=\"text-align: justify;\"><strong>3r i 4t de prim\u00e0ria:<\/strong> breakout en el camp de futbol\u00a0<img decoding=\"async\" class=\"an1\" src=\"https:\/\/fonts.gstatic.com\/s\/e\/notoemoji\/14.0\/26bd_fe0f\/32.png\" alt=\"\u26bd\ufe0f\" data-emoji=\"\u26bd\ufe0f\" aria-label=\"\u26bd\ufe0f\" \/>.<\/p>\n<p style=\"text-align: justify;\"><strong>5\u00e8 de prim\u00e0ria:<\/strong> Acte de cloenda de l\u2019educaci\u00f3 vi\u00e0ria a c\u00e0rrec de la Policia Local de Palafolls.<\/p>\n<p style=\"text-align: justify;\"><strong>6\u00e8 de prim\u00e0ria:<\/strong> futbol sala\u00a0<img decoding=\"async\" class=\"an1\" src=\"https:\/\/fonts.gstatic.com\/s\/e\/notoemoji\/14.0\/26bd_fe0f\/32.png\" alt=\"\u26bd\ufe0f\" data-emoji=\"\u26bd\ufe0f\" aria-label=\"\u26bd\ufe0f\" \/><\/p>\n<p><a href=\"https:\/\/photos.app.goo.gl\/tLoeeqxLpTmSvCFZA\" target=\"_blank\" rel=\"noopener\">Fotos SAFS Dimecres 15 de juny<\/a><\/p>\n<p>Moltes gr\u00e0cies a les entitats i persones col\u00b7laboradores que venen a impartir activitats a la nostra escola.<\/p>\n<div class=\"yj6qo\"><\/div>\n<div class=\"adL\"><\/div>\n","protected":false},"excerpt":{"rendered":"<p>Activitats i material programades per dem\u00e0 dijous 16 de juny: Infantil i 4t de prim\u00e0ria: gimcana de jocs del m\u00f3n\u00a0 Portar la motxilla\u00a0normal, ja que l\u2019activitat no ocupa tot del mat\u00ed. 1r de prim\u00e0ria: taller Vigila amb el sol\u00a0\u00a0solet Portar la motxilla\u00a0normal, ja que l\u2019activitat no ocupa tot del mat\u00ed. 2n de prim\u00e0ria: tennis\u00a0 Portar [&hellip;]<\/p>\n","protected":false},"author":65,"featured_media":21098,"comment_status":"open","ping_status":"closed","sticky":false,"template":"","format":"standard","meta":{"_bbp_topic_count":0,"_bbp_reply_count":0,"_bbp_total_topic_count":0,"_bbp_total_reply_count":0,"_bbp_voice_count":0,"_bbp_anonymous_reply_count":0,"_bbp_topic_count_hidden":0,"_bbp_reply_count_hidden":0,"_bbp_forum_subforum_count":0,"site-sidebar-layout":"default","site-content-layout":"","ast-site-content-layout":"","site-content-style":"default","site-sidebar-style":"default","ast-global-header-display":"","ast-banner-title-visibility":"","ast-main-header-display":"","ast-hfb-above-header-display":"","ast-hfb-below-header-display":"","ast-hfb-mobile-header-display":"","site-post-title":"","ast-breadcrumbs-content":"","ast-featured-img":"","footer-sml-layout":"","theme-transparent-header-meta":"","adv-header-id-meta":"","stick-header-meta":"","header-above-stick-meta":"","header-main-stick-meta":"","header-below-stick-meta":"","astra-migrate-meta-layouts":"default","ast-page-background-enabled":"default","ast-page-background-meta":{"desktop":{"background-color":"var(--ast-global-color-4)","background-image":"","background-repeat":"repeat","background-position":"center center","background-size":"auto","background-attachment":"scroll","background-type":"","background-media":"","overlay-type":"","overlay-color":"","overlay-opacity":"","overlay-gradient":""},"tablet":{"background-color":"","background-image":"","background-repeat":"repeat","background-position":"center center","background-size":"auto","background-attachment":"scroll","background-type":"","background-media":"","overlay-type":"","overlay-color":"","overlay-opacity":"","overlay-gradient":""},"mobile":{"background-color":"","background-image":"","background-repeat":"repeat","background-position":"center center","background-size":"auto","background-attachment":"scroll","background-type":"","background-media":"","overlay-type":"","overlay-color":"","overlay-opacity":"","overlay-gradient":""}},"ast-content-background-meta":{"desktop":{"background-color":"var(--ast-global-color-5)","background-image":"","background-repeat":"repeat","background-position":"center center","background-size":"auto","background-attachment":"scroll","background-type":"","background-media":"","overlay-type":"","overlay-color":"","overlay-opacity":"","overlay-gradient":""},"tablet":{"background-color":"var(--ast-global-color-5)","background-image":"","background-repeat":"repeat","background-position":"center center","background-size":"auto","background-attachment":"scroll","background-type":"","background-media":"","overlay-type":"","overlay-color":"","overlay-opacity":"","overlay-gradient":""},"mobile":{"background-color":"var(--ast-global-color-5)","background-image":"","background-repeat":"repeat","background-position":"center center","background-size":"auto","background-attachment":"scroll","background-type":"","background-media":"","overlay-type":"","overlay-color":"","overlay-opacity":"","overlay-gradient":""}},"footnotes":""},"categories":[1,4,886],"tags":[565,942],"class_list":["post-21097","post","type-post","status-publish","format-standard","has-post-thumbnail","hentry","category-general","category-portada","category-safs","tag-safs","tag-setmana-activitat-fisica-i-la-salut"],"post_mailing_queue_ids":[],"_links":{"self":[{"href":"https:\/\/agora.xtec.cat\/ceip-lesferreries-palafolls\/wp-json\/wp\/v2\/posts\/21097","targetHints":{"allow":["GET"]}}],"collection":[{"href":"https:\/\/agora.xtec.cat\/ceip-lesferreries-palafolls\/wp-json\/wp\/v2\/posts"}],"about":[{"href":"https:\/\/agora.xtec.cat\/ceip-lesferreries-palafolls\/wp-json\/wp\/v2\/types\/post"}],"author":[{"embeddable":true,"href":"https:\/\/agora.xtec.cat\/ceip-lesferreries-palafolls\/wp-json\/wp\/v2\/users\/65"}],"replies":[{"embeddable":true,"href":"https:\/\/agora.xtec.cat\/ceip-lesferreries-palafolls\/wp-json\/wp\/v2\/comments?post=21097"}],"version-history":[{"count":1,"href":"https:\/\/agora.xtec.cat\/ceip-lesferreries-palafolls\/wp-json\/wp\/v2\/posts\/21097\/revisions"}],"predecessor-version":[{"id":21099,"href":"https:\/\/agora.xtec.cat\/ceip-lesferreries-palafolls\/wp-json\/wp\/v2\/posts\/21097\/revisions\/21099"}],"wp:featuredmedia":[{"embeddable":true,"href":"https:\/\/agora.xtec.cat\/ceip-lesferreries-palafolls\/wp-json\/wp\/v2\/media\/21098"}],"wp:attachment":[{"href":"https:\/\/agora.xtec.cat\/ceip-lesferreries-palafolls\/wp-json\/wp\/v2\/media?parent=21097"}],"wp:term":[{"taxonomy":"category","embeddable":true,"href":"https:\/\/agora.xtec.cat\/ceip-lesferreries-palafolls\/wp-json\/wp\/v2\/categories?post=21097"},{"taxonomy":"post_tag","embeddable":true,"href":"https:\/\/agora.xtec.cat\/ceip-lesferreries-palafolls\/wp-json\/wp\/v2\/tags?post=21097"}],"curies":[{"name":"wp","href":"https:\/\/api.w.org\/{rel}","templated":true}]}}