{"id":21092,"date":"2022-06-14T17:00:58","date_gmt":"2022-06-14T15:00:58","guid":{"rendered":"https:\/\/agora.xtec.cat\/ceip-lesferreries-palafolls\/?p=21092"},"modified":"2022-06-14T14:48:43","modified_gmt":"2022-06-14T12:48:43","slug":"dimarts-14-de-juny-safs","status":"publish","type":"post","link":"https:\/\/agora.xtec.cat\/ceip-lesferreries-palafolls\/general\/dimarts-14-de-juny-safs\/","title":{"rendered":"Dimarts 14 de Juny SAFS"},"content":{"rendered":"<p><strong>Activitats i material programades per dem\u00e0 dimecres 15 de juny:<\/strong><\/p>\n<ul>\n<li><strong>Infantil i 1r i 2n de prim\u00e0ria: ATENCI\u00d3 CANVI D&#8217;ACTIVITAT: <\/strong>Enlloc de ioga, l&#8217;alumnat realitzar\u00e0 un taller de Muay Thai \ud83c\uddf9\ud83c\udded.<\/li>\n<\/ul>\n<p>Portar la motxilla \ud83c\udf92normal, ja que l\u2019activitat no ocupa tot del mat\u00ed.<\/p>\n<ul>\n<li><strong>3r i 4t de prim\u00e0ria<\/strong>: breakout en el camp de futbol \u26bd\ufe0f.<\/li>\n<\/ul>\n<p>Banyador \ud83e\ude71 i crema solar \ud83e\uddf4posats de casa \ud83c\udfe0, cal\u00e7at lligat al peu que es pugui mullar.<\/p>\n<p><span class=\"Apple-converted-space\">\u00a0Motxilla \ud83c\udf92: tovallola, muda i cal\u00e7at de recanvi, bossa de pl\u00e0stic (per guardar la roba i el cal\u00e7at mullat), esmorzar, aigua i gorra \ud83e\udde2.<\/span><\/p>\n<ul>\n<li><strong>5\u00e8 de prim\u00e0ria<\/strong>: Acte de cloenda de l&#8217;educaci\u00f3 vi\u00e0ria a c\u00e0rrec de la Policia Local de Palafolls.<\/li>\n<\/ul>\n<p>Bicicleta\u00a0 o patinet (segons l&#8217;opci\u00f3 escollida pel nostre alumnat) i casc d&#8217;\u00fas obligatori.<\/p>\n<p>Banyador \ud83e\ude71 i crema solar \ud83e\uddf4posats de casa \ud83c\udfe0, cal\u00e7at lligat al peu que es pugui mullar.<\/p>\n<p><span class=\"Apple-converted-space\">\u00a0Motxilla \ud83c\udf92: tovallola, muda i cal\u00e7at de recanvi, bossa de pl\u00e0stic (per gzuardar la roba i el cal\u00e7at mullat), esmorzar, aigua i gorra \ud83e\udde2.<\/span><\/p>\n<ul>\n<li><strong>6\u00e8 de prim\u00e0ria<\/strong>: futbol sala \u26bd\ufe0f<\/li>\n<\/ul>\n<p>Crema solar \ud83e\uddf4 posada de casa \ud83c\udfe0. Roba i cal\u00e7at esportiu \ud83d\udc5fadequat per l\u2019activitat<\/p>\n<p>Portar la motxilla \ud83c\udf92normal, ja que l\u2019activitat no ocupa tot del mat\u00ed.<\/p>\n<p>Les activitats que hem realitzat avui:<\/p>\n<p><strong>Infantil<\/strong>: taller esmorzar saludable\u00a0\ud83e\udd63.<\/p>\n<p><strong>1r i 2n de prim\u00e0ria<\/strong>: jocs en el camp de futbol\u00a0\u26bd\ufe0f.<\/p>\n<p><strong>3r i 4t de prim\u00e0ria<\/strong>: ioga\u00a0\ud83e\uddd8\u200d\u2640\ufe0f\u00a0i b\u00e0squet\u00a0\ud83c\udfc0\u00a0i\u00a0<strong>4t B<\/strong>\u00a0taller alimentaci\u00f3 saludable\u00a0\ud83e\udd63.<\/p>\n<p><strong>5\u00e8 de prim\u00e0ria<\/strong>: Ioga\u00a0\ud83e\uddd8\u200d\u2640\ufe0fi 5\u00e8A taller alimentaci\u00f3 saludable\u00a0\ud83e\udd63<\/p>\n<p><strong>6\u00e8 de prim\u00e0ria<\/strong>:\u00a0ioga\u00a0\ud83e\uddd8\u200d\u2640\ufe0f\u00a0i b\u00e0squet\u00a0\ud83c\udfc0<\/p>\n<p><a href=\"https:\/\/photos.app.goo.gl\/3yQrbbpQgEs5Qbmz9\" target=\"_blank\" rel=\"noopener\">Fotos SAFS Dimarts 14 de juny<\/a><\/p>\n<p>Moltes gr\u00e0cies a les entitats i persones col\u00b7laboradores que venen a impartir activitats a la nostra escola.<\/p>\n","protected":false},"excerpt":{"rendered":"<p>Activitats i material programades per dem\u00e0 dimecres 15 de juny: Infantil i 1r i 2n de prim\u00e0ria: ATENCI\u00d3 CANVI D&#8217;ACTIVITAT: Enlloc de ioga, l&#8217;alumnat realitzar\u00e0 un taller de Muay Thai \ud83c\uddf9\ud83c\udded. Portar la motxilla \ud83c\udf92normal, ja que l\u2019activitat no ocupa tot del mat\u00ed. 3r i 4t de prim\u00e0ria: breakout en el camp de futbol \u26bd\ufe0f. [&hellip;]<\/p>\n","protected":false},"author":65,"featured_media":21095,"comment_status":"open","ping_status":"closed","sticky":false,"template":"","format":"standard","meta":{"_bbp_topic_count":0,"_bbp_reply_count":0,"_bbp_total_topic_count":0,"_bbp_total_reply_count":0,"_bbp_voice_count":0,"_bbp_anonymous_reply_count":0,"_bbp_topic_count_hidden":0,"_bbp_reply_count_hidden":0,"_bbp_forum_subforum_count":0,"site-sidebar-layout":"default","site-content-layout":"","ast-site-content-layout":"","site-content-style":"default","site-sidebar-style":"default","ast-global-header-display":"","ast-banner-title-visibility":"","ast-main-header-display":"","ast-hfb-above-header-display":"","ast-hfb-below-header-display":"","ast-hfb-mobile-header-display":"","site-post-title":"","ast-breadcrumbs-content":"","ast-featured-img":"","footer-sml-layout":"","theme-transparent-header-meta":"","adv-header-id-meta":"","stick-header-meta":"","header-above-stick-meta":"","header-main-stick-meta":"","header-below-stick-meta":"","astra-migrate-meta-layouts":"default","ast-page-background-enabled":"default","ast-page-background-meta":{"desktop":{"background-color":"var(--ast-global-color-4)","background-image":"","background-repeat":"repeat","background-position":"center center","background-size":"auto","background-attachment":"scroll","background-type":"","background-media":"","overlay-type":"","overlay-color":"","overlay-opacity":"","overlay-gradient":""},"tablet":{"background-color":"","background-image":"","background-repeat":"repeat","background-position":"center center","background-size":"auto","background-attachment":"scroll","background-type":"","background-media":"","overlay-type":"","overlay-color":"","overlay-opacity":"","overlay-gradient":""},"mobile":{"background-color":"","background-image":"","background-repeat":"repeat","background-position":"center center","background-size":"auto","background-attachment":"scroll","background-type":"","background-media":"","overlay-type":"","overlay-color":"","overlay-opacity":"","overlay-gradient":""}},"ast-content-background-meta":{"desktop":{"background-color":"var(--ast-global-color-5)","background-image":"","background-repeat":"repeat","background-position":"center center","background-size":"auto","background-attachment":"scroll","background-type":"","background-media":"","overlay-type":"","overlay-color":"","overlay-opacity":"","overlay-gradient":""},"tablet":{"background-color":"var(--ast-global-color-5)","background-image":"","background-repeat":"repeat","background-position":"center center","background-size":"auto","background-attachment":"scroll","background-type":"","background-media":"","overlay-type":"","overlay-color":"","overlay-opacity":"","overlay-gradient":""},"mobile":{"background-color":"var(--ast-global-color-5)","background-image":"","background-repeat":"repeat","background-position":"center center","background-size":"auto","background-attachment":"scroll","background-type":"","background-media":"","overlay-type":"","overlay-color":"","overlay-opacity":"","overlay-gradient":""}},"footnotes":""},"categories":[54,1,4,886],"tags":[565,942],"class_list":["post-21092","post","type-post","status-publish","format-standard","has-post-thumbnail","hentry","category-educacio-fisica","category-general","category-portada","category-safs","tag-safs","tag-setmana-activitat-fisica-i-la-salut"],"post_mailing_queue_ids":[],"_links":{"self":[{"href":"https:\/\/agora.xtec.cat\/ceip-lesferreries-palafolls\/wp-json\/wp\/v2\/posts\/21092","targetHints":{"allow":["GET"]}}],"collection":[{"href":"https:\/\/agora.xtec.cat\/ceip-lesferreries-palafolls\/wp-json\/wp\/v2\/posts"}],"about":[{"href":"https:\/\/agora.xtec.cat\/ceip-lesferreries-palafolls\/wp-json\/wp\/v2\/types\/post"}],"author":[{"embeddable":true,"href":"https:\/\/agora.xtec.cat\/ceip-lesferreries-palafolls\/wp-json\/wp\/v2\/users\/65"}],"replies":[{"embeddable":true,"href":"https:\/\/agora.xtec.cat\/ceip-lesferreries-palafolls\/wp-json\/wp\/v2\/comments?post=21092"}],"version-history":[{"count":3,"href":"https:\/\/agora.xtec.cat\/ceip-lesferreries-palafolls\/wp-json\/wp\/v2\/posts\/21092\/revisions"}],"predecessor-version":[{"id":21096,"href":"https:\/\/agora.xtec.cat\/ceip-lesferreries-palafolls\/wp-json\/wp\/v2\/posts\/21092\/revisions\/21096"}],"wp:featuredmedia":[{"embeddable":true,"href":"https:\/\/agora.xtec.cat\/ceip-lesferreries-palafolls\/wp-json\/wp\/v2\/media\/21095"}],"wp:attachment":[{"href":"https:\/\/agora.xtec.cat\/ceip-lesferreries-palafolls\/wp-json\/wp\/v2\/media?parent=21092"}],"wp:term":[{"taxonomy":"category","embeddable":true,"href":"https:\/\/agora.xtec.cat\/ceip-lesferreries-palafolls\/wp-json\/wp\/v2\/categories?post=21092"},{"taxonomy":"post_tag","embeddable":true,"href":"https:\/\/agora.xtec.cat\/ceip-lesferreries-palafolls\/wp-json\/wp\/v2\/tags?post=21092"}],"curies":[{"name":"wp","href":"https:\/\/api.w.org\/{rel}","templated":true}]}}