{"id":21045,"date":"2022-05-30T10:11:12","date_gmt":"2022-05-30T08:11:12","guid":{"rendered":"https:\/\/agora.xtec.cat\/ceip-lesferreries-palafolls\/?p=21045"},"modified":"2023-01-12T10:45:52","modified_gmt":"2023-01-12T09:45:52","slug":"fira-primavera","status":"publish","type":"post","link":"https:\/\/agora.xtec.cat\/ceip-lesferreries-palafolls\/general\/fira-primavera\/","title":{"rendered":"FIRA PRIMAVERA"},"content":{"rendered":"<p>Els dies 9 i 10 de maig l&#8217;alumnat de Prim\u00e0ria de l\u2019escola, varen realitzar els tallers de les manualitats, les quals es van vendre el dijous 26 de maig a la fira de primavera. Els diners recaptats seran destinats a fins solidaris i a l&#8217;Hospital Sant Joan de D\u00e9u.<\/p>\n<p>Moltes gr\u00e0cies per la vostra col\u00b7laboraci\u00f3 la recaptaci\u00f3 ha sigut de 913\u20ac per l\u2019hospital Sant Joan de D\u00e9u amb les polseres Candela i 1325\u20ac per a fins solidaris per mitj\u00e0 de les manualitats i dels pastissos que varen fer les fam\u00edlies d&#8217;educaci\u00f3 infantil, moltes gr\u00e0cies per la vostra col\u00b7laboraci\u00f3.<\/p>\n<p>Tamb\u00e9 volem agrair la col\u00b7laboraci\u00f3 per part de l&#8217;Ajuntament de Palafolls i de l&#8217;AMPA de l&#8217;escola.<\/p>\n<p>En el seg\u00fcent enlla\u00e7 trobareu les fotos dels tallers, de la fira i dels cartells que l&#8217;alumnat de 3r de prim\u00e0ria varen realitzar i penjar pel poble per publicitar l&#8217;esdeveniment:<\/p>\n<p><a href=\"https:\/\/photos.app.goo.gl\/unr7EbDKo2NAW5Zq8\" target=\"_blank\" rel=\"noopener\">Tallers fira primavera<\/a><\/p>\n<p><a href=\"https:\/\/photos.app.goo.gl\/NszbkBxj4JnEkWV69\" target=\"_blank\" rel=\"noopener\">Fira primavera<\/a><\/p>\n<p><a href=\"https:\/\/drive.google.com\/drive\/folders\/1Vk3mB_GcbAHQV8pY3rk1RT3SOf0WsKCq?usp=sharing\" target=\"_blank\" rel=\"noopener\">Cartells fira Primavera 3r de prim\u00e0ria<\/a><\/p>\n<p>&nbsp;<\/p>\n","protected":false},"excerpt":{"rendered":"<p>Els dies 9 i 10 de maig l&#8217;alumnat de Prim\u00e0ria de l\u2019escola, varen realitzar els tallers de les manualitats, les quals es van vendre el dijous 26 de maig a la fira de primavera. Els diners recaptats seran destinats a fins solidaris i a l&#8217;Hospital Sant Joan de D\u00e9u. Moltes gr\u00e0cies per la vostra col\u00b7laboraci\u00f3 [&hellip;]<\/p>\n","protected":false},"author":65,"featured_media":21046,"comment_status":"open","ping_status":"closed","sticky":false,"template":"","format":"standard","meta":{"_bbp_topic_count":0,"_bbp_reply_count":0,"_bbp_total_topic_count":0,"_bbp_total_reply_count":0,"_bbp_voice_count":0,"_bbp_anonymous_reply_count":0,"_bbp_topic_count_hidden":0,"_bbp_reply_count_hidden":0,"_bbp_forum_subforum_count":0,"site-sidebar-layout":"default","site-content-layout":"","ast-site-content-layout":"","site-content-style":"default","site-sidebar-style":"default","ast-global-header-display":"","ast-banner-title-visibility":"","ast-main-header-display":"","ast-hfb-above-header-display":"","ast-hfb-below-header-display":"","ast-hfb-mobile-header-display":"","site-post-title":"","ast-breadcrumbs-content":"","ast-featured-img":"","footer-sml-layout":"","theme-transparent-header-meta":"","adv-header-id-meta":"","stick-header-meta":"","header-above-stick-meta":"","header-main-stick-meta":"","header-below-stick-meta":"","astra-migrate-meta-layouts":"default","ast-page-background-enabled":"default","ast-page-background-meta":{"desktop":{"background-color":"var(--ast-global-color-4)","background-image":"","background-repeat":"repeat","background-position":"center center","background-size":"auto","background-attachment":"scroll","background-type":"","background-media":"","overlay-type":"","overlay-color":"","overlay-opacity":"","overlay-gradient":""},"tablet":{"background-color":"","background-image":"","background-repeat":"repeat","background-position":"center center","background-size":"auto","background-attachment":"scroll","background-type":"","background-media":"","overlay-type":"","overlay-color":"","overlay-opacity":"","overlay-gradient":""},"mobile":{"background-color":"","background-image":"","background-repeat":"repeat","background-position":"center center","background-size":"auto","background-attachment":"scroll","background-type":"","background-media":"","overlay-type":"","overlay-color":"","overlay-opacity":"","overlay-gradient":""}},"ast-content-background-meta":{"desktop":{"background-color":"var(--ast-global-color-5)","background-image":"","background-repeat":"repeat","background-position":"center center","background-size":"auto","background-attachment":"scroll","background-type":"","background-media":"","overlay-type":"","overlay-color":"","overlay-opacity":"","overlay-gradient":""},"tablet":{"background-color":"var(--ast-global-color-5)","background-image":"","background-repeat":"repeat","background-position":"center center","background-size":"auto","background-attachment":"scroll","background-type":"","background-media":"","overlay-type":"","overlay-color":"","overlay-opacity":"","overlay-gradient":""},"mobile":{"background-color":"var(--ast-global-color-5)","background-image":"","background-repeat":"repeat","background-position":"center center","background-size":"auto","background-attachment":"scroll","background-type":"","background-media":"","overlay-type":"","overlay-color":"","overlay-opacity":"","overlay-gradient":""}},"footnotes":""},"categories":[324,1,4],"tags":[271],"class_list":["post-21045","post","type-post","status-publish","format-standard","has-post-thumbnail","hentry","category-escola-solidaria","category-general","category-portada","tag-fira-primavera"],"post_mailing_queue_ids":[],"_links":{"self":[{"href":"https:\/\/agora.xtec.cat\/ceip-lesferreries-palafolls\/wp-json\/wp\/v2\/posts\/21045","targetHints":{"allow":["GET"]}}],"collection":[{"href":"https:\/\/agora.xtec.cat\/ceip-lesferreries-palafolls\/wp-json\/wp\/v2\/posts"}],"about":[{"href":"https:\/\/agora.xtec.cat\/ceip-lesferreries-palafolls\/wp-json\/wp\/v2\/types\/post"}],"author":[{"embeddable":true,"href":"https:\/\/agora.xtec.cat\/ceip-lesferreries-palafolls\/wp-json\/wp\/v2\/users\/65"}],"replies":[{"embeddable":true,"href":"https:\/\/agora.xtec.cat\/ceip-lesferreries-palafolls\/wp-json\/wp\/v2\/comments?post=21045"}],"version-history":[{"count":1,"href":"https:\/\/agora.xtec.cat\/ceip-lesferreries-palafolls\/wp-json\/wp\/v2\/posts\/21045\/revisions"}],"predecessor-version":[{"id":21047,"href":"https:\/\/agora.xtec.cat\/ceip-lesferreries-palafolls\/wp-json\/wp\/v2\/posts\/21045\/revisions\/21047"}],"wp:featuredmedia":[{"embeddable":true,"href":"https:\/\/agora.xtec.cat\/ceip-lesferreries-palafolls\/wp-json\/wp\/v2\/media\/21046"}],"wp:attachment":[{"href":"https:\/\/agora.xtec.cat\/ceip-lesferreries-palafolls\/wp-json\/wp\/v2\/media?parent=21045"}],"wp:term":[{"taxonomy":"category","embeddable":true,"href":"https:\/\/agora.xtec.cat\/ceip-lesferreries-palafolls\/wp-json\/wp\/v2\/categories?post=21045"},{"taxonomy":"post_tag","embeddable":true,"href":"https:\/\/agora.xtec.cat\/ceip-lesferreries-palafolls\/wp-json\/wp\/v2\/tags?post=21045"}],"curies":[{"name":"wp","href":"https:\/\/api.w.org\/{rel}","templated":true}]}}