{"id":20995,"date":"2022-05-14T11:04:54","date_gmt":"2022-05-14T09:04:54","guid":{"rendered":"https:\/\/agora.xtec.cat\/ceip-lesferreries-palafolls\/?p=20995"},"modified":"2025-10-21T10:23:03","modified_gmt":"2025-10-21T08:23:03","slug":"jocs-florals-escolars-de-catalunya-2022","status":"publish","type":"post","link":"https:\/\/agora.xtec.cat\/ceip-lesferreries-palafolls\/general\/jocs-florals-escolars-de-catalunya-2022\/","title":{"rendered":"JOCS FLORALS ESCOLARS DE CATALUNYA 2022"},"content":{"rendered":"<p><a href=\"https:\/\/agora.xtec.cat\/ceip-lesferreries-palafolls\/wp-content\/uploads\/usu670\/2022\/05\/jocsflorals-2.jpg\"><img loading=\"lazy\" decoding=\"async\" class=\"alignnone  wp-image-21003\" src=\"https:\/\/agora.xtec.cat\/ceip-lesferreries-palafolls\/wp-content\/uploads\/usu670\/2022\/05\/jocsflorals-2.jpg\" alt=\"\" width=\"197\" height=\"198\" srcset=\"https:\/\/agora.xtec.cat\/ceip-lesferreries-palafolls\/wp-content\/uploads\/usu670\/2022\/05\/jocsflorals-2.jpg 471w, https:\/\/agora.xtec.cat\/ceip-lesferreries-palafolls\/wp-content\/uploads\/usu670\/2022\/05\/jocsflorals-2-300x300.jpg 300w, https:\/\/agora.xtec.cat\/ceip-lesferreries-palafolls\/wp-content\/uploads\/usu670\/2022\/05\/jocsflorals-2-150x150.jpg 150w\" sizes=\"auto, (max-width: 197px) 100vw, 197px\" \/><\/a><\/p>\n<p>El Departament d\u2019Educaci\u00f3 convoca els <strong>IX Jocs Florals Escolars de Catalunya<\/strong> amb l\u2019objectiu de promoure l\u2019escriptura tant en prosa com en poesia en infants i joves de sis a divuit anys. Hi ha diferents categories de participaci\u00f3 per a Ed. Prim\u00e0ria i Ed. Secund\u00e0ria. Totes les\u00a0<b>categories de prim\u00e0ria<\/b>\u00a0s\u00f3n\u00a0<b><u>col\u00b7lectives<\/u><\/b>\u00a0i hi han de participar, com a\u00a0<b>m\u00ednim<\/b>, tres alumnes; a partir d\u2019aquest nombre, cada centre pot decidir el total d\u2019alumnes que hi participar\u00e0.<\/p>\n<p>Els\u00a0<span class=\"il\">Jocs<\/span>\u00a0<span class=\"il\">Florals<\/span>\u00a0Escolars de Catalunya s\u2019organitzen en dues fases:<\/p>\n<p dir=\"ltr\">Fase Territorial, consta de dos moments:<\/p>\n<ul>\n<li dir=\"ltr\">\n<p dir=\"ltr\" role=\"presentation\">Els Serveis Educatius realitzen la fase de preselecci\u00f3 de la qual\u00a0 surten els treballs que es presentaran a la semifinal.<\/p>\n<\/li>\n<li dir=\"ltr\">\n<p dir=\"ltr\" role=\"presentation\">El veredicte de la f<strong>ase Territorial dels\u00a0IX\u00a0<span class=\"il\">Jocs<\/span>\u00a0<span class=\"il\">Florals<\/span><\/strong>, que s&#8217;espera fer-lo p\u00fablic en un format presencial, si les circumst\u00e0ncies ho permeten. Els treballs premiats passaran a participar en\u00a0 la Fase Nacional.<\/p>\n<\/li>\n<\/ul>\n<p>La nostra escola ha participat en la categoria A1 (de 6 a 8 anys) amb el conte col\u00b7lectiu\u00a0 &#8220;LES AVENTURES M\u00c0GIQUES&#8221; escrit pels alumnes de segon de prim\u00e0ria. Aquest conte s&#8217;ha anat escrivint per grups de les tres classes de l&#8217;escola.<\/p>\n<p>La setmana passada vam rebre la not\u00edcia que hav\u00edem quedat seleccionats a la fase territorial i amb un representant de cada curs hav\u00edem d&#8217;anar a l&#8217;acte de lliurament de premis i saber si hav\u00edem estat seleccionats per passar a la fase nacional.<\/p>\n<p>Aix\u00ed el dijous 12 de maig vam anar a Matar\u00f3 a l&#8217;acte de lliurament de premis, no vam passar a la fase nacional, per\u00f2 estem molt contents d&#8217;haver quedat finalistes a la <strong>Fase Territorial<\/strong>!!<\/p>\n<p>Felicitar a tot l&#8217;alumnat de segon de prim\u00e0ria perqu\u00e8 continu\u00efn\u00a0 escrivint i arribar a ser grans escriptors!!<\/p>\n<p><a href=\"https:\/\/agora.xtec.cat\/ceip-lesferreries-palafolls\/wp-content\/uploads\/usu670\/2022\/05\/IMG-20220512-WA0016.jpg\"><img loading=\"lazy\" decoding=\"async\" class=\"alignnone size-large wp-image-20998\" src=\"https:\/\/agora.xtec.cat\/ceip-lesferreries-palafolls\/wp-content\/uploads\/usu670\/2022\/05\/IMG-20220512-WA0016-1024x577.jpg\" alt=\"\" width=\"1024\" height=\"577\" srcset=\"https:\/\/agora.xtec.cat\/ceip-lesferreries-palafolls\/wp-content\/uploads\/usu670\/2022\/05\/IMG-20220512-WA0016-1024x577.jpg 1024w, https:\/\/agora.xtec.cat\/ceip-lesferreries-palafolls\/wp-content\/uploads\/usu670\/2022\/05\/IMG-20220512-WA0016-300x169.jpg 300w, https:\/\/agora.xtec.cat\/ceip-lesferreries-palafolls\/wp-content\/uploads\/usu670\/2022\/05\/IMG-20220512-WA0016-768x433.jpg 768w, https:\/\/agora.xtec.cat\/ceip-lesferreries-palafolls\/wp-content\/uploads\/usu670\/2022\/05\/IMG-20220512-WA0016-1536x866.jpg 1536w, https:\/\/agora.xtec.cat\/ceip-lesferreries-palafolls\/wp-content\/uploads\/usu670\/2022\/05\/IMG-20220512-WA0016.jpg 2048w\" sizes=\"auto, (max-width: 1024px) 100vw, 1024px\" \/><\/a><\/p>\n<p><a href=\"https:\/\/agora.xtec.cat\/ceip-lesferreries-palafolls\/wp-content\/uploads\/usu670\/2022\/05\/IMG-20220512-WA0012.jpg\"><img loading=\"lazy\" decoding=\"async\" class=\"alignnone wp-image-21001 size-large\" src=\"https:\/\/agora.xtec.cat\/ceip-lesferreries-palafolls\/wp-content\/uploads\/usu670\/2022\/05\/IMG-20220512-WA0012-e1652518729237-926x1024.jpg\" alt=\"\" width=\"926\" height=\"1024\" srcset=\"https:\/\/agora.xtec.cat\/ceip-lesferreries-palafolls\/wp-content\/uploads\/usu670\/2022\/05\/IMG-20220512-WA0012-e1652518729237-926x1024.jpg 926w, https:\/\/agora.xtec.cat\/ceip-lesferreries-palafolls\/wp-content\/uploads\/usu670\/2022\/05\/IMG-20220512-WA0012-e1652518729237-271x300.jpg 271w, https:\/\/agora.xtec.cat\/ceip-lesferreries-palafolls\/wp-content\/uploads\/usu670\/2022\/05\/IMG-20220512-WA0012-e1652518729237-768x849.jpg 768w, https:\/\/agora.xtec.cat\/ceip-lesferreries-palafolls\/wp-content\/uploads\/usu670\/2022\/05\/IMG-20220512-WA0012-e1652518729237.jpg 1231w\" sizes=\"auto, (max-width: 926px) 100vw, 926px\" \/><\/a><\/p>\n<p><a href=\"https:\/\/agora.xtec.cat\/ceip-lesferreries-palafolls\/wp-content\/uploads\/usu670\/2022\/05\/IMG-20220512-WA0022.jpg\"><img loading=\"lazy\" decoding=\"async\" class=\"alignnone size-large wp-image-20997\" src=\"https:\/\/agora.xtec.cat\/ceip-lesferreries-palafolls\/wp-content\/uploads\/usu670\/2022\/05\/IMG-20220512-WA0022.jpg\" alt=\"\" width=\"1024\" height=\"768\" srcset=\"https:\/\/agora.xtec.cat\/ceip-lesferreries-palafolls\/wp-content\/uploads\/usu670\/2022\/05\/IMG-20220512-WA0022.jpg 1024w, https:\/\/agora.xtec.cat\/ceip-lesferreries-palafolls\/wp-content\/uploads\/usu670\/2022\/05\/IMG-20220512-WA0022-300x225.jpg 300w, https:\/\/agora.xtec.cat\/ceip-lesferreries-palafolls\/wp-content\/uploads\/usu670\/2022\/05\/IMG-20220512-WA0022-768x576.jpg 768w, https:\/\/agora.xtec.cat\/ceip-lesferreries-palafolls\/wp-content\/uploads\/usu670\/2022\/05\/IMG-20220512-WA0022-200x150.jpg 200w\" sizes=\"auto, (max-width: 1024px) 100vw, 1024px\" \/><\/a><\/p>\n<p>&nbsp;<\/p>\n<p>&nbsp;<\/p>\n","protected":false},"excerpt":{"rendered":"<p>El Departament d\u2019Educaci\u00f3 convoca els IX Jocs Florals Escolars de Catalunya amb l\u2019objectiu de promoure l\u2019escriptura tant en prosa com en poesia en infants i joves de sis a divuit anys. Hi ha diferents categories de participaci\u00f3 per a Ed. Prim\u00e0ria i Ed. Secund\u00e0ria. Totes les\u00a0categories de prim\u00e0ria\u00a0s\u00f3n\u00a0col\u00b7lectives\u00a0i hi han de participar, com a\u00a0m\u00ednim, tres [&hellip;]<\/p>\n","protected":false},"author":70,"featured_media":20996,"comment_status":"open","ping_status":"closed","sticky":false,"template":"","format":"standard","meta":{"_bbp_topic_count":0,"_bbp_reply_count":0,"_bbp_total_topic_count":0,"_bbp_total_reply_count":0,"_bbp_voice_count":0,"_bbp_anonymous_reply_count":0,"_bbp_topic_count_hidden":0,"_bbp_reply_count_hidden":0,"_bbp_forum_subforum_count":0,"site-sidebar-layout":"default","site-content-layout":"","ast-site-content-layout":"","site-content-style":"default","site-sidebar-style":"default","ast-global-header-display":"","ast-banner-title-visibility":"","ast-main-header-display":"","ast-hfb-above-header-display":"","ast-hfb-below-header-display":"","ast-hfb-mobile-header-display":"","site-post-title":"","ast-breadcrumbs-content":"","ast-featured-img":"","footer-sml-layout":"","theme-transparent-header-meta":"","adv-header-id-meta":"","stick-header-meta":"","header-above-stick-meta":"","header-main-stick-meta":"","header-below-stick-meta":"","astra-migrate-meta-layouts":"default","ast-page-background-enabled":"default","ast-page-background-meta":{"desktop":{"background-color":"var(--ast-global-color-4)","background-image":"","background-repeat":"repeat","background-position":"center center","background-size":"auto","background-attachment":"scroll","background-type":"","background-media":"","overlay-type":"","overlay-color":"","overlay-opacity":"","overlay-gradient":""},"tablet":{"background-color":"","background-image":"","background-repeat":"repeat","background-position":"center center","background-size":"auto","background-attachment":"scroll","background-type":"","background-media":"","overlay-type":"","overlay-color":"","overlay-opacity":"","overlay-gradient":""},"mobile":{"background-color":"","background-image":"","background-repeat":"repeat","background-position":"center center","background-size":"auto","background-attachment":"scroll","background-type":"","background-media":"","overlay-type":"","overlay-color":"","overlay-opacity":"","overlay-gradient":""}},"ast-content-background-meta":{"desktop":{"background-color":"var(--ast-global-color-5)","background-image":"","background-repeat":"repeat","background-position":"center center","background-size":"auto","background-attachment":"scroll","background-type":"","background-media":"","overlay-type":"","overlay-color":"","overlay-opacity":"","overlay-gradient":""},"tablet":{"background-color":"var(--ast-global-color-5)","background-image":"","background-repeat":"repeat","background-position":"center center","background-size":"auto","background-attachment":"scroll","background-type":"","background-media":"","overlay-type":"","overlay-color":"","overlay-opacity":"","overlay-gradient":""},"mobile":{"background-color":"var(--ast-global-color-5)","background-image":"","background-repeat":"repeat","background-position":"center center","background-size":"auto","background-attachment":"scroll","background-type":"","background-media":"","overlay-type":"","overlay-color":"","overlay-opacity":"","overlay-gradient":""}},"footnotes":""},"categories":[502,503,504,22,1087,1,4],"tags":[627,202],"class_list":["post-20995","post","type-post","status-publish","format-standard","has-post-thumbnail","hentry","category-gr01","category-gr02","category-gr03","category-activitats","category-cicle-superior","category-general","category-portada","tag-jocs-florals","tag-segon"],"post_mailing_queue_ids":[],"_links":{"self":[{"href":"https:\/\/agora.xtec.cat\/ceip-lesferreries-palafolls\/wp-json\/wp\/v2\/posts\/20995","targetHints":{"allow":["GET"]}}],"collection":[{"href":"https:\/\/agora.xtec.cat\/ceip-lesferreries-palafolls\/wp-json\/wp\/v2\/posts"}],"about":[{"href":"https:\/\/agora.xtec.cat\/ceip-lesferreries-palafolls\/wp-json\/wp\/v2\/types\/post"}],"author":[{"embeddable":true,"href":"https:\/\/agora.xtec.cat\/ceip-lesferreries-palafolls\/wp-json\/wp\/v2\/users\/70"}],"replies":[{"embeddable":true,"href":"https:\/\/agora.xtec.cat\/ceip-lesferreries-palafolls\/wp-json\/wp\/v2\/comments?post=20995"}],"version-history":[{"count":1,"href":"https:\/\/agora.xtec.cat\/ceip-lesferreries-palafolls\/wp-json\/wp\/v2\/posts\/20995\/revisions"}],"predecessor-version":[{"id":21004,"href":"https:\/\/agora.xtec.cat\/ceip-lesferreries-palafolls\/wp-json\/wp\/v2\/posts\/20995\/revisions\/21004"}],"wp:featuredmedia":[{"embeddable":true,"href":"https:\/\/agora.xtec.cat\/ceip-lesferreries-palafolls\/wp-json\/wp\/v2\/media\/20996"}],"wp:attachment":[{"href":"https:\/\/agora.xtec.cat\/ceip-lesferreries-palafolls\/wp-json\/wp\/v2\/media?parent=20995"}],"wp:term":[{"taxonomy":"category","embeddable":true,"href":"https:\/\/agora.xtec.cat\/ceip-lesferreries-palafolls\/wp-json\/wp\/v2\/categories?post=20995"},{"taxonomy":"post_tag","embeddable":true,"href":"https:\/\/agora.xtec.cat\/ceip-lesferreries-palafolls\/wp-json\/wp\/v2\/tags?post=20995"}],"curies":[{"name":"wp","href":"https:\/\/api.w.org\/{rel}","templated":true}]}}