{"id":20963,"date":"2022-05-09T21:29:26","date_gmt":"2022-05-09T19:29:26","guid":{"rendered":"https:\/\/agora.xtec.cat\/ceip-lesferreries-palafolls\/?p=20963"},"modified":"2025-10-21T10:22:27","modified_gmt":"2025-10-21T08:22:27","slug":"ei4-visita-la-comissaria-de-palafolls","status":"publish","type":"post","link":"https:\/\/agora.xtec.cat\/ceip-lesferreries-palafolls\/general\/ei4-visita-la-comissaria-de-palafolls\/","title":{"rendered":"EI4 VISITA LA COMISSARIA DE PALAFOLLS"},"content":{"rendered":"<p><a href=\"https:\/\/agora.xtec.cat\/ceip-lesferreries-palafolls\/wp-content\/uploads\/usu670\/2022\/05\/policialocal-scaled.jpg\"><img loading=\"lazy\" decoding=\"async\" class=\"wp-image-20964 alignnone\" src=\"https:\/\/agora.xtec.cat\/ceip-lesferreries-palafolls\/wp-content\/uploads\/usu670\/2022\/05\/policialocal-1024x633.jpg\" alt=\"\" width=\"522\" height=\"323\" srcset=\"https:\/\/agora.xtec.cat\/ceip-lesferreries-palafolls\/wp-content\/uploads\/usu670\/2022\/05\/policialocal-1024x633.jpg 1024w, https:\/\/agora.xtec.cat\/ceip-lesferreries-palafolls\/wp-content\/uploads\/usu670\/2022\/05\/policialocal-300x185.jpg 300w, https:\/\/agora.xtec.cat\/ceip-lesferreries-palafolls\/wp-content\/uploads\/usu670\/2022\/05\/policialocal-768x474.jpg 768w, https:\/\/agora.xtec.cat\/ceip-lesferreries-palafolls\/wp-content\/uploads\/usu670\/2022\/05\/policialocal-1536x949.jpg 1536w, https:\/\/agora.xtec.cat\/ceip-lesferreries-palafolls\/wp-content\/uploads\/usu670\/2022\/05\/policialocal-2048x1265.jpg 2048w\" sizes=\"auto, (max-width: 522px) 100vw, 522px\" \/><\/a><\/p>\n<p>Benvolgudes fam\u00edlies:<\/p>\n<p>Avui, les nenes i els nens de EI4 hem visitat la comissaria de la Policia Local de Palafolls.<\/p>\n<p>Acompanyats pels agents, Jaume i Jordi, hem conegut les instal\u00b7lacions de la comissaria.<\/p>\n<p>All\u00e0 ens han explicat qu\u00e8 podem fer a la comissaria, quin material guarden al magatzem, ens han ensenyat on mengen i on es canvien. Tamb\u00e9, hem pogut con\u00e8ixer millor la seva feina, quines eines utilitzen i hem comprovat com pesa una armilla de policia posada.<\/p>\n<p>Per\u00f2, sense dubte el que m\u00e9s ens ha agradat ha estat poder pujar a una de les motos el\u00e8ctriques i veure per dins un dels cotxes.<\/p>\n<p>Hem apr\u00e8s moltes coses i ens ho hem passat molt b\u00e9!<\/p>\n<p>Moltes gr\u00e0cies a la Policia Local de Palafolls.<\/p>\n<p><a href=\"https:\/\/photos.app.goo.gl\/Jx1Q4CbHfYKpDbGf7\"><span style=\"font-size: 24px\">FOTOS<\/span><\/a><\/p>\n<p>&nbsp;<\/p>\n","protected":false},"excerpt":{"rendered":"<p>Benvolgudes fam\u00edlies: Avui, les nenes i els nens de EI4 hem visitat la comissaria de la Policia Local de Palafolls. Acompanyats pels agents, Jaume i Jordi, hem conegut les instal\u00b7lacions de la comissaria. All\u00e0 ens han explicat qu\u00e8 podem fer a la comissaria, quin material guarden al magatzem, ens han ensenyat on mengen i on [&hellip;]<\/p>\n","protected":false},"author":115,"featured_media":0,"comment_status":"closed","ping_status":"closed","sticky":false,"template":"","format":"standard","meta":{"_bbp_topic_count":0,"_bbp_reply_count":0,"_bbp_total_topic_count":0,"_bbp_total_reply_count":0,"_bbp_voice_count":0,"_bbp_anonymous_reply_count":0,"_bbp_topic_count_hidden":0,"_bbp_reply_count_hidden":0,"_bbp_forum_subforum_count":0,"site-sidebar-layout":"default","site-content-layout":"","ast-site-content-layout":"","site-content-style":"default","site-sidebar-style":"default","ast-global-header-display":"","ast-banner-title-visibility":"","ast-main-header-display":"","ast-hfb-above-header-display":"","ast-hfb-below-header-display":"","ast-hfb-mobile-header-display":"","site-post-title":"","ast-breadcrumbs-content":"","ast-featured-img":"","footer-sml-layout":"","theme-transparent-header-meta":"","adv-header-id-meta":"","stick-header-meta":"","header-above-stick-meta":"","header-main-stick-meta":"","header-below-stick-meta":"","astra-migrate-meta-layouts":"default","ast-page-background-enabled":"default","ast-page-background-meta":{"desktop":{"background-color":"var(--ast-global-color-4)","background-image":"","background-repeat":"repeat","background-position":"center center","background-size":"auto","background-attachment":"scroll","background-type":"","background-media":"","overlay-type":"","overlay-color":"","overlay-opacity":"","overlay-gradient":""},"tablet":{"background-color":"","background-image":"","background-repeat":"repeat","background-position":"center center","background-size":"auto","background-attachment":"scroll","background-type":"","background-media":"","overlay-type":"","overlay-color":"","overlay-opacity":"","overlay-gradient":""},"mobile":{"background-color":"","background-image":"","background-repeat":"repeat","background-position":"center center","background-size":"auto","background-attachment":"scroll","background-type":"","background-media":"","overlay-type":"","overlay-color":"","overlay-opacity":"","overlay-gradient":""}},"ast-content-background-meta":{"desktop":{"background-color":"var(--ast-global-color-5)","background-image":"","background-repeat":"repeat","background-position":"center center","background-size":"auto","background-attachment":"scroll","background-type":"","background-media":"","overlay-type":"","overlay-color":"","overlay-opacity":"","overlay-gradient":""},"tablet":{"background-color":"var(--ast-global-color-5)","background-image":"","background-repeat":"repeat","background-position":"center center","background-size":"auto","background-attachment":"scroll","background-type":"","background-media":"","overlay-type":"","overlay-color":"","overlay-opacity":"","overlay-gradient":""},"mobile":{"background-color":"var(--ast-global-color-5)","background-image":"","background-repeat":"repeat","background-position":"center center","background-size":"auto","background-attachment":"scroll","background-type":"","background-media":"","overlay-type":"","overlay-color":"","overlay-opacity":"","overlay-gradient":""}},"footnotes":""},"categories":[782,783,1086,33,36,1,4,44],"tags":[],"class_list":["post-20963","post","type-post","status-publish","format-standard","hentry","category-gr20a","category-gr20b","category-cicle-mitja","category-educacio-infantil","category-galeria","category-general","category-portada","category-sortides"],"post_mailing_queue_ids":[],"_links":{"self":[{"href":"https:\/\/agora.xtec.cat\/ceip-lesferreries-palafolls\/wp-json\/wp\/v2\/posts\/20963","targetHints":{"allow":["GET"]}}],"collection":[{"href":"https:\/\/agora.xtec.cat\/ceip-lesferreries-palafolls\/wp-json\/wp\/v2\/posts"}],"about":[{"href":"https:\/\/agora.xtec.cat\/ceip-lesferreries-palafolls\/wp-json\/wp\/v2\/types\/post"}],"author":[{"embeddable":true,"href":"https:\/\/agora.xtec.cat\/ceip-lesferreries-palafolls\/wp-json\/wp\/v2\/users\/115"}],"replies":[{"embeddable":true,"href":"https:\/\/agora.xtec.cat\/ceip-lesferreries-palafolls\/wp-json\/wp\/v2\/comments?post=20963"}],"version-history":[{"count":3,"href":"https:\/\/agora.xtec.cat\/ceip-lesferreries-palafolls\/wp-json\/wp\/v2\/posts\/20963\/revisions"}],"predecessor-version":[{"id":20970,"href":"https:\/\/agora.xtec.cat\/ceip-lesferreries-palafolls\/wp-json\/wp\/v2\/posts\/20963\/revisions\/20970"}],"wp:attachment":[{"href":"https:\/\/agora.xtec.cat\/ceip-lesferreries-palafolls\/wp-json\/wp\/v2\/media?parent=20963"}],"wp:term":[{"taxonomy":"category","embeddable":true,"href":"https:\/\/agora.xtec.cat\/ceip-lesferreries-palafolls\/wp-json\/wp\/v2\/categories?post=20963"},{"taxonomy":"post_tag","embeddable":true,"href":"https:\/\/agora.xtec.cat\/ceip-lesferreries-palafolls\/wp-json\/wp\/v2\/tags?post=20963"}],"curies":[{"name":"wp","href":"https:\/\/api.w.org\/{rel}","templated":true}]}}