{"id":20918,"date":"2022-05-03T09:25:59","date_gmt":"2022-05-03T07:25:59","guid":{"rendered":"https:\/\/agora.xtec.cat\/ceip-lesferreries-palafolls\/?p=20918"},"modified":"2025-10-21T10:22:06","modified_gmt":"2025-10-21T08:22:06","slug":"els-indis-i-les-aus-necessiten-plomes","status":"publish","type":"post","link":"https:\/\/agora.xtec.cat\/ceip-lesferreries-palafolls\/general\/els-indis-i-les-aus-necessiten-plomes\/","title":{"rendered":"ELS INDIS I LES AUS NECESSITEN PLOMES!!!"},"content":{"rendered":"<p>Fam\u00edlies, nenes i nens,<\/p>\n<p>Per a tots\/es aquells\/es que llegireu aquest article, voldr\u00edem explica<span style=\"font-family: inherit; font-size: 1em;\">r-vos que els alu<\/span><img loading=\"lazy\" decoding=\"async\" class=\"alignright\" src=\"https:\/\/agora.xtec.cat\/iecamboverges\/wp-content\/uploads\/usu1863\/2022\/02\/2022_hi_participem_petit-noulogo.png\" alt=\"Concurs El gust per la lectura 2022 | Institut Escola Francesc Camb\u00f3 i Batlle\" width=\"155\" height=\"155\" \/><span style=\"font-family: inherit; font-size: 1em;\">mnes i la tutora de la classe de 1r-B hem decidit participar en el 27\u00e8 concurs el gust per la lectura, d&#8217;aqu\u00ed l&#8217;edici\u00f3 d&#8217;aquest article al blog de la nostra escola, el vol\u00edem compartir amb tots vosaltres.<\/span><\/p>\n<p>Ser\u00e0 el primer certament que ens presentem fora de l&#8217;escola, per\u00f2 el que hem apr\u00e8s \u00e9s que no hi ha concurs sense participants i com que nosaltres som molt valents i treballadors, hi volem participar!!!<\/p>\n<p>Continueu llegint i podreu gaudir de la gran aventura viscuda al llarg del mes d&#8217;abril.<\/p>\n<p><span style=\"text-decoration: underline;\"><strong>ELS INDIS I LES AUS NECESSITEN PLOMES<\/strong><\/span><\/p>\n<p>Una vegada la mestra ens va dir: per viatjar lluny, no hi ha millor nau que un llibre! I aix\u00f2 \u00e9s el que he<\/p>\n<p><img loading=\"lazy\" decoding=\"async\" class=\"alignright\" src=\"https:\/\/animallibres.cat\/30745-thickbox_default\/qui-mha-robat-les-plomes.jpg\" alt=\"Qui m'ha robat les plomes?\" width=\"140\" height=\"221\" \/><\/p>\n<p>m fet nosaltres, viatjar fins a la cultura \u00edndia a trav\u00e9s d&#8217;aprenentatges, danses, can\u00e7ons, manualitats, tallers i milers d&#8217;activitats molt engrescadores a partir de la lectura d&#8217;un conte.<\/p>\n<p>L&#8217;aventura va comen\u00e7ar quan un bon dia vam trobar una bonica caixa plena de plomes, quin misteri!!! Dins hi havia un llibre:<em> Qui m&#8217;ha robat les plomes?<\/em> De l&#8217;escriptora Gemma Lienas.<\/p>\n<p>Despr\u00e9s de formular unes hip\u00f2tesis relacionades amb el t\u00edtol del conte, entre tots van sorgir les ganes de treballar &#8220;Els indis americans&#8221;, ja que ells tamb\u00e9 necessiten plomes i potser les havien robat ells!<\/p>\n<p>El primer que es va fer \u00e9s projectar el conte a la pissarra digital i la mestra en va fer una lectura model, ens encanta que la Raquel ens llegeixi hist\u00f2ries. &#8220;No hi ha espectacle m\u00e9s bonic que la mirada d&#8217;un nen que escolta un conte embadalit&#8221;. Sovint ens entreten\u00edem parlant de les il\u00b7lustracions que havia fet en Sebasti\u00e0 Serra, eren molt boniques i ens van ajudar a una millor comprensi\u00f3.<\/p>\n<p>Entre tots els companys vam elaborar el resum del conte. No \u00e9s f\u00e0cil per nosaltres tenir la capacitat de reduir el text, per\u00f2 amb l&#8217;ajuda de tots ho v\u00e0rem aconseguir.<\/p>\n<p>Un altre dia, vam descobrir a trav\u00e9s d&#8217;una conversa que un llibre no t\u00e9 sentit sense els seus personatges. Aix\u00ed doncs, vam recordar tots els que surten en el conte, cadasc\u00fa els va escriure en un paperet, doblegat i posat en una bosseta, ara era q\u00fcesti\u00f3 que cada nena\/a n&#8217;agaf\u00e9s un a l&#8217;atzar i aix\u00ed ten\u00edem tots els personatges repartits aleat\u00f2riament.<\/p>\n<p>Per parelles, escollides per nosaltres mateixos, era el moment de l&#8217;activitat central de tot el projecte. Amb els dos personatges que ens havien tocat calia pensar un rodol\u00ed i despr\u00e9s fer-ne el dibuix que el represent\u00e9s. D&#8217;aqu\u00ed en van sorgir uns textos molt creatius que vam voler fer gravacions de cadascun d&#8217;ells.<\/p>\n<p>Ens quedava encara una activitat molt important, conversar qu\u00e8 hav\u00edem apr\u00e8s del conte i van sorgir coses molt interessants entre els companys de classe com: no robar, no acusar els altres, no riure&#8217;s de la gent&#8230;<\/p>\n<p>Vol\u00edem que tota l&#8217;escola pogu\u00e9s veure els nostres treballs, aix\u00ed que vam preparar una exposici\u00f3 al hall del centre.<\/p>\n<p>A continuaci\u00f3 teniu els enlla\u00e7os del projecte del gust per la lectura on es recull totes les activitats executades dins el marc del treball del gust per la lectura.<\/p>\n<p><a href=\"https:\/\/drive.google.com\/file\/d\/16tsk2oFeL08aujoTzrR1ZQyiVHfhRv5j\/view?usp=sharing\">Els indis i les aus necessiten plomes: v\u00eddeo recull del projecte<\/a><\/p>\n<p><a href=\"https:\/\/drive.google.com\/drive\/folders\/14O4Nt0PihUSriEqKu8Uvau0jWExiJCGm?usp=sharing\">Els indis i les aus necessiten plomes: activitats realitzades<\/a><\/p>\n<p><span style=\"text-decoration: underline;\"><strong>ELS INDIS AMERICANS<\/strong><\/span><\/p>\n<p>Paral\u00b7lelament, com que hav\u00edem escollit investigar els indis americans, es va iniciar aquest gran projecte, on totes les \u00e0rees prepararien activitats engrescadores i motivadores.<\/p>\n<p>Un dia, vam rebre un v\u00eddeo d&#8217;una \u00edndia Sioux i el seu fill que ens convidaven a con\u00e8ixer la seva cultu<span style=\"font-family: inherit; font-size: 1em;\">ra i les seves tradicions.<\/span><\/p>\n<p><a href=\"https:\/\/drive.google.com\/file\/d\/12Y-yx7LYznbnVt_qnD_AYWkfiss_JZ-5\/view?usp=sharing\">\u00cdndia Sioux: v\u00eddeo introducci\u00f3 del projecte Els indis americans<\/a><\/p>\n<p><img loading=\"lazy\" decoding=\"async\" class=\"alignright\" src=\"https:\/\/pngimg.com\/uploads\/american_indian\/american_indian_PNG10.png\" alt=\"American indian PNG\" width=\"166\" height=\"158\" \/><\/p>\n<p>A partir d&#8217;aqu\u00ed comen\u00e7ava un viatge a un temps i lloc molt lluny\u00e0.<\/p>\n<p>V\u00e0rem fer Kahoots a compet\u00e8ncia digital, balls a m\u00fasica, una gimcana per descobrir si<\/p>\n<p>\u00e9rem uns grans indis, bits de vocabulari a castell\u00e0, mapes a medi, estad\u00edstica a matem\u00e0tiques&#8230;es va crear el rac\u00f3 dels contes indis i un dia a la biblioteca del poble ens hi esperava una \u00edndia per fer jocs d&#8217;endevinalles i explicar-nos contes, moltes manualitats relacionades amb les plomes: collarets, barrets, atrapa somnis, tipis&#8230;<\/p>\n<p>Aprofitant que arribava Sant Jordi, l&#8217;escola va organitzar un concurs literari i nosaltres ens hi vam presentar amb uns bonics dibuixos sota el t\u00edtol: Sant Jordi amb els indis americans.<\/p>\n<p><a href=\"https:\/\/drive.google.com\/drive\/folders\/1qaLP3hmW4SMJbLDSa4gUaSfF8l649AoX?usp=sharing\">Els indis americans: recull d&#8217;imatges, treballs i v\u00eddeos<\/a><\/p>\n<p>I despr\u00e9s d&#8217;un mes de treball intens, era moment de fer una reflexi\u00f3. Aqu\u00ed va ser, on ens vam adonar, que qui ens havia de dir que a partir de la lectura d&#8217;un llibre podr\u00edem adonar-nos de tot el munt de coses que hem apr\u00e8s aquest curs de primer i \u00e9s que<strong> llegint descobrim el nostre m\u00f3n, la nostra hist\u00f2ria i a nosaltres mateixos<\/strong> i aix\u00ed ens ho ha demostrat: Qui m&#8217;ha robat les plomes?<\/p>\n<p>No voldr\u00edem acabar sense donar les gr\u00e0cies als mestres especialistes per la implicaci\u00f3 en el projecte, a la nostra practicant Imma perqu\u00e8 sempre est\u00e0 disposada a donar un cop de m\u00e0 i a l&#8217;escola<em> Les Ferreries<\/em> de Palafolls per deixar-nos fer part\u00edcips en aquest concurs del Gust per la Lectura 2021-2022.<\/p>\n<p>Les i els alumnes de 1r-B i la nostra mestra la Raquel.<\/p>\n<p>T\u00cdTOL DEL TREBALL: Els indis i les aus necessiten plomes!<\/p>\n<p style=\"font-family: 'Helvetica Neue', Helvetica, Helvetica, Arial, sans-serif; font-size: 16px;\"><img decoding=\"async\" class=\"alignright\" src=\"https:\/\/serveiseducatius.xtec.cat\/altpenedes\/wp-content\/uploads\/usu763\/2020\/10\/gust-per-la-lectura-300x149.jpg\" alt=\"Programa El gust per la lectura 2020-2021 | Servei Educatiu de l'Alt Pened\u00e8s\" \/><\/p>\n<p>N\u00ba d&#8217;inscripci\u00f3:4048<\/p>\n<p><span style=\"font-family: inherit; font-size: 1em;\">Modalitat: A2<\/span><\/p>\n<p>G\u00e8nere: novel\u00b7la de detectius<\/p>\n<p>Llibre: Qui m&#8217;ha robat les plomes?<\/p>\n<p>Autora: Gemma Lienas, Il\u00b7lustraci\u00f3: Sebasti\u00e0 Serra<\/p>\n<p><span style=\"font-family: inherit; font-size: 1em;\">Presentaci\u00f3 del treball realitzat: <\/span><a style=\"font-family: inherit; font-size: 1em;\" href=\"https:\/\/drive.google.com\/drive\/folders\/1_uCHUsf6HnPQ5gqNJZn3ajuxeFgpyZYy?usp=sharing\">Els indis i les aus necessiten plomes<\/a><\/p>\n","protected":false},"excerpt":{"rendered":"<p>Fam\u00edlies, nenes i nens, Per a tots\/es aquells\/es que llegireu aquest article, voldr\u00edem explicar-vos que els alumnes i la tutora de la classe de 1r-B hem decidit participar en el 27\u00e8 concurs el gust per la lectura, d&#8217;aqu\u00ed l&#8217;edici\u00f3 d&#8217;aquest article al blog de la nostra escola, el vol\u00edem compartir amb tots vosaltres. Ser\u00e0 el [&hellip;]<\/p>\n","protected":false},"author":83,"featured_media":20919,"comment_status":"open","ping_status":"closed","sticky":false,"template":"","format":"standard","meta":{"_bbp_topic_count":0,"_bbp_reply_count":0,"_bbp_total_topic_count":0,"_bbp_total_reply_count":0,"_bbp_voice_count":0,"_bbp_anonymous_reply_count":0,"_bbp_topic_count_hidden":0,"_bbp_reply_count_hidden":0,"_bbp_forum_subforum_count":0,"site-sidebar-layout":"default","site-content-layout":"","ast-site-content-layout":"","site-content-style":"default","site-sidebar-style":"default","ast-global-header-display":"","ast-banner-title-visibility":"","ast-main-header-display":"","ast-hfb-above-header-display":"","ast-hfb-below-header-display":"","ast-hfb-mobile-header-display":"","site-post-title":"","ast-breadcrumbs-content":"","ast-featured-img":"","footer-sml-layout":"","theme-transparent-header-meta":"","adv-header-id-meta":"","stick-header-meta":"","header-above-stick-meta":"","header-main-stick-meta":"","header-below-stick-meta":"","astra-migrate-meta-layouts":"default","ast-page-background-enabled":"default","ast-page-background-meta":{"desktop":{"background-color":"var(--ast-global-color-4)","background-image":"","background-repeat":"repeat","background-position":"center center","background-size":"auto","background-attachment":"scroll","background-type":"","background-media":"","overlay-type":"","overlay-color":"","overlay-opacity":"","overlay-gradient":""},"tablet":{"background-color":"","background-image":"","background-repeat":"repeat","background-position":"center center","background-size":"auto","background-attachment":"scroll","background-type":"","background-media":"","overlay-type":"","overlay-color":"","overlay-opacity":"","overlay-gradient":""},"mobile":{"background-color":"","background-image":"","background-repeat":"repeat","background-position":"center center","background-size":"auto","background-attachment":"scroll","background-type":"","background-media":"","overlay-type":"","overlay-color":"","overlay-opacity":"","overlay-gradient":""}},"ast-content-background-meta":{"desktop":{"background-color":"var(--ast-global-color-5)","background-image":"","background-repeat":"repeat","background-position":"center center","background-size":"auto","background-attachment":"scroll","background-type":"","background-media":"","overlay-type":"","overlay-color":"","overlay-opacity":"","overlay-gradient":""},"tablet":{"background-color":"var(--ast-global-color-5)","background-image":"","background-repeat":"repeat","background-position":"center center","background-size":"auto","background-attachment":"scroll","background-type":"","background-media":"","overlay-type":"","overlay-color":"","overlay-opacity":"","overlay-gradient":""},"mobile":{"background-color":"var(--ast-global-color-5)","background-image":"","background-repeat":"repeat","background-position":"center center","background-size":"auto","background-attachment":"scroll","background-type":"","background-media":"","overlay-type":"","overlay-color":"","overlay-opacity":"","overlay-gradient":""}},"footnotes":""},"categories":[572,1087,1,4],"tags":[],"class_list":["post-20918","post","type-post","status-publish","format-standard","has-post-thumbnail","hentry","category-16-27-b","category-cicle-superior","category-general","category-portada"],"post_mailing_queue_ids":[],"_links":{"self":[{"href":"https:\/\/agora.xtec.cat\/ceip-lesferreries-palafolls\/wp-json\/wp\/v2\/posts\/20918","targetHints":{"allow":["GET"]}}],"collection":[{"href":"https:\/\/agora.xtec.cat\/ceip-lesferreries-palafolls\/wp-json\/wp\/v2\/posts"}],"about":[{"href":"https:\/\/agora.xtec.cat\/ceip-lesferreries-palafolls\/wp-json\/wp\/v2\/types\/post"}],"author":[{"embeddable":true,"href":"https:\/\/agora.xtec.cat\/ceip-lesferreries-palafolls\/wp-json\/wp\/v2\/users\/83"}],"replies":[{"embeddable":true,"href":"https:\/\/agora.xtec.cat\/ceip-lesferreries-palafolls\/wp-json\/wp\/v2\/comments?post=20918"}],"version-history":[{"count":3,"href":"https:\/\/agora.xtec.cat\/ceip-lesferreries-palafolls\/wp-json\/wp\/v2\/posts\/20918\/revisions"}],"predecessor-version":[{"id":20941,"href":"https:\/\/agora.xtec.cat\/ceip-lesferreries-palafolls\/wp-json\/wp\/v2\/posts\/20918\/revisions\/20941"}],"wp:featuredmedia":[{"embeddable":true,"href":"https:\/\/agora.xtec.cat\/ceip-lesferreries-palafolls\/wp-json\/wp\/v2\/media\/20919"}],"wp:attachment":[{"href":"https:\/\/agora.xtec.cat\/ceip-lesferreries-palafolls\/wp-json\/wp\/v2\/media?parent=20918"}],"wp:term":[{"taxonomy":"category","embeddable":true,"href":"https:\/\/agora.xtec.cat\/ceip-lesferreries-palafolls\/wp-json\/wp\/v2\/categories?post=20918"},{"taxonomy":"post_tag","embeddable":true,"href":"https:\/\/agora.xtec.cat\/ceip-lesferreries-palafolls\/wp-json\/wp\/v2\/tags?post=20918"}],"curies":[{"name":"wp","href":"https:\/\/api.w.org\/{rel}","templated":true}]}}