{"id":20901,"date":"2022-04-27T08:17:51","date_gmt":"2022-04-27T06:17:51","guid":{"rendered":"https:\/\/agora.xtec.cat\/ceip-lesferreries-palafolls\/?p=20901"},"modified":"2025-10-21T10:21:34","modified_gmt":"2025-10-21T08:21:34","slug":"1r-a-la-fundacio-mona","status":"publish","type":"post","link":"https:\/\/agora.xtec.cat\/ceip-lesferreries-palafolls\/portada\/1r-a-la-fundacio-mona\/","title":{"rendered":"1r a la Fundaci\u00f3 Mona!!!"},"content":{"rendered":"<p>Fam\u00edlies,<\/p>\n<p>quin dia m\u00e9s diferent que v\u00e0rem passar ahir! una excursi\u00f3 sempre \u00e9s un \u00e8xit per les nenes i nens de l&#8217;escola, per\u00f2 si a m\u00e9s, \u00e9s per poder veure animals, fer manualitats, jugar molt i que ens acompanyi un bon solet, la sortida \u00e9s genial!!<\/p>\n<p>L&#8217;autocar ens va portar fins a Riudellots de la Selva, all\u00e0 v\u00e0rem visitar la Fundaci\u00f3 Mona, un Centre de Rehabilitaci\u00f3 on es recuperen del maltractament ximpanz\u00e9s i macacos que han estat artistes de circ, de la televisi\u00f3 o fins hi tot mascotes.<\/p>\n<p>Aqu\u00ed v\u00e0rem poder veure de ben a prop en Marco, en V\u00edctor, en Bongo&#8230;.que ens van saludar amb el cap i els hi v\u00e0rem caure molt b\u00e9 perqu\u00e8 ens ho deia l&#8217;expressi\u00f3 de la seva cara! Despr\u00e9s ens van posar un v\u00eddeo on es podia veure tots els efectes negatius de l&#8217;oli de Palma i finalment una manualitat.<\/p>\n<p>Per dinar, v\u00e0rem preferir un parc del poble on hi havia tirolina, jocs i molta zona verda per jugar!!!<\/p>\n<p>Ahir est\u00e0vem cansats, per\u00f2 avui ja hem recuperat forces per poder.vos explicar tota l&#8217;aventura viscuda! Aix\u00ed que pareu atenci\u00f3 a les boniques imatges que veure-ho a continuaci\u00f3!!<\/p>\n<p>Fins aviat,<\/p>\n<p>Isabel, Raquel i Arcadi<\/p>\n<p><a href=\"https:\/\/photos.app.goo.gl\/fWgp9AQ6KbjQJLpS8\">Imatges de l&#8217;excursi\u00f3<\/a><\/p>\n","protected":false},"excerpt":{"rendered":"<p>Fam\u00edlies, quin dia m\u00e9s diferent que v\u00e0rem passar ahir! una excursi\u00f3 sempre \u00e9s un \u00e8xit per les nenes i nens de l&#8217;escola, per\u00f2 si a m\u00e9s, \u00e9s per poder veure animals, fer manualitats, jugar molt i que ens acompanyi un bon solet, la sortida \u00e9s genial!! L&#8217;autocar ens va portar fins a Riudellots de la [&hellip;]<\/p>\n","protected":false},"author":83,"featured_media":20902,"comment_status":"open","ping_status":"closed","sticky":false,"template":"","format":"standard","meta":{"_bbp_topic_count":0,"_bbp_reply_count":0,"_bbp_total_topic_count":0,"_bbp_total_reply_count":0,"_bbp_voice_count":0,"_bbp_anonymous_reply_count":0,"_bbp_topic_count_hidden":0,"_bbp_reply_count_hidden":0,"_bbp_forum_subforum_count":0,"site-sidebar-layout":"default","site-content-layout":"","ast-site-content-layout":"","site-content-style":"default","site-sidebar-style":"default","ast-global-header-display":"","ast-banner-title-visibility":"","ast-main-header-display":"","ast-hfb-above-header-display":"","ast-hfb-below-header-display":"","ast-hfb-mobile-header-display":"","site-post-title":"","ast-breadcrumbs-content":"","ast-featured-img":"","footer-sml-layout":"","theme-transparent-header-meta":"","adv-header-id-meta":"","stick-header-meta":"","header-above-stick-meta":"","header-main-stick-meta":"","header-below-stick-meta":"","astra-migrate-meta-layouts":"default","ast-page-background-enabled":"default","ast-page-background-meta":{"desktop":{"background-color":"var(--ast-global-color-4)","background-image":"","background-repeat":"repeat","background-position":"center center","background-size":"auto","background-attachment":"scroll","background-type":"","background-media":"","overlay-type":"","overlay-color":"","overlay-opacity":"","overlay-gradient":""},"tablet":{"background-color":"","background-image":"","background-repeat":"repeat","background-position":"center center","background-size":"auto","background-attachment":"scroll","background-type":"","background-media":"","overlay-type":"","overlay-color":"","overlay-opacity":"","overlay-gradient":""},"mobile":{"background-color":"","background-image":"","background-repeat":"repeat","background-position":"center center","background-size":"auto","background-attachment":"scroll","background-type":"","background-media":"","overlay-type":"","overlay-color":"","overlay-opacity":"","overlay-gradient":""}},"ast-content-background-meta":{"desktop":{"background-color":"var(--ast-global-color-5)","background-image":"","background-repeat":"repeat","background-position":"center center","background-size":"auto","background-attachment":"scroll","background-type":"","background-media":"","overlay-type":"","overlay-color":"","overlay-opacity":"","overlay-gradient":""},"tablet":{"background-color":"var(--ast-global-color-5)","background-image":"","background-repeat":"repeat","background-position":"center center","background-size":"auto","background-attachment":"scroll","background-type":"","background-media":"","overlay-type":"","overlay-color":"","overlay-opacity":"","overlay-gradient":""},"mobile":{"background-color":"var(--ast-global-color-5)","background-image":"","background-repeat":"repeat","background-position":"center center","background-size":"auto","background-attachment":"scroll","background-type":"","background-media":"","overlay-type":"","overlay-color":"","overlay-opacity":"","overlay-gradient":""}},"footnotes":""},"categories":[571,572,1087,4],"tags":[],"class_list":["post-20901","post","type-post","status-publish","format-standard","has-post-thumbnail","hentry","category-18-27-a","category-16-27-b","category-cicle-superior","category-portada"],"post_mailing_queue_ids":[],"_links":{"self":[{"href":"https:\/\/agora.xtec.cat\/ceip-lesferreries-palafolls\/wp-json\/wp\/v2\/posts\/20901","targetHints":{"allow":["GET"]}}],"collection":[{"href":"https:\/\/agora.xtec.cat\/ceip-lesferreries-palafolls\/wp-json\/wp\/v2\/posts"}],"about":[{"href":"https:\/\/agora.xtec.cat\/ceip-lesferreries-palafolls\/wp-json\/wp\/v2\/types\/post"}],"author":[{"embeddable":true,"href":"https:\/\/agora.xtec.cat\/ceip-lesferreries-palafolls\/wp-json\/wp\/v2\/users\/83"}],"replies":[{"embeddable":true,"href":"https:\/\/agora.xtec.cat\/ceip-lesferreries-palafolls\/wp-json\/wp\/v2\/comments?post=20901"}],"version-history":[{"count":1,"href":"https:\/\/agora.xtec.cat\/ceip-lesferreries-palafolls\/wp-json\/wp\/v2\/posts\/20901\/revisions"}],"predecessor-version":[{"id":20903,"href":"https:\/\/agora.xtec.cat\/ceip-lesferreries-palafolls\/wp-json\/wp\/v2\/posts\/20901\/revisions\/20903"}],"wp:featuredmedia":[{"embeddable":true,"href":"https:\/\/agora.xtec.cat\/ceip-lesferreries-palafolls\/wp-json\/wp\/v2\/media\/20902"}],"wp:attachment":[{"href":"https:\/\/agora.xtec.cat\/ceip-lesferreries-palafolls\/wp-json\/wp\/v2\/media?parent=20901"}],"wp:term":[{"taxonomy":"category","embeddable":true,"href":"https:\/\/agora.xtec.cat\/ceip-lesferreries-palafolls\/wp-json\/wp\/v2\/categories?post=20901"},{"taxonomy":"post_tag","embeddable":true,"href":"https:\/\/agora.xtec.cat\/ceip-lesferreries-palafolls\/wp-json\/wp\/v2\/tags?post=20901"}],"curies":[{"name":"wp","href":"https:\/\/api.w.org\/{rel}","templated":true}]}}