{"id":20888,"date":"2022-04-26T11:12:23","date_gmt":"2022-04-26T09:12:23","guid":{"rendered":"https:\/\/agora.xtec.cat\/ceip-lesferreries-palafolls\/?p=20888"},"modified":"2022-04-26T11:12:23","modified_gmt":"2022-04-26T09:12:23","slug":"sant-jordi-2022","status":"publish","type":"post","link":"https:\/\/agora.xtec.cat\/ceip-lesferreries-palafolls\/general\/sant-jordi-2022\/","title":{"rendered":"Sant Jordi 2022"},"content":{"rendered":"<p>Dijous amb l&#8217;obertura de l&#8217;escola a les fam\u00edlies v\u00e0rem comen\u00e7ar els actes de celebraci\u00f3 del Sant Jordi d&#8217;aquest any. Moltes gr\u00e0cies fam\u00edlies, per la vostra assist\u00e8ncia, quin goig que feia l&#8217;escola amb vosaltres i el nostre alumnat voltant per l&#8217;escola.<\/p>\n<p>La celebraci\u00f3 va continuar el divendres amb l&#8217;alumnat de 3r fent la gimcana de Sant Jordi a c\u00e0rrec del centre l\u00fadic Tastaolletes i el dilluns la varen fer els infants de 1r de prim\u00e0ria, gr\u00e0cies a la subvenci\u00f3 de l&#8217;AMPA.<\/p>\n<p>Ahir dilluns durant el mat\u00ed els nens i nenes de prim\u00e0ria varen celebrar els Jocs Florals, en el seg\u00fcent enlla\u00e7 podeu visualitzar les fotos:\u00a0<a href=\"https:\/\/photos.app.goo.gl\/TKsR5t5XiMmXUJmR7\" target=\"_blank\" rel=\"noopener\">Jocs Florals 2022<\/a><\/p>\n<p>I, a la tarda, com acte de cloenda de celebraci\u00f3 de Sant Jordi v\u00e0rem realitzar l&#8217;apadrinament lector entre grans i petits. Quina il\u00b7lusi\u00f3 ens fa recuperar aquestes activitats!!!! <a href=\"https:\/\/photos.app.goo.gl\/VqvFydLchCLS6xXs9\" target=\"_blank\" rel=\"noopener\">Fotos de l&#8217;apadrinament lector.\u00a0<\/a><\/p>\n","protected":false},"excerpt":{"rendered":"<p>Dijous amb l&#8217;obertura de l&#8217;escola a les fam\u00edlies v\u00e0rem comen\u00e7ar els actes de celebraci\u00f3 del Sant Jordi d&#8217;aquest any. Moltes gr\u00e0cies fam\u00edlies, per la vostra assist\u00e8ncia, quin goig que feia l&#8217;escola amb vosaltres i el nostre alumnat voltant per l&#8217;escola. La celebraci\u00f3 va continuar el divendres amb l&#8217;alumnat de 3r fent la gimcana de Sant [&hellip;]<\/p>\n","protected":false},"author":65,"featured_media":20890,"comment_status":"open","ping_status":"closed","sticky":false,"template":"","format":"standard","meta":{"_bbp_topic_count":0,"_bbp_reply_count":0,"_bbp_total_topic_count":0,"_bbp_total_reply_count":0,"_bbp_voice_count":0,"_bbp_anonymous_reply_count":0,"_bbp_topic_count_hidden":0,"_bbp_reply_count_hidden":0,"_bbp_forum_subforum_count":0,"site-sidebar-layout":"default","site-content-layout":"","ast-site-content-layout":"","site-content-style":"default","site-sidebar-style":"default","ast-global-header-display":"","ast-banner-title-visibility":"","ast-main-header-display":"","ast-hfb-above-header-display":"","ast-hfb-below-header-display":"","ast-hfb-mobile-header-display":"","site-post-title":"","ast-breadcrumbs-content":"","ast-featured-img":"","footer-sml-layout":"","theme-transparent-header-meta":"","adv-header-id-meta":"","stick-header-meta":"","header-above-stick-meta":"","header-main-stick-meta":"","header-below-stick-meta":"","astra-migrate-meta-layouts":"default","ast-page-background-enabled":"default","ast-page-background-meta":{"desktop":{"background-color":"var(--ast-global-color-4)","background-image":"","background-repeat":"repeat","background-position":"center center","background-size":"auto","background-attachment":"scroll","background-type":"","background-media":"","overlay-type":"","overlay-color":"","overlay-opacity":"","overlay-gradient":""},"tablet":{"background-color":"","background-image":"","background-repeat":"repeat","background-position":"center center","background-size":"auto","background-attachment":"scroll","background-type":"","background-media":"","overlay-type":"","overlay-color":"","overlay-opacity":"","overlay-gradient":""},"mobile":{"background-color":"","background-image":"","background-repeat":"repeat","background-position":"center center","background-size":"auto","background-attachment":"scroll","background-type":"","background-media":"","overlay-type":"","overlay-color":"","overlay-opacity":"","overlay-gradient":""}},"ast-content-background-meta":{"desktop":{"background-color":"var(--ast-global-color-5)","background-image":"","background-repeat":"repeat","background-position":"center center","background-size":"auto","background-attachment":"scroll","background-type":"","background-media":"","overlay-type":"","overlay-color":"","overlay-opacity":"","overlay-gradient":""},"tablet":{"background-color":"var(--ast-global-color-5)","background-image":"","background-repeat":"repeat","background-position":"center center","background-size":"auto","background-attachment":"scroll","background-type":"","background-media":"","overlay-type":"","overlay-color":"","overlay-opacity":"","overlay-gradient":""},"mobile":{"background-color":"var(--ast-global-color-5)","background-image":"","background-repeat":"repeat","background-position":"center center","background-size":"auto","background-attachment":"scroll","background-type":"","background-media":"","overlay-type":"","overlay-color":"","overlay-opacity":"","overlay-gradient":""}},"footnotes":""},"categories":[22,336,34,1,4],"tags":[465],"class_list":["post-20888","post","type-post","status-publish","format-standard","has-post-thumbnail","hentry","category-activitats","category-santjordi","category-festes-populars","category-general","category-portada","tag-sant-jordi"],"post_mailing_queue_ids":[],"_links":{"self":[{"href":"https:\/\/agora.xtec.cat\/ceip-lesferreries-palafolls\/wp-json\/wp\/v2\/posts\/20888","targetHints":{"allow":["GET"]}}],"collection":[{"href":"https:\/\/agora.xtec.cat\/ceip-lesferreries-palafolls\/wp-json\/wp\/v2\/posts"}],"about":[{"href":"https:\/\/agora.xtec.cat\/ceip-lesferreries-palafolls\/wp-json\/wp\/v2\/types\/post"}],"author":[{"embeddable":true,"href":"https:\/\/agora.xtec.cat\/ceip-lesferreries-palafolls\/wp-json\/wp\/v2\/users\/65"}],"replies":[{"embeddable":true,"href":"https:\/\/agora.xtec.cat\/ceip-lesferreries-palafolls\/wp-json\/wp\/v2\/comments?post=20888"}],"version-history":[{"count":1,"href":"https:\/\/agora.xtec.cat\/ceip-lesferreries-palafolls\/wp-json\/wp\/v2\/posts\/20888\/revisions"}],"predecessor-version":[{"id":20891,"href":"https:\/\/agora.xtec.cat\/ceip-lesferreries-palafolls\/wp-json\/wp\/v2\/posts\/20888\/revisions\/20891"}],"wp:featuredmedia":[{"embeddable":true,"href":"https:\/\/agora.xtec.cat\/ceip-lesferreries-palafolls\/wp-json\/wp\/v2\/media\/20890"}],"wp:attachment":[{"href":"https:\/\/agora.xtec.cat\/ceip-lesferreries-palafolls\/wp-json\/wp\/v2\/media?parent=20888"}],"wp:term":[{"taxonomy":"category","embeddable":true,"href":"https:\/\/agora.xtec.cat\/ceip-lesferreries-palafolls\/wp-json\/wp\/v2\/categories?post=20888"},{"taxonomy":"post_tag","embeddable":true,"href":"https:\/\/agora.xtec.cat\/ceip-lesferreries-palafolls\/wp-json\/wp\/v2\/tags?post=20888"}],"curies":[{"name":"wp","href":"https:\/\/api.w.org\/{rel}","templated":true}]}}