{"id":20873,"date":"2022-04-22T21:52:56","date_gmt":"2022-04-22T19:52:56","guid":{"rendered":"https:\/\/agora.xtec.cat\/ceip-lesferreries-palafolls\/?p=20873"},"modified":"2025-10-21T10:20:51","modified_gmt":"2025-10-21T08:20:51","slug":"excursio-al-rukimon-rucs-del-corredor","status":"publish","type":"post","link":"https:\/\/agora.xtec.cat\/ceip-lesferreries-palafolls\/general\/excursio-al-rukimon-rucs-del-corredor\/","title":{"rendered":"EXCURSI\u00d3 AL RUKIM\u00d3N-RUCS DEL CORREDOR"},"content":{"rendered":"<p><span style=\"font-size: 16px\">Bona tarda\u00a0fam\u00edlies,<\/span><\/p>\n<p><span style=\"font-size: 16px\">Avui, les nenes i els nens de EI4 hem anat d&#8217;excursi\u00f3 a Dosrius al <strong>RUKIM\u00d3N \u2013 RUCS DEL CORREDOR.<\/strong><\/span><\/p>\n<p><span style=\"font-size: 16px\">Ens hem endinsat a peu per les pastures de la reserva descobrint l\u2019h\u00e0bitat natural dels rucs i gaudint de la tranquil\u00b7litat que desprenen aquests animals.<\/span><\/p>\n<p><span style=\"font-size: 16px\">All\u00e0 hem fet l\u2019activitat, <strong><u>Guanyar un nou amic. Un ruc!<\/u><\/strong><\/span><\/p>\n<p><span style=\"font-size: 16px\">Aquesta activitat consisteix en fer petits tallers d\u2019interacci\u00f3 cont\u00ednua amb els animals.<\/span><\/p>\n<p><span style=\"font-size: 16px\">Per comen\u00e7ar, hem conegut molt b\u00e9 els rucs, per poder interaccionar de manera segura i natural. Els monitors, la Berta i en Bernat, ens han explicat com es relacionen entre ells, com i qu\u00e8 mengen, quines s\u00f3n les seves necessitats b\u00e0siques, els seus costums, els seus capricis&#8230;. Tamb\u00e9 hem jugat a imitar-los quan caminen, quan mengen, quan dormen i fins i tot quan bramen.<\/span><\/p>\n<p><span style=\"font-size: 16px\">Despr\u00e8s, per aconseguir el nostre carnet de cuidadors hem realitzat diferents tasques com raspallar, tirar del ruc anant a peu, donar-los de menjar, carregar el ruc amb llenya&#8230;<\/span><\/p>\n<p><span style=\"font-size: 16px\">Finalment, hem aconseguit el nostre carnet oficial d\u2019assistent de rucs! <\/span><span style=\"font-size: 16px\">Ho hem fet genial!<\/span><\/p>\n<p><span style=\"font-size: 16px\">Cliqueu sobre la imatge per veure qu\u00e8 b\u00e9 ens ho hem passat!<\/span><\/p>\n<p><a href=\"https:\/\/photos.app.goo.gl\/HoVvYBTcdbAHXXuF6\"><img loading=\"lazy\" decoding=\"async\" class=\"alignnone wp-image-20875\" src=\"https:\/\/agora.xtec.cat\/ceip-lesferreries-palafolls\/wp-content\/uploads\/usu670\/2022\/04\/logorucs_rukimon_taronja_petit_-_rukimon_rucs_del_corredor_2.jpg\" alt=\"\" width=\"381\" height=\"358\" srcset=\"https:\/\/agora.xtec.cat\/ceip-lesferreries-palafolls\/wp-content\/uploads\/usu670\/2022\/04\/logorucs_rukimon_taronja_petit_-_rukimon_rucs_del_corredor_2.jpg 554w, https:\/\/agora.xtec.cat\/ceip-lesferreries-palafolls\/wp-content\/uploads\/usu670\/2022\/04\/logorucs_rukimon_taronja_petit_-_rukimon_rucs_del_corredor_2-300x282.jpg 300w\" sizes=\"auto, (max-width: 381px) 100vw, 381px\" \/><\/a><\/p>\n<p><span style=\"font-size: 16px\">Les mestres tutores.<\/span><\/p>\n","protected":false},"excerpt":{"rendered":"<p>Bona tarda\u00a0fam\u00edlies, Avui, les nenes i els nens de EI4 hem anat d&#8217;excursi\u00f3 a Dosrius al RUKIM\u00d3N \u2013 RUCS DEL CORREDOR. Ens hem endinsat a peu per les pastures de la reserva descobrint l\u2019h\u00e0bitat natural dels rucs i gaudint de la tranquil\u00b7litat que desprenen aquests animals. All\u00e0 hem fet l\u2019activitat, Guanyar un nou amic. Un [&hellip;]<\/p>\n","protected":false},"author":115,"featured_media":0,"comment_status":"open","ping_status":"closed","sticky":false,"template":"","format":"standard","meta":{"_bbp_topic_count":0,"_bbp_reply_count":0,"_bbp_total_topic_count":0,"_bbp_total_reply_count":0,"_bbp_voice_count":0,"_bbp_anonymous_reply_count":0,"_bbp_topic_count_hidden":0,"_bbp_reply_count_hidden":0,"_bbp_forum_subforum_count":0,"site-sidebar-layout":"default","site-content-layout":"","ast-site-content-layout":"","site-content-style":"default","site-sidebar-style":"default","ast-global-header-display":"","ast-banner-title-visibility":"","ast-main-header-display":"","ast-hfb-above-header-display":"","ast-hfb-below-header-display":"","ast-hfb-mobile-header-display":"","site-post-title":"","ast-breadcrumbs-content":"","ast-featured-img":"","footer-sml-layout":"","theme-transparent-header-meta":"","adv-header-id-meta":"","stick-header-meta":"","header-above-stick-meta":"","header-main-stick-meta":"","header-below-stick-meta":"","astra-migrate-meta-layouts":"default","ast-page-background-enabled":"default","ast-page-background-meta":{"desktop":{"background-color":"var(--ast-global-color-4)","background-image":"","background-repeat":"repeat","background-position":"center center","background-size":"auto","background-attachment":"scroll","background-type":"","background-media":"","overlay-type":"","overlay-color":"","overlay-opacity":"","overlay-gradient":""},"tablet":{"background-color":"","background-image":"","background-repeat":"repeat","background-position":"center center","background-size":"auto","background-attachment":"scroll","background-type":"","background-media":"","overlay-type":"","overlay-color":"","overlay-opacity":"","overlay-gradient":""},"mobile":{"background-color":"","background-image":"","background-repeat":"repeat","background-position":"center center","background-size":"auto","background-attachment":"scroll","background-type":"","background-media":"","overlay-type":"","overlay-color":"","overlay-opacity":"","overlay-gradient":""}},"ast-content-background-meta":{"desktop":{"background-color":"var(--ast-global-color-5)","background-image":"","background-repeat":"repeat","background-position":"center center","background-size":"auto","background-attachment":"scroll","background-type":"","background-media":"","overlay-type":"","overlay-color":"","overlay-opacity":"","overlay-gradient":""},"tablet":{"background-color":"var(--ast-global-color-5)","background-image":"","background-repeat":"repeat","background-position":"center center","background-size":"auto","background-attachment":"scroll","background-type":"","background-media":"","overlay-type":"","overlay-color":"","overlay-opacity":"","overlay-gradient":""},"mobile":{"background-color":"var(--ast-global-color-5)","background-image":"","background-repeat":"repeat","background-position":"center center","background-size":"auto","background-attachment":"scroll","background-type":"","background-media":"","overlay-type":"","overlay-color":"","overlay-opacity":"","overlay-gradient":""}},"footnotes":""},"categories":[782,783,1086,33,36,1,4],"tags":[],"class_list":["post-20873","post","type-post","status-publish","format-standard","hentry","category-gr20a","category-gr20b","category-cicle-mitja","category-educacio-infantil","category-galeria","category-general","category-portada"],"post_mailing_queue_ids":[],"_links":{"self":[{"href":"https:\/\/agora.xtec.cat\/ceip-lesferreries-palafolls\/wp-json\/wp\/v2\/posts\/20873","targetHints":{"allow":["GET"]}}],"collection":[{"href":"https:\/\/agora.xtec.cat\/ceip-lesferreries-palafolls\/wp-json\/wp\/v2\/posts"}],"about":[{"href":"https:\/\/agora.xtec.cat\/ceip-lesferreries-palafolls\/wp-json\/wp\/v2\/types\/post"}],"author":[{"embeddable":true,"href":"https:\/\/agora.xtec.cat\/ceip-lesferreries-palafolls\/wp-json\/wp\/v2\/users\/115"}],"replies":[{"embeddable":true,"href":"https:\/\/agora.xtec.cat\/ceip-lesferreries-palafolls\/wp-json\/wp\/v2\/comments?post=20873"}],"version-history":[{"count":4,"href":"https:\/\/agora.xtec.cat\/ceip-lesferreries-palafolls\/wp-json\/wp\/v2\/posts\/20873\/revisions"}],"predecessor-version":[{"id":20882,"href":"https:\/\/agora.xtec.cat\/ceip-lesferreries-palafolls\/wp-json\/wp\/v2\/posts\/20873\/revisions\/20882"}],"wp:attachment":[{"href":"https:\/\/agora.xtec.cat\/ceip-lesferreries-palafolls\/wp-json\/wp\/v2\/media?parent=20873"}],"wp:term":[{"taxonomy":"category","embeddable":true,"href":"https:\/\/agora.xtec.cat\/ceip-lesferreries-palafolls\/wp-json\/wp\/v2\/categories?post=20873"},{"taxonomy":"post_tag","embeddable":true,"href":"https:\/\/agora.xtec.cat\/ceip-lesferreries-palafolls\/wp-json\/wp\/v2\/tags?post=20873"}],"curies":[{"name":"wp","href":"https:\/\/api.w.org\/{rel}","templated":true}]}}