{"id":20834,"date":"2022-04-06T19:26:03","date_gmt":"2022-04-06T17:26:03","guid":{"rendered":"https:\/\/agora.xtec.cat\/ceip-lesferreries-palafolls\/?p=20834"},"modified":"2025-10-21T10:19:51","modified_gmt":"2025-10-21T08:19:51","slug":"els-racons-a-les-aules-dei4","status":"publish","type":"post","link":"https:\/\/agora.xtec.cat\/ceip-lesferreries-palafolls\/general\/els-racons-a-les-aules-dei4\/","title":{"rendered":"ELS RACONS A LES AULES D&#8217;EI4"},"content":{"rendered":"<p style=\"text-align: center;\">Una de les activitats m\u00e9s destacades que portem a terme a les aules d&#8217;EI4 s\u00f3n els racons. Es tracta d&#8217;una proposta metodol\u00f2gica que ens permet organitzar als infants en petits grups que realitzen de manera simult\u00e0nia activitats de tipus cognitiu, manipulatiu i simb\u00f2lic de manera aut\u00f2noma.<\/p>\n<p style=\"text-align: justify;\">En aquests espais d\u2019aprenentatge, de relaci\u00f3 i de comunicaci\u00f3 els infants poden observar, manipular, explorar, experimentar, actuar, construir, inventar, imaginar, crear, jugar, compartir, relacionar-se, emocionar-se&#8230; a partir de les diferents propostes. <span style=\"font-family: inherit; font-size: 1em;\">D&#8217;aquesta manera, els nens i nenes van aprenent a relacionar-se, a col\u00b7laborar entre s\u00ed, a superar nous reptes, a expressar-se a trav\u00e9s de diferents llenguatges, a assimilar nous continguts, a adquirir major iniciativa, a esdevenir m\u00e9s aut\u00f2noms i anar assolint petites fites pel que fa als h\u00e0bits socials, d&#8217;autonomia, d&#8217;higiene personal, d&#8217;ordre&#8230; avan\u00e7ant en els diferents aprenentatges.<\/span><\/p>\n<p>A continuaci\u00f3 podeu veure un recull de les propostes que anem fent al llarg del curs a la &#8220;Classe de les Flors&#8221; i a la &#8220;Classe dels Espantaocells&#8221; agrupades per trimestres:<\/p>\n<p><a href=\"https:\/\/photos.app.goo.gl\/VrwWPvksTDHo3wFr8\">RACONS PRIMER TRIMESTRE<\/a><\/p>\n<p><a href=\"https:\/\/photos.app.goo.gl\/iLaQ1CDnRxYdj6YPA\">RACONS SEGON TRIMESTRE<\/a><\/p>\n<p><a href=\"https:\/\/photos.app.goo.gl\/nerLUbu5BSwSJKDq5\">RACONS TERCER TRIMESTRE<\/a><\/p>\n<p>&nbsp;<\/p>\n","protected":false},"excerpt":{"rendered":"<p>Una de les activitats m\u00e9s destacades que portem a terme a les aules d&#8217;EI4 s\u00f3n els racons. Es tracta d&#8217;una proposta metodol\u00f2gica que ens permet organitzar als infants en petits grups que realitzen de manera simult\u00e0nia activitats de tipus cognitiu, manipulatiu i simb\u00f2lic de manera aut\u00f2noma. En aquests espais d\u2019aprenentatge, de relaci\u00f3 i de comunicaci\u00f3 [&hellip;]<\/p>\n","protected":false},"author":62,"featured_media":20836,"comment_status":"open","ping_status":"closed","sticky":false,"template":"","format":"standard","meta":{"_bbp_topic_count":0,"_bbp_reply_count":0,"_bbp_total_topic_count":0,"_bbp_total_reply_count":0,"_bbp_voice_count":0,"_bbp_anonymous_reply_count":0,"_bbp_topic_count_hidden":0,"_bbp_reply_count_hidden":0,"_bbp_forum_subforum_count":0,"site-sidebar-layout":"default","site-content-layout":"","ast-site-content-layout":"","site-content-style":"default","site-sidebar-style":"default","ast-global-header-display":"","ast-banner-title-visibility":"","ast-main-header-display":"","ast-hfb-above-header-display":"","ast-hfb-below-header-display":"","ast-hfb-mobile-header-display":"","site-post-title":"","ast-breadcrumbs-content":"","ast-featured-img":"","footer-sml-layout":"","theme-transparent-header-meta":"","adv-header-id-meta":"","stick-header-meta":"","header-above-stick-meta":"","header-main-stick-meta":"","header-below-stick-meta":"","astra-migrate-meta-layouts":"default","ast-page-background-enabled":"default","ast-page-background-meta":{"desktop":{"background-color":"var(--ast-global-color-4)","background-image":"","background-repeat":"repeat","background-position":"center center","background-size":"auto","background-attachment":"scroll","background-type":"","background-media":"","overlay-type":"","overlay-color":"","overlay-opacity":"","overlay-gradient":""},"tablet":{"background-color":"","background-image":"","background-repeat":"repeat","background-position":"center center","background-size":"auto","background-attachment":"scroll","background-type":"","background-media":"","overlay-type":"","overlay-color":"","overlay-opacity":"","overlay-gradient":""},"mobile":{"background-color":"","background-image":"","background-repeat":"repeat","background-position":"center center","background-size":"auto","background-attachment":"scroll","background-type":"","background-media":"","overlay-type":"","overlay-color":"","overlay-opacity":"","overlay-gradient":""}},"ast-content-background-meta":{"desktop":{"background-color":"var(--ast-global-color-5)","background-image":"","background-repeat":"repeat","background-position":"center center","background-size":"auto","background-attachment":"scroll","background-type":"","background-media":"","overlay-type":"","overlay-color":"","overlay-opacity":"","overlay-gradient":""},"tablet":{"background-color":"var(--ast-global-color-5)","background-image":"","background-repeat":"repeat","background-position":"center center","background-size":"auto","background-attachment":"scroll","background-type":"","background-media":"","overlay-type":"","overlay-color":"","overlay-opacity":"","overlay-gradient":""},"mobile":{"background-color":"var(--ast-global-color-5)","background-image":"","background-repeat":"repeat","background-position":"center center","background-size":"auto","background-attachment":"scroll","background-type":"","background-media":"","overlay-type":"","overlay-color":"","overlay-opacity":"","overlay-gradient":""}},"footnotes":""},"categories":[782,783,1086,33,36,1,4],"tags":[],"class_list":["post-20834","post","type-post","status-publish","format-standard","has-post-thumbnail","hentry","category-gr20a","category-gr20b","category-cicle-mitja","category-educacio-infantil","category-galeria","category-general","category-portada"],"post_mailing_queue_ids":[],"_links":{"self":[{"href":"https:\/\/agora.xtec.cat\/ceip-lesferreries-palafolls\/wp-json\/wp\/v2\/posts\/20834","targetHints":{"allow":["GET"]}}],"collection":[{"href":"https:\/\/agora.xtec.cat\/ceip-lesferreries-palafolls\/wp-json\/wp\/v2\/posts"}],"about":[{"href":"https:\/\/agora.xtec.cat\/ceip-lesferreries-palafolls\/wp-json\/wp\/v2\/types\/post"}],"author":[{"embeddable":true,"href":"https:\/\/agora.xtec.cat\/ceip-lesferreries-palafolls\/wp-json\/wp\/v2\/users\/62"}],"replies":[{"embeddable":true,"href":"https:\/\/agora.xtec.cat\/ceip-lesferreries-palafolls\/wp-json\/wp\/v2\/comments?post=20834"}],"version-history":[{"count":3,"href":"https:\/\/agora.xtec.cat\/ceip-lesferreries-palafolls\/wp-json\/wp\/v2\/posts\/20834\/revisions"}],"predecessor-version":[{"id":20978,"href":"https:\/\/agora.xtec.cat\/ceip-lesferreries-palafolls\/wp-json\/wp\/v2\/posts\/20834\/revisions\/20978"}],"wp:featuredmedia":[{"embeddable":true,"href":"https:\/\/agora.xtec.cat\/ceip-lesferreries-palafolls\/wp-json\/wp\/v2\/media\/20836"}],"wp:attachment":[{"href":"https:\/\/agora.xtec.cat\/ceip-lesferreries-palafolls\/wp-json\/wp\/v2\/media?parent=20834"}],"wp:term":[{"taxonomy":"category","embeddable":true,"href":"https:\/\/agora.xtec.cat\/ceip-lesferreries-palafolls\/wp-json\/wp\/v2\/categories?post=20834"},{"taxonomy":"post_tag","embeddable":true,"href":"https:\/\/agora.xtec.cat\/ceip-lesferreries-palafolls\/wp-json\/wp\/v2\/tags?post=20834"}],"curies":[{"name":"wp","href":"https:\/\/api.w.org\/{rel}","templated":true}]}}