{"id":20816,"date":"2022-04-01T20:17:20","date_gmt":"2022-04-01T18:17:20","guid":{"rendered":"https:\/\/agora.xtec.cat\/ceip-lesferreries-palafolls\/?p=20816"},"modified":"2025-10-21T10:19:22","modified_gmt":"2025-10-21T08:19:22","slug":"colonies-a-ei5-a-mas-pages","status":"publish","type":"post","link":"https:\/\/agora.xtec.cat\/ceip-lesferreries-palafolls\/general\/colonies-a-ei5-a-mas-pages\/","title":{"rendered":"Col\u00f2nies a EI5 a Mas Pag\u00e8s"},"content":{"rendered":"<p>Benvolgudes families,<br \/>\nper fi va arribar el gran dia, i els i les alumnes \u201cgrans\u201d d\u2019infantil hem anat de col\u00f2nies per primera vegada. Est\u00e0vem plens d\u2019il.lusi\u00f3 i emoci\u00f3 per saber qu\u00e8 \u00e9s aix\u00f2 d\u2019anar de col\u00f2nies. Nom\u00e9s arribar ja volien entrar per veure les habitacions i la que seria casa nostra durant dos dies.<br \/>\nDijous, vam con\u00e8ixer les nostres monitores i l\u2019exploradora Puput, que ens mostrarien l\u2019entorn (les plantes arom\u00e0tiques, la fauna i la flora) a trav\u00e9s dels nostres sentits. Malgrat el temps, que va mostrar totes les seves facetes, vam poder gaudir de l\u2019entorn natural que ens ofereix Mas Pag\u00e8s aix\u00ed com tamb\u00e9 estones de joc dins la casa durant la pluja.<br \/>\nDivendres va fer un dia preci\u00f2s on vam poder anar a veure les cabanes de fusta i a jugar als diferents espais despr\u00e9s de recol.lectar roman\u00ed per fer les nostres bossetes d\u2019olor.<br \/>\nEsperem que malgrat el cansament hagin gaudit de l\u2019experi\u00e8ncia.<br \/>\nHo heu fet genial!!!<br \/>\nI no ens volem oblidar d\u2019agra\u00efr la vostra col.laboraci\u00f3 com a fam\u00edlies, sobretot per la gran ajuda de la Silvia i l\u2019Oriol. \ud83d\udc4f\ud83c\udffc\ud83d\udc4f\ud83c\udffc\ud83d\udc4f\ud83c\udffc<\/p>\n<p>Us deixem el seg\u00fcent enlla\u00e7 amb \u201calgunes\u201d fotos de l\u2019experi\u00e8ncia<\/p>\n<p><a href=\"https:\/\/photos.app.goo.gl\/YBUsb3W7hiE3E5APA\">https:\/\/photos.app.goo.gl\/YBUsb3W7hiE3E5APA<\/a><\/p>\n<p>&nbsp;<\/p>\n<p>&nbsp;<\/p>\n<p>&nbsp;<\/p>\n","protected":false},"excerpt":{"rendered":"<p>Benvolgudes families, per fi va arribar el gran dia, i els i les alumnes \u201cgrans\u201d d\u2019infantil hem anat de col\u00f2nies per primera vegada. Est\u00e0vem plens d\u2019il.lusi\u00f3 i emoci\u00f3 per saber qu\u00e8 \u00e9s aix\u00f2 d\u2019anar de col\u00f2nies. Nom\u00e9s arribar ja volien entrar per veure les habitacions i la que seria casa nostra durant dos dies. Dijous, [&hellip;]<\/p>\n","protected":false},"author":113,"featured_media":20817,"comment_status":"open","ping_status":"closed","sticky":false,"template":"","format":"standard","meta":{"_bbp_topic_count":0,"_bbp_reply_count":0,"_bbp_total_topic_count":0,"_bbp_total_reply_count":0,"_bbp_voice_count":0,"_bbp_anonymous_reply_count":0,"_bbp_topic_count_hidden":0,"_bbp_reply_count_hidden":0,"_bbp_forum_subforum_count":0,"site-sidebar-layout":"default","site-content-layout":"","ast-site-content-layout":"","site-content-style":"default","site-sidebar-style":"default","ast-global-header-display":"","ast-banner-title-visibility":"","ast-main-header-display":"","ast-hfb-above-header-display":"","ast-hfb-below-header-display":"","ast-hfb-mobile-header-display":"","site-post-title":"","ast-breadcrumbs-content":"","ast-featured-img":"","footer-sml-layout":"","theme-transparent-header-meta":"","adv-header-id-meta":"","stick-header-meta":"","header-above-stick-meta":"","header-main-stick-meta":"","header-below-stick-meta":"","astra-migrate-meta-layouts":"default","ast-page-background-enabled":"default","ast-page-background-meta":{"desktop":{"background-color":"var(--ast-global-color-4)","background-image":"","background-repeat":"repeat","background-position":"center center","background-size":"auto","background-attachment":"scroll","background-type":"","background-media":"","overlay-type":"","overlay-color":"","overlay-opacity":"","overlay-gradient":""},"tablet":{"background-color":"","background-image":"","background-repeat":"repeat","background-position":"center center","background-size":"auto","background-attachment":"scroll","background-type":"","background-media":"","overlay-type":"","overlay-color":"","overlay-opacity":"","overlay-gradient":""},"mobile":{"background-color":"","background-image":"","background-repeat":"repeat","background-position":"center center","background-size":"auto","background-attachment":"scroll","background-type":"","background-media":"","overlay-type":"","overlay-color":"","overlay-opacity":"","overlay-gradient":""}},"ast-content-background-meta":{"desktop":{"background-color":"var(--ast-global-color-5)","background-image":"","background-repeat":"repeat","background-position":"center center","background-size":"auto","background-attachment":"scroll","background-type":"","background-media":"","overlay-type":"","overlay-color":"","overlay-opacity":"","overlay-gradient":""},"tablet":{"background-color":"var(--ast-global-color-5)","background-image":"","background-repeat":"repeat","background-position":"center center","background-size":"auto","background-attachment":"scroll","background-type":"","background-media":"","overlay-type":"","overlay-color":"","overlay-opacity":"","overlay-gradient":""},"mobile":{"background-color":"var(--ast-global-color-5)","background-image":"","background-repeat":"repeat","background-position":"center center","background-size":"auto","background-attachment":"scroll","background-type":"","background-media":"","overlay-type":"","overlay-color":"","overlay-opacity":"","overlay-gradient":""}},"footnotes":""},"categories":[668,669,1086,31,33,36,1,4],"tags":[],"class_list":["post-20816","post","type-post","status-publish","format-standard","has-post-thumbnail","hentry","category-2019-2028-grup-a","category-2019-2028-grup-b","category-cicle-mitja","category-colonies","category-educacio-infantil","category-galeria","category-general","category-portada"],"post_mailing_queue_ids":[],"_links":{"self":[{"href":"https:\/\/agora.xtec.cat\/ceip-lesferreries-palafolls\/wp-json\/wp\/v2\/posts\/20816","targetHints":{"allow":["GET"]}}],"collection":[{"href":"https:\/\/agora.xtec.cat\/ceip-lesferreries-palafolls\/wp-json\/wp\/v2\/posts"}],"about":[{"href":"https:\/\/agora.xtec.cat\/ceip-lesferreries-palafolls\/wp-json\/wp\/v2\/types\/post"}],"author":[{"embeddable":true,"href":"https:\/\/agora.xtec.cat\/ceip-lesferreries-palafolls\/wp-json\/wp\/v2\/users\/113"}],"replies":[{"embeddable":true,"href":"https:\/\/agora.xtec.cat\/ceip-lesferreries-palafolls\/wp-json\/wp\/v2\/comments?post=20816"}],"version-history":[{"count":1,"href":"https:\/\/agora.xtec.cat\/ceip-lesferreries-palafolls\/wp-json\/wp\/v2\/posts\/20816\/revisions"}],"predecessor-version":[{"id":20818,"href":"https:\/\/agora.xtec.cat\/ceip-lesferreries-palafolls\/wp-json\/wp\/v2\/posts\/20816\/revisions\/20818"}],"wp:featuredmedia":[{"embeddable":true,"href":"https:\/\/agora.xtec.cat\/ceip-lesferreries-palafolls\/wp-json\/wp\/v2\/media\/20817"}],"wp:attachment":[{"href":"https:\/\/agora.xtec.cat\/ceip-lesferreries-palafolls\/wp-json\/wp\/v2\/media?parent=20816"}],"wp:term":[{"taxonomy":"category","embeddable":true,"href":"https:\/\/agora.xtec.cat\/ceip-lesferreries-palafolls\/wp-json\/wp\/v2\/categories?post=20816"},{"taxonomy":"post_tag","embeddable":true,"href":"https:\/\/agora.xtec.cat\/ceip-lesferreries-palafolls\/wp-json\/wp\/v2\/tags?post=20816"}],"curies":[{"name":"wp","href":"https:\/\/api.w.org\/{rel}","templated":true}]}}