{"id":20783,"date":"2022-06-10T09:29:03","date_gmt":"2022-06-10T07:29:03","guid":{"rendered":"https:\/\/agora.xtec.cat\/ceip-lesferreries-palafolls\/?p=20783"},"modified":"2022-07-12T14:04:35","modified_gmt":"2022-07-12T12:04:35","slug":"preinscripcio-curs-22-23","status":"publish","type":"post","link":"https:\/\/agora.xtec.cat\/ceip-lesferreries-palafolls\/general\/preinscripcio-curs-22-23\/","title":{"rendered":"PREINSCRIPCI\u00d3 CURS 22-23"},"content":{"rendered":"<section class=\"padding-xs padding-sm padding-md colorSectionOdd\">\n<article class=\"container fullcontainer-xs\">\n<div class=\"row\">\n<div id=\"center_3R\">\n<div id=\"llista_9487c12b-5a45-11eb-a3c0-005056924a59_9487c12c-5a45-11eb-a3c0-005056924a59\" class=\"fpca_llista_enllacIcones formatter_body\">\n<div class=\"wrapper_llista_enllacIcones\">\n<div class=\"list-item-wrapper\">\n<div class=\"col icon-col\">\n<div class=\"icon\"><span style=\"font-size: 20px; font-weight: bold;\">Durant la preparaci\u00f3, presentaci\u00f3 i seguiment de la sol\u00b7licitud de preinscripci\u00f3<\/span><\/div>\n<\/div>\n<\/div>\n<div class=\"col icon-col\">\n<div class=\"icon\"><\/div>\n<\/div>\n<div class=\"list-item-wrapper\">\n<div class=\"col content-col\">\n<div class=\"bloc-mobil\">\n<div class=\"descripcio\">\n<p><img loading=\"lazy\" decoding=\"async\" class=\"\" src=\"https:\/\/preinscripcio.gencat.cat\/web\/.content\/icones\/consulta-revisa1-off.png_2044584825.png\" alt=\"\" width=\"27\" height=\"27\" \/> <span style=\"font-weight: bold;\">10 de juny de 2022: <a href=\"https:\/\/agora.xtec.cat\/ceip-lesferreries-palafolls\/wp-content\/uploads\/usu670\/2022\/06\/INFORME_ASSIGNADES_INFORME_ASSIGNADES.pdf\" target=\"_blank\" rel=\"noopener\">Llista d&#8217;admesos<\/a> i <a href=\"https:\/\/agora.xtec.cat\/ceip-lesferreries-palafolls\/wp-content\/uploads\/usu670\/2022\/06\/INFORME_LLISTA_ESPERA_OME_LLISTA_ESPERA.pdf\">llista d&#8217;espera<\/a><\/span><\/p>\n<\/div>\n<\/div>\n<\/div>\n<\/div>\n<div class=\"list-item-wrapper\">\n<div class=\"col icon-col\">\n<div class=\"icon\"><\/div>\n<\/div>\n<div class=\"col content-col\">\n<div class=\"bloc-mobil\">\n<div class=\"descripcio\">\n<p><span style=\"font-size: 16px;\">Finalment, es publica la llista d&#8217;alumnes admesos al centre i tamb\u00e9 la llista d&#8217;espera.<\/span><\/p>\n<p>&nbsp;<\/p>\n<p><span style=\"font-size: 20px; font-weight: bold;\">A l&#8217;hora de formalitzar la matriculaci\u00f3<\/span><\/p>\n<\/div>\n<\/div>\n<\/div>\n<\/div>\n<\/div>\n<\/div>\n<\/div>\n<\/div>\n<\/article>\n<\/section>\n<section class=\"padding-xs padding-sm padding-md colorSectionOdd\">\n<article class=\"container fullcontainer-xs\">\n<div class=\"row\">\n<div id=\"center_4R\">\n<div id=\"llista_5a1b3df3-5a45-11eb-a3c0-005056924a59_5a1b3df4-5a45-11eb-a3c0-005056924a59\" class=\"fpca_llista_enllacIcones formatter_body\">\n<div class=\"wrapper_llista_enllacIcones\">\n<div class=\"list-item-wrapper\">\n<div class=\"col icon-col\">\n<div class=\"icon\"><span style=\"font-size: 16px;\"><img loading=\"lazy\" decoding=\"async\" class=\"\" src=\"https:\/\/preinscripcio.gencat.cat\/web\/.content\/icones\/matricula-off.png_2044584825.png\" alt=\"\" width=\"23\" height=\"23\" \/> <span style=\"font-weight: bold;\">Del 21 al 29 de juny de 2022: matriculaci\u00f3<\/span><\/span><\/div>\n<\/div>\n<div class=\"col content-col\">\n<div class=\"bloc-mobil\">\n<div class=\"descripcio\">\n<p><span style=\"font-size: 16px;\">Un cop s&#8217;ha publicat la llista final d&#8217;alumnes admesos en cada centre, comen\u00e7a el per\u00edode de matriculaci\u00f3 dels preinscrits amb pla\u00e7a assignada.<\/span><\/p>\n<p>&nbsp;<\/p>\n<p><strong><span style=\"font-size: 20px;\">Abans de la preinscripci\u00f3<\/span><\/strong><\/p>\n<div class=\"list-item-wrapper\">\n<div class=\"col icon-col\">\n<div class=\"icon\"><span style=\"font-size: 16px;\"><img loading=\"lazy\" decoding=\"async\" class=\"\" src=\"https:\/\/preinscripcio.gencat.cat\/web\/.content\/icones\/calendari-on.png_2044584825.png\" alt=\"\" width=\"27\" height=\"27\" \/> <span style=\"font-weight: bold;\">Entre febrer i primers de mar\u00e7 de 2022: jornades de portes obertes i xerrades informatives als centres:\u00a0<\/span><a style=\"font-weight: bold;\" href=\"https:\/\/agora.xtec.cat\/ceip-lesferreries-palafolls\/general\/la-nostra-escola-2\/\" target=\"_blank\" rel=\"noopener\">La nostra escola<\/a><\/span><\/div>\n<\/div>\n<div class=\"col content-col\">\n<div class=\"bloc-mobil\">\n<div class=\"descripcio\">\n<p><span style=\"font-size: 16px;\">Aquestes trobades, que poden ser presencials o virtuals, s\u00f3n molt interessants, perqu\u00e8 permeten con\u00e8ixer de prop les caracter\u00edstiques de cada centre i la seva oferta educativa. Tamb\u00e9 s\u00f3n una oportunitat per plantejar preguntes i resoldre dubtes. Aix\u00ed, pares i mares poden acabar de perfilar les seves prefer\u00e8ncies i recollir-les a la llista definitiva de centres.<\/span><\/p>\n<p><img loading=\"lazy\" decoding=\"async\" class=\"\" style=\"font-family: inherit;\" src=\"https:\/\/preinscripcio.gencat.cat\/web\/.content\/icones\/cerca-on.png_2044584825.png\" alt=\"\" width=\"27\" height=\"27\" \/> <span style=\"font-weight: bold;\">4 de mar\u00e7 de 2022: <\/span><a style=\"font-weight: bold;\" href=\"https:\/\/agora.xtec.cat\/ceip-lesferreries-palafolls\/general\/publicacio-de-loferta-inicial-de-places-pel-curs-22-23\/\" target=\"_blank\" rel=\"noopener\">oferta inicial de places escolars<\/a><\/p>\n<p><span style=\"font-weight: bold; font-family: inherit; font-size: 20px;\">Durant la preparaci\u00f3, presentaci\u00f3 i seguiment de la sol\u00b7licitud de preinscripci\u00f3<\/span><\/p>\n<\/div>\n<\/div>\n<\/div>\n<div class=\"col icon-col\">\n<div class=\"list-item-wrapper\">\n<div class=\"col icon-col\">\n<div class=\"icon\"><span style=\"font-size: 16px;\"><img loading=\"lazy\" decoding=\"async\" class=\"\" style=\"font-family: inherit;\" src=\"https:\/\/preinscripcio.gencat.cat\/web\/.content\/icones\/sollicitud-on.png_2044584825.png\" alt=\"\" width=\"31\" height=\"31\" \/> <span style=\"font-weight: bold;\">Del 7 al 21 de mar\u00e7 de 2022 (a partir de les 9 hores): presentaci\u00f3 de sol\u00b7licituds:\u00a0<\/span><a style=\"font-weight: bold;\" href=\"https:\/\/educacio.gencat.cat\/ca\/tramits\/tramits-temes\/20483-obligatoris?moda=1\" target=\"_blank\" rel=\"noopener\">Infantil<\/a><span style=\"font-weight: bold;\">\u00a0 \u00a0 \u00a0 \u00a0\u00a0<\/span><a style=\"font-weight: bold;\" href=\"https:\/\/educacio.gencat.cat\/ca\/tramits\/tramits-temes\/20483-obligatoris?moda=2\" target=\"_blank\" rel=\"noopener\">Prim\u00e0ria<\/a><span style=\"font-weight: bold;\">\u00a0 \u00a0 \u00a0 \u00a0 \u00a0<\/span><a style=\"font-weight: bold;\" href=\"https:\/\/educacio.gencat.cat\/ca\/tramits\/tramits-temes\/20483-obligatoris?moda=3\" target=\"_blank\" rel=\"noopener\">ESO<\/a><\/span><\/div>\n<\/div>\n<\/div>\n<div class=\"list-item-wrapper\">\n<div class=\"col content-col\">\n<div class=\"bloc-mobil\">\n<div class=\"descripcio\">\n<p><span style=\"font-size: 16px;\">\u00c9s molt important respectar les dates, perqu\u00e8 les sol\u00b7licituds que es presentin fora d&#8217;aquest termini perdran totes les prioritats que haurien pogut tenir a l&#8217;hora d&#8217;obtenir la pla\u00e7a. Els criteris de prioritat serveixen per donar una puntuaci\u00f3 a cada sol\u00b7licitud. D&#8217;aquesta manera s&#8217;estableix l&#8217;ordre d&#8217;acc\u00e9s a les places de cada centre. Cal presentar la sol\u00b7licitud i adjuntar-hi la documentaci\u00f3 d&#8217;identificaci\u00f3 o de criteris que correspongui.<\/span><\/p>\n<p><img loading=\"lazy\" decoding=\"async\" class=\"\" style=\"font-family: inherit;\" src=\"https:\/\/preinscripcio.gencat.cat\/web\/.content\/icones\/presentar-doc-off.png_2044584825.png\" alt=\"\" width=\"29\" height=\"29\" \/> <span style=\"font-weight: bold;\">Del 22 al 23 de mar\u00e7 de 2022: presentaci\u00f3 de documentaci\u00f3<\/span><\/p>\n<\/div>\n<\/div>\n<\/div>\n<div class=\"col content-col\">\n<div class=\"bloc-mobil\">\n<div class=\"descripcio\">\n<p><span style=\"font-size: 16px;\">Aquests dies pots presentar documentaci\u00f3 acreditativa que no hagis pogut adjuntar durant el per\u00edode de presentaci\u00f3 de sol\u00b7licituds.<\/span><\/p>\n<p><img loading=\"lazy\" decoding=\"async\" class=\"\" style=\"font-family: inherit;\" src=\"https:\/\/preinscripcio.gencat.cat\/web\/.content\/icones\/consulta-revisa1-off.png_2044584825.png\" alt=\"\" width=\"25\" height=\"25\" \/> <span style=\"font-weight: bold;\">21 d&#8217;abril de 2022: <a href=\"https:\/\/agora.xtec.cat\/ceip-lesferreries-palafolls\/wp-content\/uploads\/usu670\/2022\/04\/INFORME_BAREM_PROVISIONAL_BAREM.pdf\" target=\"_blank\" rel=\"noopener\">Llistat Escola Les Ferreries de sol\u00b7licituds amb la puntuaci\u00f3 provisional<\/a>.\u00a0<\/span><\/p>\n<\/div>\n<\/div>\n<\/div>\n<div class=\"col icon-col\">\n<div>\n<p><span style=\"font-size: 16px;\">Seguiment de la vostra sol\u00b7licitud: <a style=\"font-family: inherit;\" href=\"https:\/\/preinscripcio.gencat.cat\/ca\/estudis\/infantil-3-6\/preinscriute\/seguiment-sollicitud\/llista-sollicituds-puntuacio\/\" target=\"_blank\" rel=\"noopener\">INFANTIL consulta llista de sol\u00b7licituds amb la puntuaci\u00f3 provisional <\/a><\/span><span style=\"font-size: 16px;\"><a style=\"font-family: inherit;\" href=\"https:\/\/preinscripcio.gencat.cat\/ca\/estudis\/primaria\/preinscriute\/seguiment-sollicitud\/llista-sollicituds-puntuacio\/\" target=\"_blank\" rel=\"noopener\">PRIM\u00c0RIA consulta llista de sol\u00b7licituds amb puntuaci\u00f3 provisional<\/a><\/span><\/p>\n<\/div>\n<\/div>\n<div class=\"col content-col\">\n<div class=\"bloc-mobil\">\n<div class=\"descripcio\">\n<p><span style=\"font-size: 16px;\">Un cop acabat el per\u00edode de presentaci\u00f3 de sol\u00b7licituds, els centres educatius estudien cadascuna de les peticions que han rebut: n&#8217;analitzen les dades, els criteris que les fam\u00edlies demanen que es tinguin en compte, i tamb\u00e9 els documents justificatius. Tot seguit, publiquen la llista de sol\u00b7licituds amb la puntuaci\u00f3 provisional. En aquesta llista hi ha les sol\u00b7licituds ordenades alfab\u00e8ticament amb la puntuaci\u00f3 que ha rebut cada sol\u00b7licitud en aplicar-hi el barem.<\/span><\/p>\n<p><span style=\"font-size: 16px;\"><img loading=\"lazy\" decoding=\"async\" class=\"\" style=\"font-family: inherit;\" src=\"https:\/\/preinscripcio.gencat.cat\/web\/.content\/icones\/llapis-off.png_2044584825.png\" alt=\"\" width=\"27\" height=\"27\" \/> <span style=\"font-weight: bold;\">Del 22 al 28 d&#8217;abril de 2022: presentaci\u00f3 de reclamacions<\/span><\/span><\/p>\n<\/div>\n<\/div>\n<\/div>\n<div class=\"bloc-mobil\">\n<div class=\"descripcio\">\n<p><span style=\"font-size: 16px;\">Durant aquest per\u00edode, si detectes alguna errada o anomalia en el barem assignat, pots presentar una reclamaci\u00f3 (utilitzant l&#8217;eina electr\u00f2nica per adjuntar reclamacions).<\/span><\/p>\n<p><span style=\"font-size: 16px;\"><img loading=\"lazy\" decoding=\"async\" class=\"\" style=\"font-family: inherit;\" src=\"https:\/\/preinscripcio.gencat.cat\/web\/.content\/icones\/consulta-revisa1-off.png_2044584825.png\" alt=\"\" width=\"29\" height=\"29\" \/> <span style=\"font-weight: bold;\">3 de maig de 2022: <a href=\"https:\/\/agora.xtec.cat\/ceip-lesferreries-palafolls\/wp-content\/uploads\/usu670\/2022\/04\/INFORME_BAREM_RESOLTES_BAREM.pdf\" target=\"_blank\" rel=\"noopener\">Llista de sol\u00b7licituds amb la puntuaci\u00f3 un cop resoltes les reclamacions<\/a>: <\/span><span style=\"font-family: inherit;\">Un cop resoltes totes les reclamacions presentades, el centre publica la llista de sol\u00b7licituds amb la puntuaci\u00f3 i el n\u00famero de desempat corresponent.<\/span><\/span><\/p>\n<p><span style=\"font-size: 16px;\"><img loading=\"lazy\" decoding=\"async\" class=\"\" style=\"font-family: inherit;\" src=\"https:\/\/preinscripcio.gencat.cat\/web\/.content\/icones\/campaneta-off.png_2044584825.png\" alt=\"\" width=\"30\" height=\"30\" \/> <span style=\"font-weight: bold;\">9 de maig de 2022: El n\u00famero de desempat del sorteig \u00e9s:\u00a0<strong>1.013\u00a0<\/strong>(s&#8217;han assignat 139.769 n\u00fameros)<\/span><\/span><\/p>\n<\/div>\n<\/div>\n<div class=\"col content-col\">\n<div class=\"bloc-mobil\">\n<div class=\"descripcio\">\n<p><span style=\"font-size: 16px;\">El nombre de places a cada centre educatiu \u00e9s limitat. Si el nombre de peticions supera el d&#8217;alumnes que l&#8217;escola pot acollir, cal aplicar un sistema de desempat entre les sol\u00b7licituds que tenen la mateixa puntuaci\u00f3. Per fer-ho, s&#8217;obt\u00e9 un n\u00famero per sorteig a partir del qual s&#8217;ordenen totes les peticions empatades en punts, tenint en compte el n\u00famero de desempat que s&#8217;ha assignat a cada sol\u00b7licitud. El sorteig tindr\u00e0 lloc a les 11 hores, als serveis centrals del Departament d&#8217;Educaci\u00f3 (Via Augusta, 202-226, Barcelona).<\/span><\/p>\n<p><span style=\"font-size: 16px;\"><img loading=\"lazy\" decoding=\"async\" class=\"\" style=\"font-family: inherit;\" src=\"https:\/\/preinscripcio.gencat.cat\/web\/.content\/icones\/martell-off.png_2044584825.png\" alt=\"\" width=\"28\" height=\"28\" \/> <span style=\"font-family: inherit; font-weight: bold;\">Del 27 de maig a l&#8217;1 de juny de 2022: ampliaci\u00f3 de peticions de preinscripci\u00f3 per a alumnes sense pla\u00e7a assignada a cap centre<\/span><\/span><\/p>\n<div class=\"col content-col\">\n<div class=\"bloc-mobil\">\n<div class=\"descripcio\">\n<p><span style=\"font-size: 16px;\">Si no s&#8217;accedeix a cap pla\u00e7a en els centres demanats i es tracta de sol\u00b7licituds en les quals s&#8217;ha marcat expressament que es vol una assignaci\u00f3 d&#8217;ofici, durant aquest per\u00edode es poden ampliar les peticions originals i demanar places en centres que en tinguin de disponibles.<\/span><\/p>\n<p><span style=\"font-size: 16px;\">Despr\u00e9s d&#8217;aquesta ampliaci\u00f3 de la sol\u00b7licitud, s&#8217;acaba el proc\u00e9s d&#8217;assignaci\u00f3 tenint en compte aquestes peticions ampliades.<\/span><\/p>\n<div class=\"col icon-col\">\n<div class=\"icon\"><span style=\"font-size: 16px;\"><img loading=\"lazy\" decoding=\"async\" class=\"\" src=\"https:\/\/preinscripcio.gencat.cat\/web\/.content\/icones\/consulta-revisa2-on.png_2044584825.png\" alt=\"\" width=\"23\" height=\"23\" \/> <span style=\"font-weight: bold;\">11 de maig de 2022: <a href=\"https:\/\/agora.xtec.cat\/ceip-lesferreries-palafolls\/wp-content\/uploads\/usu670\/2022\/05\/INFORME_BAREM_DEFINITIU_BAREM-1.pdf\" target=\"_blank\" rel=\"noopener\">Llista ordenada<\/a><\/span><\/span><\/div>\n<\/div>\n<div class=\"col content-col\">\n<div class=\"bloc-mobil\">\n<div class=\"descripcio link-dotted\">\n<p><span style=\"font-size: 16px;\">Despr\u00e9s del sorteig, s&#8217;elabora la llista de sol\u00b7licituds per a l&#8217;assignaci\u00f3 de places. En aquest cas, la llista ja no s&#8217;ordena alfab\u00e8ticament, sin\u00f3 tenint en compte les puntuacions de cada sol\u00b7licitud, de m\u00e9s a menys.<\/span><\/p>\n<\/div>\n<\/div>\n<\/div>\n<div class=\"col icon-col\"><\/div>\n<div class=\"col content-col\">\n<div class=\"bloc-mobil\"><\/div>\n<\/div>\n<div class=\"list-item-wrapper\">\n<div class=\"col icon-col\">\n<div class=\"icon\"><span style=\"font-size: 16px;\"><img loading=\"lazy\" decoding=\"async\" class=\"\" src=\"https:\/\/preinscripcio.gencat.cat\/web\/.content\/icones\/persona-off.png_2044584825.png\" alt=\"\" width=\"27\" height=\"27\" \/> <span style=\"font-weight: bold;\">9 de juny de 2022: <a href=\"https:\/\/agora.xtec.cat\/ceip-lesferreries-palafolls\/wp-content\/uploads\/usu670\/2022\/06\/INFORME_OFERTA_OME_INFORME_OFERTA.pdf\" target=\"_blank\" rel=\"noopener\">oferta final de places escolars<\/a><\/span><\/span><\/div>\n<\/div>\n<div class=\"col content-col\">\n<div class=\"bloc-mobil\">\n<div class=\"descripcio\">\n<p><span style=\"font-size: 16px;\">Publicaci\u00f3 del nombre de places escolars per centre i curs definitiva.<\/span><\/p>\n<\/div>\n<\/div>\n<\/div>\n<\/div>\n<\/div>\n<\/div>\n<\/div>\n<\/div>\n<\/div>\n<\/div>\n<\/div>\n<\/div>\n<\/div>\n<\/div>\n<\/div>\n<\/div>\n<\/div>\n<\/div>\n<\/div>\n<\/div>\n<\/div>\n<\/article>\n<\/section>\n","protected":false},"excerpt":{"rendered":"<p>Durant la preparaci\u00f3, presentaci\u00f3 i seguiment de la sol\u00b7licitud de preinscripci\u00f3 10 de juny de 2022: Llista d&#8217;admesos i llista d&#8217;espera Finalment, es publica la llista d&#8217;alumnes admesos al centre i tamb\u00e9 la llista d&#8217;espera. &nbsp; A l&#8217;hora de formalitzar la matriculaci\u00f3 Del 21 al 29 de juny de 2022: matriculaci\u00f3 Un cop s&#8217;ha publicat [&hellip;]<\/p>\n","protected":false},"author":65,"featured_media":20704,"comment_status":"open","ping_status":"closed","sticky":false,"template":"","format":"standard","meta":{"_bbp_topic_count":0,"_bbp_reply_count":0,"_bbp_total_topic_count":0,"_bbp_total_reply_count":0,"_bbp_voice_count":0,"_bbp_anonymous_reply_count":0,"_bbp_topic_count_hidden":0,"_bbp_reply_count_hidden":0,"_bbp_forum_subforum_count":0,"site-sidebar-layout":"default","site-content-layout":"","ast-site-content-layout":"","site-content-style":"default","site-sidebar-style":"default","ast-global-header-display":"","ast-banner-title-visibility":"","ast-main-header-display":"","ast-hfb-above-header-display":"","ast-hfb-below-header-display":"","ast-hfb-mobile-header-display":"","site-post-title":"","ast-breadcrumbs-content":"","ast-featured-img":"","footer-sml-layout":"","theme-transparent-header-meta":"","adv-header-id-meta":"","stick-header-meta":"","header-above-stick-meta":"","header-main-stick-meta":"","header-below-stick-meta":"","astra-migrate-meta-layouts":"default","ast-page-background-enabled":"default","ast-page-background-meta":{"desktop":{"background-color":"var(--ast-global-color-4)","background-image":"","background-repeat":"repeat","background-position":"center center","background-size":"auto","background-attachment":"scroll","background-type":"","background-media":"","overlay-type":"","overlay-color":"","overlay-opacity":"","overlay-gradient":""},"tablet":{"background-color":"","background-image":"","background-repeat":"repeat","background-position":"center center","background-size":"auto","background-attachment":"scroll","background-type":"","background-media":"","overlay-type":"","overlay-color":"","overlay-opacity":"","overlay-gradient":""},"mobile":{"background-color":"","background-image":"","background-repeat":"repeat","background-position":"center center","background-size":"auto","background-attachment":"scroll","background-type":"","background-media":"","overlay-type":"","overlay-color":"","overlay-opacity":"","overlay-gradient":""}},"ast-content-background-meta":{"desktop":{"background-color":"var(--ast-global-color-5)","background-image":"","background-repeat":"repeat","background-position":"center center","background-size":"auto","background-attachment":"scroll","background-type":"","background-media":"","overlay-type":"","overlay-color":"","overlay-opacity":"","overlay-gradient":""},"tablet":{"background-color":"var(--ast-global-color-5)","background-image":"","background-repeat":"repeat","background-position":"center center","background-size":"auto","background-attachment":"scroll","background-type":"","background-media":"","overlay-type":"","overlay-color":"","overlay-opacity":"","overlay-gradient":""},"mobile":{"background-color":"var(--ast-global-color-5)","background-image":"","background-repeat":"repeat","background-position":"center center","background-size":"auto","background-attachment":"scroll","background-type":"","background-media":"","overlay-type":"","overlay-color":"","overlay-opacity":"","overlay-gradient":""}},"footnotes":""},"categories":[1,4],"tags":[566,615],"class_list":["post-20783","post","type-post","status-publish","format-standard","has-post-thumbnail","hentry","category-general","category-portada","tag-calendari","tag-preinscripcio"],"post_mailing_queue_ids":[],"_links":{"self":[{"href":"https:\/\/agora.xtec.cat\/ceip-lesferreries-palafolls\/wp-json\/wp\/v2\/posts\/20783","targetHints":{"allow":["GET"]}}],"collection":[{"href":"https:\/\/agora.xtec.cat\/ceip-lesferreries-palafolls\/wp-json\/wp\/v2\/posts"}],"about":[{"href":"https:\/\/agora.xtec.cat\/ceip-lesferreries-palafolls\/wp-json\/wp\/v2\/types\/post"}],"author":[{"embeddable":true,"href":"https:\/\/agora.xtec.cat\/ceip-lesferreries-palafolls\/wp-json\/wp\/v2\/users\/65"}],"replies":[{"embeddable":true,"href":"https:\/\/agora.xtec.cat\/ceip-lesferreries-palafolls\/wp-json\/wp\/v2\/comments?post=20783"}],"version-history":[{"count":3,"href":"https:\/\/agora.xtec.cat\/ceip-lesferreries-palafolls\/wp-json\/wp\/v2\/posts\/20783\/revisions"}],"predecessor-version":[{"id":21084,"href":"https:\/\/agora.xtec.cat\/ceip-lesferreries-palafolls\/wp-json\/wp\/v2\/posts\/20783\/revisions\/21084"}],"wp:featuredmedia":[{"embeddable":true,"href":"https:\/\/agora.xtec.cat\/ceip-lesferreries-palafolls\/wp-json\/wp\/v2\/media\/20704"}],"wp:attachment":[{"href":"https:\/\/agora.xtec.cat\/ceip-lesferreries-palafolls\/wp-json\/wp\/v2\/media?parent=20783"}],"wp:term":[{"taxonomy":"category","embeddable":true,"href":"https:\/\/agora.xtec.cat\/ceip-lesferreries-palafolls\/wp-json\/wp\/v2\/categories?post=20783"},{"taxonomy":"post_tag","embeddable":true,"href":"https:\/\/agora.xtec.cat\/ceip-lesferreries-palafolls\/wp-json\/wp\/v2\/tags?post=20783"}],"curies":[{"name":"wp","href":"https:\/\/api.w.org\/{rel}","templated":true}]}}