{"id":20718,"date":"2022-02-23T15:30:06","date_gmt":"2022-02-23T14:30:06","guid":{"rendered":"https:\/\/agora.xtec.cat\/ceip-lesferreries-palafolls\/?p=20718"},"modified":"2022-02-23T15:30:06","modified_gmt":"2022-02-23T14:30:06","slug":"xocolatada-solidaria-3","status":"publish","type":"post","link":"https:\/\/agora.xtec.cat\/ceip-lesferreries-palafolls\/general\/xocolatada-solidaria-3\/","title":{"rendered":"Xocolatada solid\u00e0ria"},"content":{"rendered":"<p><img loading=\"lazy\" decoding=\"async\" class=\"size-full wp-image-20720 alignleft\" src=\"https:\/\/agora.xtec.cat\/ceip-lesferreries-palafolls\/wp-content\/uploads\/usu670\/2022\/02\/Xocolotada.jpg\" alt=\"\" width=\"356\" height=\"503\" srcset=\"https:\/\/agora.xtec.cat\/ceip-lesferreries-palafolls\/wp-content\/uploads\/usu670\/2022\/02\/Xocolotada.jpg 356w, https:\/\/agora.xtec.cat\/ceip-lesferreries-palafolls\/wp-content\/uploads\/usu670\/2022\/02\/Xocolotada-212x300.jpg 212w\" sizes=\"auto, (max-width: 356px) 100vw, 356px\" \/><\/p>\n<p>Benvolgudes fam\u00edlies,<\/p>\n<p>Aquest divendres 25 de febrer de 2022 a partir de les 16:20 h la comunitat educativa de Palafolls i l&#8217;Ajuntament us convida a participar en la Xocolatada Solid\u00e0ria 2022.<\/p>\n<p>L&#8217;acte, coliderat per totes les AMPA de Palafolls i l&#8217;Ajuntament, i amb el suport dels centres educatius i de diferents establiments del municipi, vol participar de la iniciativa ben\u00e8fica http:\/\/xocolatadasolidaria.org\/ en benefici de l&#8217;Hospital Sant Joan de D\u00e9u per la investigaci\u00f3 del c\u00e0ncer infantil.<\/p>\n<p>L&#8217;activitat tindr\u00e0 lloc a la pla\u00e7a F\u00f2rum\u00a0<span class=\"hiddenSpellError\">Palatiolo<\/span>\u00a0en format d&#8217;un berenar solidari i constar\u00e0 d&#8217;una xocolata calenta i una magdalena.\u00a0<span class=\"hiddenGreenError\" style=\"padding-bottom: 2px; background-image: url('..\/..\/..\/..\/..\/images\/squiggle_green.png'); background-repeat: repeat-x; background-position: left bottom; cursor: default; color: #000000; font-family: 'Open Sans', Helvetica, Arial, sans-serif; font-size: 16px; font-style: normal; font-variant-ligatures: normal; font-variant-caps: normal; font-weight: 300; letter-spacing: normal; orphans: 2; text-align: start; text-indent: 0px; text-transform: none; white-space: normal; widows: 2; word-spacing: 0px; -webkit-text-stroke-width: 0px; text-decoration-thickness: initial; text-decoration-style: initial; text-decoration-color: initial;\">L&#8217;<\/span>import solidari \u00e9s de 2 euros i aquest es destinar\u00e0 \u00edntegrament a la iniciativa per la investigaci\u00f3 contra el c\u00e0ncer infantil de l&#8217;Hospital Sant Joan de D\u00e9u.<img loading=\"lazy\" decoding=\"async\" class=\" wp-image-20719 alignright\" src=\"https:\/\/agora.xtec.cat\/ceip-lesferreries-palafolls\/wp-content\/uploads\/usu670\/2022\/02\/Carnestoltes-Palafolls.jpg\" alt=\"\" width=\"272\" height=\"383\" \/><br \/>\n<span class=\"hiddenGreenError\" style=\"padding-bottom: 2px; background-image: url('..\/..\/..\/..\/..\/images\/squiggle_green.png'); background-repeat: repeat-x; background-position: left bottom; cursor: default; color: #000000; font-family: 'Open Sans', Helvetica, Arial, sans-serif; font-size: 16px; font-style: normal; font-variant-ligatures: normal; font-variant-caps: normal; font-weight: 300; letter-spacing: normal; orphans: 2; text-align: start; text-indent: 0px; text-transform: none; white-space: normal; widows: 2; word-spacing: 0px; -webkit-text-stroke-width: 0px; text-decoration-thickness: initial; text-decoration-style: initial; text-decoration-color: initial;\">L&#8217;<\/span>any passat Palafolls va superar l&#8217;aportaci\u00f3 de 1.113,16 euros i aquest any us volem proposar el repte de superar aquesta xifra.<\/p>\n<p>A m\u00e9s a aquesta tercera edici\u00f3 de la Xocolatada Solid\u00e0ria a Palafolls s&#8217;hi suma la proposta dels joves del nostre municipi amb una animaci\u00f3 i exhibici\u00f3 de disfresses!<\/p>\n<p>Amb aquesta proposta i l&#8217;Escape\u00a0<span class=\"hiddenSpellError\">Room<\/span> de l&#8217;endem\u00e0, Palafolls dir\u00e0 arreveure a la setmana de Carnestoltes que de nou esperem que hagi aconseguit dibuixar un somriure a tots els nens i nenes de Palafolls!!!<\/p>\n<p>M\u00e9s informaci\u00f3 de tota la programaci\u00f3 a <a href=\"http:\/\/www.palafolls.cat\" target=\"_blank\" rel=\"noopener\">www.palafolls.cat<\/a><\/p>\n<p>Enguany en l&#8217;organitzaci\u00f3 de la Xocolatada Solid\u00e0ria hi col\u00b7labora: El\u00a0<span class=\"hiddenSpellError\">Tribeca<\/span>, Panacea, El Caf\u00e8,\u00a0<span class=\"hiddenSpellError\">AlimentArt<\/span>, Letona i Xocolates\u00a0<span class=\"hiddenSpellError\">Torras<\/span>.<\/p>\n","protected":false},"excerpt":{"rendered":"<p>Benvolgudes fam\u00edlies, Aquest divendres 25 de febrer de 2022 a partir de les 16:20 h la comunitat educativa de Palafolls i l&#8217;Ajuntament us convida a participar en la Xocolatada Solid\u00e0ria 2022. L&#8217;acte, coliderat per totes les AMPA de Palafolls i l&#8217;Ajuntament, i amb el suport dels centres educatius i de diferents establiments del municipi, vol [&hellip;]<\/p>\n","protected":false},"author":65,"featured_media":20720,"comment_status":"open","ping_status":"closed","sticky":false,"template":"","format":"standard","meta":{"_bbp_topic_count":0,"_bbp_reply_count":0,"_bbp_total_topic_count":0,"_bbp_total_reply_count":0,"_bbp_voice_count":0,"_bbp_anonymous_reply_count":0,"_bbp_topic_count_hidden":0,"_bbp_reply_count_hidden":0,"_bbp_forum_subforum_count":0,"site-sidebar-layout":"default","site-content-layout":"","ast-site-content-layout":"","site-content-style":"default","site-sidebar-style":"default","ast-global-header-display":"","ast-banner-title-visibility":"","ast-main-header-display":"","ast-hfb-above-header-display":"","ast-hfb-below-header-display":"","ast-hfb-mobile-header-display":"","site-post-title":"","ast-breadcrumbs-content":"","ast-featured-img":"","footer-sml-layout":"","theme-transparent-header-meta":"","adv-header-id-meta":"","stick-header-meta":"","header-above-stick-meta":"","header-main-stick-meta":"","header-below-stick-meta":"","astra-migrate-meta-layouts":"default","ast-page-background-enabled":"default","ast-page-background-meta":{"desktop":{"background-color":"var(--ast-global-color-4)","background-image":"","background-repeat":"repeat","background-position":"center center","background-size":"auto","background-attachment":"scroll","background-type":"","background-media":"","overlay-type":"","overlay-color":"","overlay-opacity":"","overlay-gradient":""},"tablet":{"background-color":"","background-image":"","background-repeat":"repeat","background-position":"center center","background-size":"auto","background-attachment":"scroll","background-type":"","background-media":"","overlay-type":"","overlay-color":"","overlay-opacity":"","overlay-gradient":""},"mobile":{"background-color":"","background-image":"","background-repeat":"repeat","background-position":"center center","background-size":"auto","background-attachment":"scroll","background-type":"","background-media":"","overlay-type":"","overlay-color":"","overlay-opacity":"","overlay-gradient":""}},"ast-content-background-meta":{"desktop":{"background-color":"var(--ast-global-color-5)","background-image":"","background-repeat":"repeat","background-position":"center center","background-size":"auto","background-attachment":"scroll","background-type":"","background-media":"","overlay-type":"","overlay-color":"","overlay-opacity":"","overlay-gradient":""},"tablet":{"background-color":"var(--ast-global-color-5)","background-image":"","background-repeat":"repeat","background-position":"center center","background-size":"auto","background-attachment":"scroll","background-type":"","background-media":"","overlay-type":"","overlay-color":"","overlay-opacity":"","overlay-gradient":""},"mobile":{"background-color":"var(--ast-global-color-5)","background-image":"","background-repeat":"repeat","background-position":"center center","background-size":"auto","background-attachment":"scroll","background-type":"","background-media":"","overlay-type":"","overlay-color":"","overlay-opacity":"","overlay-gradient":""}},"footnotes":""},"categories":[22,34,1,4],"tags":[799,933,288],"class_list":["post-20718","post","type-post","status-publish","format-standard","has-post-thumbnail","hentry","category-activitats","category-festes-populars","category-general","category-portada","tag-ajuntament","tag-carnestoles","tag-palafolls"],"post_mailing_queue_ids":[],"_links":{"self":[{"href":"https:\/\/agora.xtec.cat\/ceip-lesferreries-palafolls\/wp-json\/wp\/v2\/posts\/20718","targetHints":{"allow":["GET"]}}],"collection":[{"href":"https:\/\/agora.xtec.cat\/ceip-lesferreries-palafolls\/wp-json\/wp\/v2\/posts"}],"about":[{"href":"https:\/\/agora.xtec.cat\/ceip-lesferreries-palafolls\/wp-json\/wp\/v2\/types\/post"}],"author":[{"embeddable":true,"href":"https:\/\/agora.xtec.cat\/ceip-lesferreries-palafolls\/wp-json\/wp\/v2\/users\/65"}],"replies":[{"embeddable":true,"href":"https:\/\/agora.xtec.cat\/ceip-lesferreries-palafolls\/wp-json\/wp\/v2\/comments?post=20718"}],"version-history":[{"count":1,"href":"https:\/\/agora.xtec.cat\/ceip-lesferreries-palafolls\/wp-json\/wp\/v2\/posts\/20718\/revisions"}],"predecessor-version":[{"id":20721,"href":"https:\/\/agora.xtec.cat\/ceip-lesferreries-palafolls\/wp-json\/wp\/v2\/posts\/20718\/revisions\/20721"}],"wp:featuredmedia":[{"embeddable":true,"href":"https:\/\/agora.xtec.cat\/ceip-lesferreries-palafolls\/wp-json\/wp\/v2\/media\/20720"}],"wp:attachment":[{"href":"https:\/\/agora.xtec.cat\/ceip-lesferreries-palafolls\/wp-json\/wp\/v2\/media?parent=20718"}],"wp:term":[{"taxonomy":"category","embeddable":true,"href":"https:\/\/agora.xtec.cat\/ceip-lesferreries-palafolls\/wp-json\/wp\/v2\/categories?post=20718"},{"taxonomy":"post_tag","embeddable":true,"href":"https:\/\/agora.xtec.cat\/ceip-lesferreries-palafolls\/wp-json\/wp\/v2\/tags?post=20718"}],"curies":[{"name":"wp","href":"https:\/\/api.w.org\/{rel}","templated":true}]}}